{"id":2839,"date":"2020-11-10T10:42:39","date_gmt":"2020-11-10T09:42:39","guid":{"rendered":"http:\/\/www.czechcyclingfederation.com\/?p=2839"},"modified":"2020-11-13T13:24:51","modified_gmt":"2020-11-13T12:24:51","slug":"drahari-zitra-zahajuji-v-plovdivu-me","status":"publish","type":"post","link":"https:\/\/www.czechcyclingfederation.com\/en\/drahari-zitra-zahajuji-v-plovdivu-me\/","title":{"rendered":"Dr\u00e1ha\u0159i z\u00edtra zahajuj\u00ed v Plovdivu ME"},"content":{"rendered":"\n<p>Ji\u017e z\u00edtra se budou v bulharsk\u00e9m Plovdivu rozd\u011blovat prvn\u00ed sady medail\u00ed na evropsk\u00e9m dr\u00e1hov\u00e9m \u0161ampion\u00e1tu. Celkem budou mu\u017ei a \u017eeny bojovat o medaile ve dvaadvaceti discipl\u00edn\u00e1ch, rovn\u00fdm d\u00edlem si jeden\u00e1ct sad medail\u00ed rozd\u011bl\u00ed mu\u017ei i \u017eeny. Mu\u017ei budou z\u00e1vodit ve sprintu, t\u00fdmov\u00e9m sprintu, st\u00edhac\u00edm z\u00e1vodu, st\u00edhac\u00edm z\u00e1vodu dru\u017estev, bodovac\u00edm z\u00e1vodu, scratchi, keirinu, madisonu, omniu, vylu\u010dovac\u00edm z\u00e1vodu a z\u00e1vodu na 1 km s pevn\u00fdm startem. \u017deny maj\u00ed program stejn\u00fd, jen m\u00edsto kilometru jedou 500 m s pevn\u00fdm startem.<\/p>\n\n\n\n<p>Mistrovstv\u00ed se uskute\u010dn\u00ed v nov\u00e9 hale do 15. listopadu a \u010de\u0161t\u00ed jezdci mysl\u00ed na dobr\u00e9 um\u00edst\u011bn\u00ed, ale p\u0159edev\u0161\u00edm jsou spokojeni, \u017ee kone\u010dn\u011b mohou z\u00e1vodit. Konkurence bude tentokr\u00e1t vzhledem ke koronavirov\u00e9 pandemii trochu slab\u0161\u00ed, do Plovdivu nep\u0159ijedou jezdci ze siln\u00fdch zem\u00ed jako Brit\u00e1nie, Nizozem\u00ed, Polska, Francia, ne v pln\u00e9 s\u00edle bude N\u011bmecko \u010di Belgie, z velmoc\u00ed jsou v m\u00edst\u011b ME naopak Rusko \u010di It\u00e1lie.<\/p>\n\n\n\n<p>&#8220;Konkurence nebude sice tak siln\u00e1 a jist\u00e9 \u0161ance ur\u010dit\u011b m\u00e1me. P\u0159edev\u0161\u00edm jsme ale r\u00e1di, \u017ee absolvujeme z\u00e1vody na nich\u017e se m\u016f\u017eeme p\u0159ipravovat a realizovat. Po \u00fasp\u011bchu prahneme, ka\u017ed\u00e1 medaile se po\u010d\u00edt\u00e1 a nikdo se za rok nebude pt\u00e1t kolik bylo \u00fa\u010dastn\u00edk\u016f. D\u016fle\u017eit\u00e9 budou i z\u00edskan\u00e9 body do \u017eeb\u0159\u00ed\u010dku UCI, kter\u00e9 jsou podstatn\u00e9 pro kvalifikaci na Sv\u011btov\u00e9 poh\u00e1ry, pota\u017emo na mistrovstv\u00ed sv\u011bta a tak\u00e9 presti\u017e,&#8221; \u0159ekl jeden z tren\u00e9r\u016f st\u00edha\u010d\u016f Luk\u00e1\u0161 Thun.<\/p>\n\n\n\n<p>Pochvaluje si tak\u00e9 organizaci a zabezpe\u010den\u00ed. &#8220;Je zde c\u00edtit obrovsk\u00e1 podpora cyklistiky, po\u0159adatel\u00e9 jsou r\u00e1di za ka\u017ed\u00e9ho, kdo p\u0159ijede. Dr\u00e1ha pro st\u00edha\u010de je v pohod\u011b, moc p\u011bkn\u00e1,&#8221; pokra\u010doval Thun. Podle jeho slov trojice Denis Rugovac, Daniel Babor a Nicolas Pietrula m\u016f\u017ee&nbsp; myslet vysoko. V \u017eensk\u00e9 \u010d\u00e1sti reprezentace chyb\u00ed zran\u011bn\u00e1 Kate\u0159ina Kohoutkov\u00e1, tak\u017ee vedle velezku\u0161en\u00e9 Jarmily Macha\u010dov\u00e9 pojede Petra \u0160ev\u010d\u00edkov\u00e1. Ta nastoup\u00ed i do t\u00fdmov\u00e9ho sprintu, kde nov\u011b, stejn\u011b jako v mu\u017e\u00edch, z\u00e1vod\u00ed t\u0159i cyklistky a dopln\u00ed tak Veroniku Jaborn\u00edkovou a S\u00e1ru Ka\u0148kovskou.<\/p>\n\n\n\n<p>Na ned\u00e1vn\u00e9m ME U23 vybojoval Martin \u010cechman ve Fiorenzuole zlato ve sprintu a i v Plovdivu m\u016f\u017ee myslet vysoko, nav\u00edc Tom\u00e1\u0161 B\u00e1bek a Ji\u0159\u00ed Jano\u0161ek jsou sprinte\u0159i, kte\u0159\u00ed v minulosti dok\u00e1zali, \u017ee pat\u0159\u00ed ke sv\u011btov\u00e9 \u0161pi\u010dce.<\/p>\n\n\n\n<p>&#8220;Velodrom je n\u00e1dhern\u00fd, mus\u00edm smeknout klobouk. Zem\u011b, kter\u00e1 nem\u00e1 dr\u00e1hovou tradici, tak m\u00e1 velmi d\u016fstojn\u00fd st\u00e1nek. Ov\u00e1l se tv\u00e1\u0159\u00ed, \u017ee je rychl\u00fd, ale to teprve uvid\u00edme v z\u00e1vodech. Pro sprintery je trochu specifick\u00e1 &#8211; pom\u011brn\u011b vysok\u00e1, trochu del\u0161\u00ed zat\u00e1\u010dky a to nen\u00ed trend jak\u00e9 dr\u00e1hy se nyn\u00ed stav\u00ed,&#8221; \u0159ekl tren\u00e9r sprinter\u016f Petr Klime\u0161.<\/p>\n\n\n\n<p>&#8220;P\u0159i absenci z\u00e1vodn\u00edk\u016f n\u011bkter\u00fdch zem\u00ed se \u0161ance na medaile zvedaj\u00ed, ale m\u011b to sp\u00ed\u0161e mrz\u00ed, proto\u017ee kles\u00e1 \u00farove\u0148. Byli bychom asi pokryte\u010dt\u00ed, kdybychom potom z \u00fasp\u011bchu d\u011blali velk\u00fd humbuk. Hlavn\u011b jsme r\u00e1di, \u017e jsme se dostali na z\u00e1vody, na dr\u00e1hu, d\u0159eva jsme si letos moc neu\u017eili. Jsme r\u00e1di, \u017ee si m\u016f\u017eeme zaz\u00e1vodit, situaci bereme takovou, jak\u00e1 je,&#8221; dodal Klime\u0161.<\/p>\n\n\n\n<p>FOTO Luk\u00e1\u0161 Thun, Petr Klime\u0161<\/p>\n\n\n\n<figure class=\"wp-block-image size-large\"><img loading=\"lazy\" decoding=\"async\" width=\"1024\" height=\"576\" src=\"https:\/\/www.czechcyclingfederation.com\/wp-content\/uploads\/2020\/11\/IMG-20201110-WA0003-1024x576.jpg\" alt=\"\" class=\"wp-image-2841\" srcset=\"https:\/\/www.czechcyclingfederation.com\/wp-content\/uploads\/2020\/11\/IMG-20201110-WA0003-1024x576.jpg 1024w, https:\/\/www.czechcyclingfederation.com\/wp-content\/uploads\/2020\/11\/IMG-20201110-WA0003-300x169.jpg 300w, https:\/\/www.czechcyclingfederation.com\/wp-content\/uploads\/2020\/11\/IMG-20201110-WA0003-768x432.jpg 768w, https:\/\/www.czechcyclingfederation.com\/wp-content\/uploads\/2020\/11\/IMG-20201110-WA0003-1536x864.jpg 1536w, https:\/\/www.czechcyclingfederation.com\/wp-content\/uploads\/2020\/11\/IMG-20201110-WA0003-1320x743.jpg 1320w, https:\/\/www.czechcyclingfederation.com\/wp-content\/uploads\/2020\/11\/IMG-20201110-WA0003.jpg 1600w\" sizes=\"auto, (max-width: 1024px) 100vw, 1024px\" \/><\/figure>\n\n\n\n<figure class=\"wp-block-image size-large\"><img loading=\"lazy\" decoding=\"async\" width=\"1024\" height=\"576\" src=\"https:\/\/www.czechcyclingfederation.com\/wp-content\/uploads\/2020\/11\/IMG-20201110-WA0004-1024x576.jpg\" alt=\"\" class=\"wp-image-2842\" srcset=\"https:\/\/www.czechcyclingfederation.com\/wp-content\/uploads\/2020\/11\/IMG-20201110-WA0004-1024x576.jpg 1024w, https:\/\/www.czechcyclingfederation.com\/wp-content\/uploads\/2020\/11\/IMG-20201110-WA0004-300x169.jpg 300w, https:\/\/www.czechcyclingfederation.com\/wp-content\/uploads\/2020\/11\/IMG-20201110-WA0004-768x432.jpg 768w, https:\/\/www.czechcyclingfederation.com\/wp-content\/uploads\/2020\/11\/IMG-20201110-WA0004-1536x864.jpg 1536w, https:\/\/www.czechcyclingfederation.com\/wp-content\/uploads\/2020\/11\/IMG-20201110-WA0004-1320x743.jpg 1320w, https:\/\/www.czechcyclingfederation.com\/wp-content\/uploads\/2020\/11\/IMG-20201110-WA0004.jpg 1600w\" sizes=\"auto, (max-width: 1024px) 100vw, 1024px\" \/><\/figure>\n","protected":false},"excerpt":{"rendered":"<p>Ji\u017e z\u00edtra se budou v bulharsk\u00e9m Plovdivu rozd\u011blovat prvn\u00ed sady medail\u00ed na evropsk\u00e9m dr\u00e1hov\u00e9m \u0161ampion\u00e1tu. Celkem budou mu\u017ei a \u017eeny bojovat o medaile ve dvaadvaceti discipl\u00edn\u00e1ch, rovn\u00fdm d\u00edlem si jeden\u00e1ct sad medail\u00ed rozd\u011bl\u00ed mu\u017ei i \u017eeny. Mu\u017ei budou z\u00e1vodit ve sprintu, t\u00fdmov\u00e9m sprintu, st\u00edhac\u00edm z\u00e1vodu, st\u00edhac\u00edm z\u00e1vodu dru\u017estev, bodovac\u00edm z\u00e1vodu, scratchi, keirinu, madisonu, omniu, vylu\u010dovac\u00edm [&hellip;]<\/p>\n","protected":false},"author":8,"featured_media":2840,"comment_status":"closed","ping_status":"open","sticky":false,"template":"","format":"standard","meta":{"footnotes":""},"categories":[54,2,103],"tags":[9],"class_list":["post-2839","post","type-post","status-publish","format-standard","has-post-thumbnail","hentry","category-draha","category-novinky","category-reprezentace","tag-draha"],"_links":{"self":[{"href":"https:\/\/www.czechcyclingfederation.com\/en\/wp-json\/wp\/v2\/posts\/2839","targetHints":{"allow":["GET"]}}],"collection":[{"href":"https:\/\/www.czechcyclingfederation.com\/en\/wp-json\/wp\/v2\/posts"}],"about":[{"href":"https:\/\/www.czechcyclingfederation.com\/en\/wp-json\/wp\/v2\/types\/post"}],"author":[{"embeddable":true,"href":"https:\/\/www.czechcyclingfederation.com\/en\/wp-json\/wp\/v2\/users\/8"}],"replies":[{"embeddable":true,"href":"https:\/\/www.czechcyclingfederation.com\/en\/wp-json\/wp\/v2\/comments?post=2839"}],"version-history":[{"count":1,"href":"https:\/\/www.czechcyclingfederation.com\/en\/wp-json\/wp\/v2\/posts\/2839\/revisions"}],"predecessor-version":[{"id":2843,"href":"https:\/\/www.czechcyclingfederation.com\/en\/wp-json\/wp\/v2\/posts\/2839\/revisions\/2843"}],"wp:featuredmedia":[{"embeddable":true,"href":"https:\/\/www.czechcyclingfederation.com\/en\/wp-json\/wp\/v2\/media\/2840"}],"wp:attachment":[{"href":"https:\/\/www.czechcyclingfederation.com\/en\/wp-json\/wp\/v2\/media?parent=2839"}],"wp:term":[{"taxonomy":"category","embeddable":true,"href":"https:\/\/www.czechcyclingfederation.com\/en\/wp-json\/wp\/v2\/categories?post=2839"},{"taxonomy":"post_tag","embeddable":true,"href":"https:\/\/www.czechcyclingfederation.com\/en\/wp-json\/wp\/v2\/tags?post=2839"}],"curies":[{"name":"wp","href":"https:\/\/api.w.org\/{rel}","templated":true}]}}