{"id":2821,"date":"2020-11-07T15:41:29","date_gmt":"2020-11-07T14:41:29","guid":{"rendered":"http:\/\/www.czechcyclingfederation.com\/?p=2821"},"modified":"2020-11-10T11:19:16","modified_gmt":"2020-11-10T10:19:16","slug":"nizozemky-na-cyklokrosovem-me-maji-vsechny-medaile","status":"publish","type":"post","link":"https:\/\/www.czechcyclingfederation.com\/en\/nizozemky-na-cyklokrosovem-me-maji-vsechny-medaile\/","title":{"rendered":"Nizozemky na cyklokrosov\u00e9m ME maj\u00ed v\u0161echny medaile"},"content":{"rendered":"\n<p>\u00davodn\u00ed den evropsk\u00e9ho cyklokrosov\u00e9ho \u0161ampion\u00e1tu v&nbsp;nizozemsk\u00e9m Rosmalenu \u017e\u00e1dn\u00e9 velk\u00e9 p\u0159ekvapen\u00ed nep\u0159inesl. Mezi \u017eenami potvrdily svoji suverenitu dom\u00e1c\u00ed z\u00e1vodnice, kter\u00e9 obsadily kompletn\u011b stupn\u011b v\u00edt\u011bzek, kdy\u017e nejlep\u0161\u00ed byla Ceylin del Carmen Alvaradov\u00e1, mezi mu\u017ei U23 ji napodobil krajan Rayn Kamp. Na\u0161i jezdci nesta\u010dili \u2013 Karla \u0160t\u011bp\u00e1nov\u00e1 kon\u010dil dvac\u00e1t\u00e1, \u0160imon Van\u00ed\u010dek jedenadvac\u00e1t\u00fd.&nbsp;<\/p>\n\n\n\n<p>Do n\u011bjak\u00e9ho hodnocen\u00ed se p\u0159\u00edli\u0161 necht\u011blo pou\u0161t\u011bt tren\u00e9ru Petru Dlaskovi. &#8220;Je t\u011b\u017ek\u00e1 koronavirov\u00e1 doba. Chyb\u00ed n\u00e1m z\u00e1vodn\u00ed program a nav\u00edc nen\u00ed v\u00fdkonnost, v\u00edme na \u010dem jsme. V\u00fdsledky nejdou oslniv\u00e9, ale nechci nikoho vyzdvihovat ani hanit, aspo\u0148, \u017ee m\u00e1me lidi, kte\u0159\u00ed to cht\u011bj\u00ed d\u011blat. Kdybychom m\u011bli lep\u0161\u00ed z\u00e1vodn\u00ed program, tak bychom mohli pom\u00fd\u0161let na lep\u0161\u00ed v\u00fdsledky,\u201c \u0159ekl Dlask.<\/p>\n\n\n\n<p>Hned po startu opanovali \u010delo z\u00e1vodu mu\u017e\u016f U23 dom\u00e1c\u00ed Pim Ronhaar, Rayn Kamp a Tim van Dijke, ov\u0161em c\u00edlovou p\u00e1sku prvn\u00edho kola projel prvn\u00ed Angli\u010dan Thomas Mein. Z&nbsp;na\u0161ich byl \u0160imon Van\u00ed\u010dek \u010dtrn\u00e1ct\u00fd, o dv\u011b p\u0159\u00ed\u010dky za n\u00edm jel Jakub \u0158\u00edman. To ji\u017e vep\u0159edu jela \u0161estice jezdc\u016f, kterou doplnili dal\u0161\u00ed dom\u00e1c\u00ed krosa\u0159 Kyle van Dijke a britsk\u00fd jezdec Cameron Mason.<\/p>\n\n\n\n<p>Zat\u00edmco Van\u00ed\u010dek si postaven\u00ed dr\u017eel i ve druh\u00e9m kole, \u0158\u00edman se propadl o deset p\u0159\u00ed\u010dek. V polovin\u011b z\u00e1vodu se na \u010dele osamostatnili Ronhaar a Kamp a bohu\u017eel propadat se za\u010dal i Van\u00ed\u010dek, jeho ztr\u00e1ta po \u010dty\u0159ech kolech narostla na 1:22. Od p\u00e1t\u00e9ho kola byl na \u010dele ji\u017e osamocen\u00fd \u00fa\u0159aduj\u00edc\u00ed mistr sv\u011bta Kamp &#8211; se \u010dtvrtminutov\u00fdm odstupem jeli Mein, Mason a Agterberg, zat\u00edmco dal\u0161\u00ed ztr\u00e1celi v\u00edce. Kamp dokazoval svoji kvalitu v technick\u00fdch \u00fasec\u00edch, ale i n\u00e1ro\u010dn\u00fdch p\u00edskov\u00fdch pas\u00e1\u017e\u00ed a na \u010dele se osamostatnil a ka\u017ed\u00fdm \u0161l\u00e1pnut\u00edm se sv\u00fdm soupe\u0159\u016fm se vzdaloval.<\/p>\n\n\n\n<p>Za n\u00edm se vydali Mein a Mason, kte\u0159\u00ed bojovali o st\u0159\u00edbro, z na\u0161ich Van\u00ed\u010dek bojoval o udr\u017een\u00ed prvn\u00ed dvac\u00edtky. Do z\u00e1v\u011bre\u010dn\u00e9ho okruhu vj\u00ed\u017ed\u011bl Kamp s patn\u00e1ctivte\u0159inov\u00fdm n\u00e1skokem p\u0159ed Masonem, kter\u00fd trochu poodjel sv\u00e9mu krajanovi Meinovi, \u010dtvrt\u00fd Agterberg ji\u017e z boje o medaile vypadl. Mein se v\u0161ak nevzdal a Masona dojel a v&nbsp;z\u00e1v\u011bru se p\u0159ed n\u011bj dostal na st\u0159\u00edbrnou pozici. S\u00edlu nizozemsk\u00e9 reprezentace potvrdili za \u010dtvrt\u00fdm Agterbergem d\u00e1le Ronhaar, van Dijke a Hendrikx. Van\u00ed\u010dek dojel na 21. m\u00edst\u011b, \u0158\u00edman skon\u010dil o \u010dty\u0159i m\u00edsta za n\u00edm.<\/p>\n\n\n\n<p>Ji\u017e p\u0159ed startem z\u00e1vodu \u017eeny bylo prakticky jasn\u00e9, \u017ee o medaile budou bojovat v\u00fdhradn\u011b dom\u00e1c\u00ed z\u00e1vodnice, kter\u00e9 hraj\u00ed ve sv\u011btov\u00e9m ter\u00e9nu prim. A potvrdily to i na okruhu. Na \u010dele se se\u0159adily Lucinda Brandov\u00e1. Ceylin del Carmen Alvaradov\u00e1, Annemarie Worstov\u00e1, Denise Betsemaov\u00e1, Yara Kastelijnov\u00e1 a v \u00favodu s nimi dr\u017eely krok Italka Eva Lechnerov\u00e1 a Sanne Cantov\u00e1 z Belgie. Po prvn\u00edm kole v \u0161estadvaceti\u010dlenn\u00e9m startovn\u00edm poli byly Karla \u0160t\u011bp\u00e1nov\u00e1 t\u0159iadvac\u00e1t\u00e1 a hned za n\u00ed jela Nikola Bajgerov\u00e1.<\/p>\n\n\n\n<p>Ji\u017e po t\u0159etin\u011b z\u00e1vodu byly na \u010dele pouze Alvaradov\u00e1 a Worstov\u00e1, ostatn\u00ed za\u010daly ztr\u00e1cet. Na Cantovou a Lechnerovou se dot\u00e1hla Perrine Clauzelov\u00e1 z Francie, na\u0161e z\u00e1vodnice na nejlep\u0161\u00ed nesta\u010dily a jezdily v z\u00e1v\u011bru startovn\u00edho pole, bve druh\u00e9 polovin\u011b se trochu do tempa se dostala \u0160t\u011bp\u00e1nov\u00e1 a posunula se na konec prvn\u00ed dvac\u00edtky.<\/p>\n\n\n\n<p>Brandov\u00e1 ov\u0161em boj o nejcenn\u011bj\u0161\u00ed kov nevzdala a ve \u010dtvrt\u00e9m okruhu se dot\u00e1hla na sv\u00e9 krajanka na \u010delo z\u00e1vodu. Trio m\u011blo ji\u017e zna\u010dn\u00fd n\u00e1skok a bylo jasn\u00e9, \u017ee o medailistk\u00e1ch je rozhodnuto. V z\u00e1v\u011bru p\u0159edposledn\u00edho kola, kdy\u017e zrychlila Alvaradov\u00e1, p\u0159ece jen trochu za\u010dala ztr\u00e1cet Brandov\u00e1, ov\u0161em Worstov\u00e1 se j\u00ed dr\u017eela. Tak to vydr\u017eelo a\u017e do c\u00edlov\u00e9 rovinky, kde Alvaradov\u00e1 odrazila snahu Worstov\u00e9 a udr\u017eela ji za sv\u00fdmi z\u00e1dy.<\/p>\n\n\n\n<p>V\u00fdsledky:<\/p>\n\n\n\n<p>Mu\u017ei U23:<\/p>\n\n\n\n<p>1.Kamp (Niz.) 51:28, 2. Mein +12, 3. Mason (oba Brit.) +13, 4. Agterberg +56, 5. Ronhaar +1:15, 6. van Dijke (v\u0161ichni Niz.) +1:32, &#8230;21. Van\u00ed\u010dek +3:05, 25. \u0158\u00edman (oba \u010cR) +3:18.<\/p>\n\n\n\n<p>\u017deny elite:<\/p>\n\n\n\n<p>1.Alvaradov\u00e1 40:45, 2. Worstov\u00e1 stejn\u00fd \u010das, 3. Brandov\u00e1 +22, 4. Betsemaov\u00e1 (v\u0161echny Niz.) +55, 5. Clauzelov\u00e1 (Fr.) 1:13, 6. Lechnerov\u00e1 (It.) +1:18, ..20. \u0160t\u011bp\u00e1nov\u00e1 +3:23, 26. Bajgerov\u00e1 (ob\u011b \u010cR) +6:15.<\/p>\n\n\n\n<p>FOTO Ji\u0159\u00ed Hol\u00fd, facebook ME<\/p>\n\n\n\n<figure class=\"wp-block-image size-large\"><img loading=\"lazy\" decoding=\"async\" width=\"1024\" height=\"683\" src=\"https:\/\/www.czechcyclingfederation.com\/wp-content\/uploads\/2020\/11\/EmOP0GLXUAEJAzf-1024x683.jpg\" alt=\"\" class=\"wp-image-2823\" srcset=\"https:\/\/www.czechcyclingfederation.com\/wp-content\/uploads\/2020\/11\/EmOP0GLXUAEJAzf-1024x683.jpg 1024w, https:\/\/www.czechcyclingfederation.com\/wp-content\/uploads\/2020\/11\/EmOP0GLXUAEJAzf-300x200.jpg 300w, https:\/\/www.czechcyclingfederation.com\/wp-content\/uploads\/2020\/11\/EmOP0GLXUAEJAzf-768x512.jpg 768w, https:\/\/www.czechcyclingfederation.com\/wp-content\/uploads\/2020\/11\/EmOP0GLXUAEJAzf-1536x1024.jpg 1536w, https:\/\/www.czechcyclingfederation.com\/wp-content\/uploads\/2020\/11\/EmOP0GLXUAEJAzf-2048x1366.jpg 2048w, https:\/\/www.czechcyclingfederation.com\/wp-content\/uploads\/2020\/11\/EmOP0GLXUAEJAzf-1320x880.jpg 1320w\" sizes=\"auto, (max-width: 1024px) 100vw, 1024px\" \/><\/figure>\n\n\n\n<figure class=\"wp-block-image size-large\"><img loading=\"lazy\" decoding=\"async\" width=\"900\" height=\"506\" src=\"https:\/\/www.czechcyclingfederation.com\/wp-content\/uploads\/2020\/11\/EmOY38QWMAMmmwl.jpg\" alt=\"\" class=\"wp-image-2824\" srcset=\"https:\/\/www.czechcyclingfederation.com\/wp-content\/uploads\/2020\/11\/EmOY38QWMAMmmwl.jpg 900w, https:\/\/www.czechcyclingfederation.com\/wp-content\/uploads\/2020\/11\/EmOY38QWMAMmmwl-300x169.jpg 300w, https:\/\/www.czechcyclingfederation.com\/wp-content\/uploads\/2020\/11\/EmOY38QWMAMmmwl-768x432.jpg 768w\" sizes=\"auto, (max-width: 900px) 100vw, 900px\" \/><\/figure>\n\n\n\n<figure class=\"wp-block-image size-large\"><img loading=\"lazy\" decoding=\"async\" width=\"1024\" height=\"576\" src=\"https:\/\/www.czechcyclingfederation.com\/wp-content\/uploads\/2020\/11\/Bajgerov\u00e1-IMG-20201107-WA0001-Hol\u00fd-1024x576.jpg\" alt=\"\" class=\"wp-image-2825\" srcset=\"https:\/\/www.czechcyclingfederation.com\/wp-content\/uploads\/2020\/11\/Bajgerov\u00e1-IMG-20201107-WA0001-Hol\u00fd-1024x576.jpg 1024w, https:\/\/www.czechcyclingfederation.com\/wp-content\/uploads\/2020\/11\/Bajgerov\u00e1-IMG-20201107-WA0001-Hol\u00fd-300x169.jpg 300w, https:\/\/www.czechcyclingfederation.com\/wp-content\/uploads\/2020\/11\/Bajgerov\u00e1-IMG-20201107-WA0001-Hol\u00fd-768x432.jpg 768w, https:\/\/www.czechcyclingfederation.com\/wp-content\/uploads\/2020\/11\/Bajgerov\u00e1-IMG-20201107-WA0001-Hol\u00fd-1536x864.jpg 1536w, https:\/\/www.czechcyclingfederation.com\/wp-content\/uploads\/2020\/11\/Bajgerov\u00e1-IMG-20201107-WA0001-Hol\u00fd-1320x743.jpg 1320w, https:\/\/www.czechcyclingfederation.com\/wp-content\/uploads\/2020\/11\/Bajgerov\u00e1-IMG-20201107-WA0001-Hol\u00fd.jpg 1600w\" sizes=\"auto, (max-width: 1024px) 100vw, 1024px\" \/><\/figure>\n","protected":false},"excerpt":{"rendered":"<p>\u00davodn\u00ed den evropsk\u00e9ho cyklokrosov\u00e9ho \u0161ampion\u00e1tu v&nbsp;nizozemsk\u00e9m Rosmalenu \u017e\u00e1dn\u00e9 velk\u00e9 p\u0159ekvapen\u00ed nep\u0159inesl. Mezi \u017eenami potvrdily svoji suverenitu dom\u00e1c\u00ed z\u00e1vodnice, kter\u00e9 obsadily kompletn\u011b stupn\u011b v\u00edt\u011bzek, kdy\u017e nejlep\u0161\u00ed byla Ceylin del Carmen Alvaradov\u00e1, mezi mu\u017ei U23 ji napodobil krajan Rayn Kamp. Na\u0161i jezdci nesta\u010dili \u2013 Karla \u0160t\u011bp\u00e1nov\u00e1 kon\u010dil dvac\u00e1t\u00e1, \u0160imon Van\u00ed\u010dek jedenadvac\u00e1t\u00fd.&nbsp; Do n\u011bjak\u00e9ho hodnocen\u00ed se p\u0159\u00edli\u0161 necht\u011blo [&hellip;]<\/p>\n","protected":false},"author":8,"featured_media":2822,"comment_status":"closed","ping_status":"open","sticky":false,"template":"","format":"standard","meta":{"footnotes":""},"categories":[58,2],"tags":[59],"class_list":["post-2821","post","type-post","status-publish","format-standard","has-post-thumbnail","hentry","category-cyklokros","category-novinky","tag-cyklokros"],"_links":{"self":[{"href":"https:\/\/www.czechcyclingfederation.com\/en\/wp-json\/wp\/v2\/posts\/2821","targetHints":{"allow":["GET"]}}],"collection":[{"href":"https:\/\/www.czechcyclingfederation.com\/en\/wp-json\/wp\/v2\/posts"}],"about":[{"href":"https:\/\/www.czechcyclingfederation.com\/en\/wp-json\/wp\/v2\/types\/post"}],"author":[{"embeddable":true,"href":"https:\/\/www.czechcyclingfederation.com\/en\/wp-json\/wp\/v2\/users\/8"}],"replies":[{"embeddable":true,"href":"https:\/\/www.czechcyclingfederation.com\/en\/wp-json\/wp\/v2\/comments?post=2821"}],"version-history":[{"count":2,"href":"https:\/\/www.czechcyclingfederation.com\/en\/wp-json\/wp\/v2\/posts\/2821\/revisions"}],"predecessor-version":[{"id":2848,"href":"https:\/\/www.czechcyclingfederation.com\/en\/wp-json\/wp\/v2\/posts\/2821\/revisions\/2848"}],"wp:featuredmedia":[{"embeddable":true,"href":"https:\/\/www.czechcyclingfederation.com\/en\/wp-json\/wp\/v2\/media\/2822"}],"wp:attachment":[{"href":"https:\/\/www.czechcyclingfederation.com\/en\/wp-json\/wp\/v2\/media?parent=2821"}],"wp:term":[{"taxonomy":"category","embeddable":true,"href":"https:\/\/www.czechcyclingfederation.com\/en\/wp-json\/wp\/v2\/categories?post=2821"},{"taxonomy":"post_tag","embeddable":true,"href":"https:\/\/www.czechcyclingfederation.com\/en\/wp-json\/wp\/v2\/tags?post=2821"}],"curies":[{"name":"wp","href":"https:\/\/api.w.org\/{rel}","templated":true}]}}