{"id":28199,"date":"2024-01-12T21:28:44","date_gmt":"2024-01-12T20:28:44","guid":{"rendered":"https:\/\/www.czechcyclingfederation.com\/?p=28199"},"modified":"2024-01-12T21:33:39","modified_gmt":"2024-01-12T20:33:39","slug":"vones-skoncil-na-drahovem-me-sesty-ve-scratchi","status":"publish","type":"post","link":"https:\/\/www.czechcyclingfederation.com\/en\/vones-skoncil-na-drahovem-me-sesty-ve-scratchi\/","title":{"rendered":"Vone\u0161 skon\u010dil na dr\u00e1hov\u00e9m ME \u0161est\u00fd ve scratchi"},"content":{"rendered":"\n<p>Velmi dob\u0159e si vedli \u010de\u0161t\u00ed jezdci ve t\u0159et\u00edm dnu evropsk\u00e9ho dr\u00e1hov\u00e9ho \u0161ampion\u00e1tu v nizozemsk\u00e9m Apeldoornu. Jan Vone\u0161 vybojoval ve scratchi skv\u011bl\u00e9 \u0161est\u00e9 m\u00edsto a da\u0159ilo se i sprinter\u016f, kdy\u017e Martin \u010cechman obsadil kone\u010dnou\u00a0dev\u00e1tou pozici.<\/p>\n\n\n\n<p>&#8220;Na jednom z\u00e1vod\u011b Sv\u011btov\u00e9ho poh\u00e1ru jsem byl p\u00e1t\u00fd, ale na mistrovstv\u00ed Evropy je to m\u00e9 nejlep\u0161\u00ed vystoupen\u00ed. Trochu jsem bl\u00e1znil na za\u010d\u00e1tku a v z\u00e1v\u011bru mi ji\u017e trochu chyb\u011bly s\u00edly. Byl to m\u016fj t\u0159et\u00ed z\u00e1vod na \u0161ampion\u00e1tu ve t\u0159ech dnech a nohy ji\u017e tak siln\u00e9 nebyly,&#8221; \u0159ekl Jan Vone\u0161.<\/p>\n\n\n\n<p>V kvalifikaci sprintu byl naprosto suver\u00e9nn\u00ed \u010dasem 9,366 Nizozemec Harrie Lavreysen. Martin \u010cechman zajel \u0161est\u00fd \u010das 9,722, postoupil i \u0161estn\u00e1ct\u00fd Dominik Topinka. V prvn\u00edm kole si poradil \u010cechman se Slovincem Eduardem \u017dalarem, Topinka zdolal Mattiu Predoma z It\u00e1lie, ale v osmifin\u00e1le t\u011bsn\u011b podlehl Lavreyssenovi. \u010cechman v soboji s Vasilijusem Lendelem z Litvy projel c\u00edlem ve shodn\u00e9m \u010dase a o postupuj\u00edc\u00edm rozhodla a\u017e c\u00edlov\u00e1 kamera.&nbsp;<\/p>\n\n\n\n<p>&#8220;Martin (\u010cechman) zajel excelentn\u00ed dvoustovku a Dominik (Topinka) se tak\u00e9 dostal pod deset vte\u0159in. V\u00edme tak, \u017ee jdeme spr\u00e1vnou cestou, \u017ee na podzim jsme tr\u00e9novali spr\u00e1vn\u011b. Posunuli jsme se a formu budeme moci z\u00faro\u010dit na dal\u0161\u00edch z\u00e1vodech N\u00b4Cupu. Martin na ME nikdy v kvalifikaci nebyl tak vysoko, nav\u00edc je to v olympijsk\u00e9m roce, a o to je to cenn\u011bj\u0161\u00ed. V boji o postup do \u010dtvrtfin\u00e1le to bylo s Lendelem, kter\u00fd se p\u0159ipravuje v Aigle, o milimetry. Ale dev\u00e1t\u00e9 m\u00edsto hodnot\u00edm velmi kladn\u011b, je to perfektn\u00ed v\u00fdsledek. Topinka narazil bohu\u017eel na Lavreysena, kter\u00e9ho u\u017e dlouho nikdo neporazil, ale zajel tak\u00e9 v\u00fdborn\u011b,&#8221; zhodnotil vystoupen\u00ed sv\u00fdch sv\u011b\u0159enc\u016f tren\u00e9r Petr Klime\u0161.<\/p>\n\n\n\n<p>Petra \u0160ev\u010d\u00edkov\u00e1 za\u010dala omnium 12. m\u00edstem ve scratchi, hodn\u011b si pomohla t\u0159et\u00edm m\u00edstem ve druh\u00e9 discipl\u00edn\u011b tempo race. V n\u00e1sleduj\u00edc\u00edm vylu\u010dovac\u00edm z\u00e1vodu skon\u010dila \u010desk\u00e1 z\u00e1vodnice jeden\u00e1ct\u00e1, ale v\u016fbec ji nevy\u0161la z\u00e1v\u011bre\u010dn\u00e1 bodova\u010dka, kde jako jedna z m\u00e1la nez\u00edskala kolo k dobru a ani se nedok\u00e1zala prosadit v bodovan\u00fdch spurtech, a tak klesla na 13. m\u00edsto.<\/p>\n\n\n\n<p>Scratch mu\u017e\u016f vyhr\u00e1l Portugalec Iuri Leitao, ve fin\u00e1le st\u00edhac\u00edho z\u00e1vodu zdolal Daniel Bingham sv\u00e9ho krajana Charlie Tanfielda. Omnium \u017een ovl\u00e1dla Anita Yvonne Stenbergov\u00e1 a nejlep\u0161\u00ed sprinterkou je Britka Emma Finucaneov\u00e1.<\/p>\n\n\n\n<p>V sobotu budou rozd\u011bleny medaile v z\u00e1vod na 500 m s pevn\u00fdm startem, bodovac\u00edm z\u00e1vodu a vylu\u010dovac\u00edm z\u00e1vodu \u017een, mu\u017ei maj\u00ed na programu omnium a&nbsp;z\u00e1v\u011bre\u010dn\u00e9 j\u00edzdy&nbsp;sprintu.<\/p>\n\n\n\n<p>V\u00fdsledky:<\/p>\n\n\n\n<p>Mu\u017ei:<\/p>\n\n\n\n<p>Scratch:<\/p>\n\n\n\n<p>1. Leitao (Port.), 2. Wafler (Rak.), 3. Hansen (D\u00e1n.), 4,&nbsp;Vernon (Brit.), 5. Mora Vedri (\u0160p.), 6. Vone\u0161 (\u010cR).<\/p>\n\n\n\n<p>St\u00edhac\u00ed z\u00e1vod:<\/p>\n\n\n\n<p>Fin\u00e1le: Bingham 4:05,783 &#8211; Tanfield (oba Brit.) 4:07,777, o 3. m\u00edsto: Pedersen (D\u00e1n.) 4:10,119 &#8211; Buck-Gramcko (N\u011bm.) 4:10,802, 5. Bevort (D\u00e1n.), 6. Triebaud (\u0160v\u00fdc.).<\/p>\n\n\n\n<p>\u017deny:<\/p>\n\n\n\n<p>Omnium:<\/p>\n\n\n\n<p>1. Stenbergov\u00e1 (Nor.) 142, 2. Evansov\u00e1 (Brit.) 136, 3. Fortinov\u00e1 (Fr.) 131, 4. Gillespieov\u00e1 (Ir.) 130, 5. D. Pikulikov\u00e1 (Pol.) 129, 6. Paternosterov\u00e1 (It.) 119, &#8230;13. \u0160ev\u010d\u00edkov\u00e1 (\u010cR) 74.<\/p>\n\n\n\n<p>Sprint:<\/p>\n\n\n\n<p>Fin\u00e1le: Finucaneov\u00e1 (Brit.) &#8211; Friedrichov\u00e1 (N\u011bm.) 2:0, o 3. m\u00edsto: Hinzeov\u00e1 (N\u011bm.) &#8211; Grosov\u00e1 (Fr.) 2:0, &#8230;13. V. Jaborn\u00edkov\u00e1, 18. Mik\u0161an\u00edkov\u00e1 (ob\u011b \u010cR).<\/p>\n","protected":false},"excerpt":{"rendered":"<p>Velmi dob\u0159e si vedli \u010de\u0161t\u00ed jezdci ve t\u0159et\u00edm dnu evropsk\u00e9ho dr\u00e1hov\u00e9ho \u0161ampion\u00e1tu v nizozemsk\u00e9m Apeldoornu. Jan Vone\u0161 vybojoval ve scratchi skv\u011bl\u00e9 \u0161est\u00e9 m\u00edsto a da\u0159ilo se i sprinter\u016f, kdy\u017e Martin \u010cechman obsadil kone\u010dnou\u00a0dev\u00e1tou pozici. &#8220;Na jednom z\u00e1vod\u011b Sv\u011btov\u00e9ho poh\u00e1ru jsem byl p\u00e1t\u00fd, ale na mistrovstv\u00ed Evropy je to m\u00e9 nejlep\u0161\u00ed vystoupen\u00ed. Trochu jsem bl\u00e1znil na [&hellip;]<\/p>\n","protected":false},"author":8,"featured_media":28200,"comment_status":"closed","ping_status":"open","sticky":false,"template":"","format":"standard","meta":{"footnotes":""},"categories":[54,2],"tags":[9],"class_list":["post-28199","post","type-post","status-publish","format-standard","has-post-thumbnail","hentry","category-draha","category-novinky","tag-draha"],"_links":{"self":[{"href":"https:\/\/www.czechcyclingfederation.com\/en\/wp-json\/wp\/v2\/posts\/28199","targetHints":{"allow":["GET"]}}],"collection":[{"href":"https:\/\/www.czechcyclingfederation.com\/en\/wp-json\/wp\/v2\/posts"}],"about":[{"href":"https:\/\/www.czechcyclingfederation.com\/en\/wp-json\/wp\/v2\/types\/post"}],"author":[{"embeddable":true,"href":"https:\/\/www.czechcyclingfederation.com\/en\/wp-json\/wp\/v2\/users\/8"}],"replies":[{"embeddable":true,"href":"https:\/\/www.czechcyclingfederation.com\/en\/wp-json\/wp\/v2\/comments?post=28199"}],"version-history":[{"count":2,"href":"https:\/\/www.czechcyclingfederation.com\/en\/wp-json\/wp\/v2\/posts\/28199\/revisions"}],"predecessor-version":[{"id":28203,"href":"https:\/\/www.czechcyclingfederation.com\/en\/wp-json\/wp\/v2\/posts\/28199\/revisions\/28203"}],"wp:featuredmedia":[{"embeddable":true,"href":"https:\/\/www.czechcyclingfederation.com\/en\/wp-json\/wp\/v2\/media\/28200"}],"wp:attachment":[{"href":"https:\/\/www.czechcyclingfederation.com\/en\/wp-json\/wp\/v2\/media?parent=28199"}],"wp:term":[{"taxonomy":"category","embeddable":true,"href":"https:\/\/www.czechcyclingfederation.com\/en\/wp-json\/wp\/v2\/categories?post=28199"},{"taxonomy":"post_tag","embeddable":true,"href":"https:\/\/www.czechcyclingfederation.com\/en\/wp-json\/wp\/v2\/tags?post=28199"}],"curies":[{"name":"wp","href":"https:\/\/api.w.org\/{rel}","templated":true}]}}