{"id":28117,"date":"2024-01-07T18:22:13","date_gmt":"2024-01-07T17:22:13","guid":{"rendered":"https:\/\/www.czechcyclingfederation.com\/?p=28117"},"modified":"2024-01-07T18:24:26","modified_gmt":"2024-01-07T17:24:26","slug":"cyklokrosarka-zemanova-dojela-na-sp-v-zonhovenu-pata","status":"publish","type":"post","link":"https:\/\/www.czechcyclingfederation.com\/en\/cyklokrosarka-zemanova-dojela-na-sp-v-zonhovenu-pata\/","title":{"rendered":"Cyklokrosa\u0159ka Zemanov\u00e1 dojela na SP v Zonhovenu p\u00e1t\u00e1"},"content":{"rendered":"\n<p>Po\u0161est\u00e9, p\u0159i sv\u00e9m osm\u00e9m startu, skon\u010dila \u010desk\u00e1 cyklokrosov\u00e1 jedni\u010dka Krist\u00fdna Zemanov\u00e1 v\u00a0leto\u0161n\u00edm seri\u00e1lu Sv\u011btov\u00e9ho poh\u00e1ru v\u00a0elitn\u00ed des\u00edtce. Po \u010dtvrt\u00e9m m\u00edst\u011b ve Val di Sole dnes vybojovala sv\u00e9 druh\u00e9 nejlep\u0161\u00ed um\u00edst\u011bn\u00ed, kdy\u017e v belgick\u00e9m Zonhovenu skon\u010dila ve dvan\u00e1ct\u00e9m z\u00e1vodu seri\u00e1lu na p\u00e1t\u00e9m m\u00edst\u011b. Pot\u0159et\u00ed v\u00a0\u0159ad\u011b se z\u00a0prvenstv\u00ed radovala Nizozemka Puck Pietersov\u00e1. Mezi mu\u017ei kraloval jej\u00ed krajan Mathieu van der Poel z\u00a0Nizozemska, Michael Boro\u0161 skon\u010dil \u0161estn\u00e1ct\u00fd.<\/p>\n\n\n\n<p>Pietersov\u00e1 m\u011bla hned v prvn\u00edm kole defekt a toho vyu\u017eila hlavn\u011b jej\u00ed krajanka, zku\u0161en\u00e1 Lucinda Brandov\u00e1. Okam\u017eit\u011b nastoupila a c\u00edlem prvn\u00edho okruhu projela osamocen\u011b na \u010dele. Ov\u0161em p\u0159ed polovinou z\u00e1vodu po jednom z p\u00eds\u010dit\u00fdch sjezd\u016f m\u011bla t\u011b\u017ek\u00fd p\u00e1d, obli\u010dejem dopadla na tvrd\u00fd podklad a se zlomen\u00fdm nosem pro ni z\u00e1vod skon\u010dil.<\/p>\n\n\n\n<p>Do \u010dela se rychle vr\u00e1tila Pietersov\u00e1 a \u017e\u00e1dn\u00e9 ze soupe\u0159ek ji\u017e nedala \u0161anci. Zemanov\u00e1 jela s&nbsp;klidem, po prvn\u00edm kole byla osm\u00e1. Od t\u0159et\u00edho okruhu jezdila ve skupince spolu s Nizozemkami Bentveldovou, Worstovou a Verdonschotovou z&nbsp;Belgie a bojovaly o \u010dtvrt\u00e9 a\u017e sedm\u00e9 m\u00edsto. V p\u00e1t\u00e9m ze \u0161esti kol za\u010dala ztr\u00e1cet Bentveldov\u00e1 a naopak souboj pro sebe se pokou\u0161ela rozhodnout na\u0161e z\u00e1vodnice. Do posledn\u00edho kola naj\u00ed\u017ed\u011bla s mal\u00fdm n\u00e1skokem, ale soupe\u0159ky ji dojely. Pak za\u00fato\u010dila Worstov\u00e1 a naopak Zemanov\u00e1 ztr\u00e1cela. V z\u00e1v\u011bru v\u0161ak zmobilizovala s\u00edly a dok\u00e1zala Belgi\u010danku p\u0159edstihnout. Mlad\u00e1 Julia Kopeck\u00e1 jela v za\u010d\u00e1tku kolem dvac\u00e1t\u00e9 pozice, ale pak se postupn\u011b propadala a z\u00e1vod dokon\u010dila na 33. m\u00edst\u011b, o \u010dty\u0159i m\u00edsta za n\u00ed dojela B\u00e1ra Je\u0159\u00e1bkov\u00e1.&nbsp;&nbsp;&nbsp;<\/p>\n\n\n\n<p>&#8220;M\u011b se to dneska hodn\u011b l\u00edbilo, rozhodn\u011b to bylo lep\u0161\u00ed jak vloni, kdy jsem se tady vyv\u00e1lela. Proto jsem m\u011bla tro\u0161ku respekt, ale nakonec v\u0161e bylo v pohod\u011b a bez p\u00e1du. C\u00edtila jsem se skv\u011ble a jezdila sp\u00ed\u0161e na jistotu a s rozvahou. Siln\u00e1 jsem byla ve v\u00fdjezdech a rovin\u00e1ch, tam jsem se c\u00edtila fakt dob\u0159e. Spokojen\u00e1 jsem s v\u00fdsledkem i v\u00fdkonem,&#8221; \u0159ekla Krist\u00fdna Zemanov\u00e1.<\/p>\n\n\n\n<p>Mezi mu\u017ei to byl obvykl\u00fd sc\u00e9n\u00e1\u0159 kdy\u017e byl na startu van der Poel. Dv\u011b kola klid a pot\u00e9 atak nizozemsk\u00e9ho jezdce. Bleskov\u011b soupe\u0159\u016fm uk\u00e1zal z\u00e1da a dojel si pro des\u00e1t\u00e9 v\u00edt\u011bzstv\u00ed v\u00a0sezon\u011b. Za n\u00edm jezdila \u010dty\u0159\u010dlenn\u00e1 skupina. Jeho krajan\u00e9\u00a0Ronhaar a Nieuwenhuis a dva Belgi\u010dan\u00e9 Laurens Sweeck a Vandebosch. Tak to vydr\u017eelo a\u017e do sedm\u00e9ho okruhu v\u00a0n\u011bm\u017e potkal p\u00e1d Vandebosche. Ze zbyl\u00e9 trojice m\u011bl v\u00a0z\u00e1v\u011bru nejv\u00edce sil Nieuwenhuis, kter\u00fd tak z\u00edskal 30 bod\u016f do hodnocen\u00ed SP a sn\u00ed\u017eil o deset bod\u016f svoji ztr\u00e1tu na vedouc\u00edho Eli Iserbyta z\u00a0Belgie, kter\u00fd se dnes protr\u00e1pil k\u00a0\u0161est\u00e9 pozici.<\/p>\n\n\n\n<p>Velmi dobr\u00fd z\u00e1vod zajel Boro\u0161. V&nbsp;prvn\u00edm kole m\u011bl sice probl\u00e9my a do druh\u00e9ho kola vj\u00ed\u017ed\u011bl na 25. m\u00edst\u011b, ale pak p\u0159\u00edkladn\u011b bojoval, neust\u00e1le se posouval startovn\u00edm polem kup\u0159edu a dojel \u0161estn\u00e1ct\u00fd, prvn\u00ed z&nbsp;krosa\u0159\u016f ze zem\u00ed mimo Beglii a Nizozemska.&nbsp;&nbsp;&nbsp;&nbsp;&nbsp;<\/p>\n\n\n\n<p>&nbsp;V\u00fdsledky:<\/p>\n\n\n\n<p>\u017deny:<\/p>\n\n\n\n<p>1. Pietersov\u00e1 51:39, 2. van der Heijdenov\u00e1 (ob\u011b Niz.) +24, 3. Backstedtov\u00e1 (Brit.) +41, 4. Worstov\u00e1 (Niz.) +1:19, 5. Zemanov\u00e1 (\u010cR) +1:24, 6. Verdonschotov\u00e1 (Belg.) +1:29, &#8230;33. Kopeck\u00e1 +7:14, 37. Je\u0159\u00e1bkov\u00e1 (ob\u011b \u010cR) +8:16.<\/p>\n\n\n\n<p>Po\u0159ad\u00ed po dvan\u00e1cti z\u00e1vodech:<\/p>\n\n\n\n<p>1.Alvaradov\u00e1 (Niz.) 312, 2. Pietersov\u00e1 260, 3. Brandov\u00e1 (Niz.) 237, 4. van der Heijdenov\u00e1 214, 5. Bakkerov\u00e1 200, 6. Bentveldov\u00e1 (ob\u011b Niz.) 193, &#8230;13. Zemanov\u00e1 126, 38. Hlad\u00edkov\u00e1 (\u010cR) 17, 49. Kopeck\u00e1 11, 59. Je\u0159\u00e1bkov\u00e1 8, 60. Van\u00ed\u010dkov\u00e1 (\u010cR) 7.<\/p>\n\n\n\n<p>Mu\u017ei:<\/p>\n\n\n\n<p>1. M. van der Poel 59:35, 2. Nieuwenhuis (oba Niz.) +20, 3. L. Sweeck (Belg.) +22, 4. Ronhaar (Niz.) +29, 5. Vandebosch +59, 6. Iserbyt (oba Belg.) +1:11, &#8230;16. Boro\u0161 +2:36, 52. \u0158\u00edman -3 kola, Jind\u0159ich (v\u0161ichni \u010cR) nedokon\u010dil.<\/p>\n\n\n\n<p>Po\u0159ad\u00ed po dvan\u00e1cti z\u00e1vodech:<\/p>\n\n\n\n<p>1. Iserbyt 295, 2. Nieuwenhuis 270, 3. Ronhaar 260, 4. van der Haar (Niz.) 255, 5. Vandeputte (Belg.) 209, 6. L. Sweeck 201, &#8230;24. Boro\u0161 66.<\/p>\n","protected":false},"excerpt":{"rendered":"<p>Po\u0161est\u00e9, p\u0159i sv\u00e9m osm\u00e9m startu, skon\u010dila \u010desk\u00e1 cyklokrosov\u00e1 jedni\u010dka Krist\u00fdna Zemanov\u00e1 v\u00a0leto\u0161n\u00edm seri\u00e1lu Sv\u011btov\u00e9ho poh\u00e1ru v\u00a0elitn\u00ed des\u00edtce. Po \u010dtvrt\u00e9m m\u00edst\u011b ve Val di Sole dnes vybojovala sv\u00e9 druh\u00e9 nejlep\u0161\u00ed um\u00edst\u011bn\u00ed, kdy\u017e v belgick\u00e9m Zonhovenu skon\u010dila ve dvan\u00e1ct\u00e9m z\u00e1vodu seri\u00e1lu na p\u00e1t\u00e9m m\u00edst\u011b. Pot\u0159et\u00ed v\u00a0\u0159ad\u011b se z\u00a0prvenstv\u00ed radovala Nizozemka Puck Pietersov\u00e1. Mezi mu\u017ei kraloval jej\u00ed krajan [&hellip;]<\/p>\n","protected":false},"author":8,"featured_media":28121,"comment_status":"closed","ping_status":"open","sticky":false,"template":"","format":"standard","meta":{"footnotes":""},"categories":[58,2],"tags":[59],"class_list":["post-28117","post","type-post","status-publish","format-standard","has-post-thumbnail","hentry","category-cyklokros","category-novinky","tag-cyklokros"],"_links":{"self":[{"href":"https:\/\/www.czechcyclingfederation.com\/en\/wp-json\/wp\/v2\/posts\/28117","targetHints":{"allow":["GET"]}}],"collection":[{"href":"https:\/\/www.czechcyclingfederation.com\/en\/wp-json\/wp\/v2\/posts"}],"about":[{"href":"https:\/\/www.czechcyclingfederation.com\/en\/wp-json\/wp\/v2\/types\/post"}],"author":[{"embeddable":true,"href":"https:\/\/www.czechcyclingfederation.com\/en\/wp-json\/wp\/v2\/users\/8"}],"replies":[{"embeddable":true,"href":"https:\/\/www.czechcyclingfederation.com\/en\/wp-json\/wp\/v2\/comments?post=28117"}],"version-history":[{"count":1,"href":"https:\/\/www.czechcyclingfederation.com\/en\/wp-json\/wp\/v2\/posts\/28117\/revisions"}],"predecessor-version":[{"id":28120,"href":"https:\/\/www.czechcyclingfederation.com\/en\/wp-json\/wp\/v2\/posts\/28117\/revisions\/28120"}],"wp:featuredmedia":[{"embeddable":true,"href":"https:\/\/www.czechcyclingfederation.com\/en\/wp-json\/wp\/v2\/media\/28121"}],"wp:attachment":[{"href":"https:\/\/www.czechcyclingfederation.com\/en\/wp-json\/wp\/v2\/media?parent=28117"}],"wp:term":[{"taxonomy":"category","embeddable":true,"href":"https:\/\/www.czechcyclingfederation.com\/en\/wp-json\/wp\/v2\/categories?post=28117"},{"taxonomy":"post_tag","embeddable":true,"href":"https:\/\/www.czechcyclingfederation.com\/en\/wp-json\/wp\/v2\/tags?post=28117"}],"curies":[{"name":"wp","href":"https:\/\/api.w.org\/{rel}","templated":true}]}}