{"id":2811,"date":"2020-11-04T16:14:53","date_gmt":"2020-11-04T15:14:53","guid":{"rendered":"http:\/\/www.czechcyclingfederation.com\/?p=2811"},"modified":"2020-11-05T17:46:30","modified_gmt":"2020-11-05T16:46:30","slug":"zemrel-jaroslav-lacina","status":"publish","type":"post","link":"https:\/\/www.czechcyclingfederation.com\/en\/zemrel-jaroslav-lacina\/","title":{"rendered":"Zem\u0159el Jaroslav Lacina"},"content":{"rendered":"\n<p>Ve v\u011bku p\u011btaosmdes\u00e1ti let opustil cyklistick\u00fd peloton Jaroslav Lacina. Tren\u00e9r, funkcion\u00e1\u0159, nestor kol\u00ednsk\u00e9 a \u010deskoslovensk\u00e9 cyklistiky, cyklistick\u00fd matadora zem\u0159el 2. listopadu ve Svobod\u011b nad \u00dapou.<\/p>\n\n\n\n<p>Jeho jm\u00e9no k \u010desk\u00e9 cyklistice neodmysliteln\u011b pat\u0159\u00ed. P\u0159i jeho vysloven\u00ed se ur\u010dit\u011b mnoh\u00fdm adept\u016fm tohoto sportu vybav\u00ed hodiny a hodiny d\u0159iny, kter\u00e1 v\u017edy byla ned\u00edlnou sou\u010d\u00e1st\u00ed jeho tr\u00e9nink\u016f na suchu, ve vod\u011b i ve vzduchu. Jm\u00e9no tren\u00e9ra a funkcion\u00e1\u0159e Jaroslava Laciny do cyklistick\u00e9 terminologie pat\u0159\u00ed stejn\u011b jako pojmy intervalov\u00fd tr\u00e9nink, boty lacinovky, Klepe\u0165\u00e1k a plno dal\u0161\u00edch cyklistick\u00fdch za\u017eit\u00fdch hl\u00e1\u0161ek.<\/p>\n\n\n\n<p>Jm\u00e9no starej L\u00e1ca (d\u011bdek) je zn\u00e1m\u00e9 taky ve spojitosti s n\u011bkter\u00fdmi ikonami \u010desk\u00e9ho cyklistick\u00e9ho prost\u0159ed\u00ed jako jsou Milo\u0161 Fi\u0161era, Radom\u00edr \u0160im\u016fnek, Jan Slav\u00ed\u010dek, V\u00e1clav Je\u017eek spousta dal\u0161\u00edch. V\u0161ichni ti co pro\u0161li jeho rukama si jist\u011b vybav\u00ed, jak proch\u00e1zeli jeho p\u0159\u00edpravn\u00fdm v\u00fdcvikov\u00fdm t\u00e1borem.<\/p>\n\n\n\n<p>Do posledn\u00ed chv\u00edle ve sv\u00e9m cyklistick\u00e9m d\u016fchodu sledoval na\u0161e i sv\u011btov\u00e9 cyklistick\u00e9 d\u011bn\u00ed a ka\u017edou chv\u00edli v r\u00e1mci sv\u00fdch mo\u017enost\u00ed vstupoval do tr\u00e9ninkov\u00fdch proces\u016f n\u011bkter\u00fdch jednotlivc\u016f, \u010di odd\u00edl\u016f. Sv\u016fj posledn\u00ed z\u00e1vod zakon\u010dil v pond\u011bl\u00ed nejt\u011b\u017e\u0161\u00ed etapou ve Svobod\u011b nad \u00dapou v s\u00f3lov\u00e9m \u00faniku.<\/p>\n\n\n\n<p>Rozlou\u010den\u00ed s Jaroslavem Lacinou bude tento p\u00e1tek v kruhu rodinn\u00e9m v Kol\u00edn\u011b, ale jeho syn m\u00e1 v pl\u00e1nu pietn\u00ed rozlou\u010den\u00ed sm\u011b\u0159ovan\u00e9 na jeho sv\u00e1tek 27. dubna p\u0159\u00ed\u0161t\u00edho roku.<\/p>\n\n\n\n<p>FOTO archiv J. Laciny<\/p>\n\n\n\n<figure class=\"wp-block-image size-large is-resized\"><img loading=\"lazy\" decoding=\"async\" src=\"https:\/\/www.czechcyclingfederation.com\/wp-content\/uploads\/2020\/11\/Laca2.jpg\" alt=\"\" class=\"wp-image-2813\" width=\"558\" height=\"367\"\/><\/figure>\n\n\n\n<figure class=\"wp-block-image size-large\"><img loading=\"lazy\" decoding=\"async\" width=\"1024\" height=\"768\" src=\"https:\/\/www.czechcyclingfederation.com\/wp-content\/uploads\/2020\/11\/Laca-Svoboda-1024x768.jpg\" alt=\"\" class=\"wp-image-2814\" srcset=\"https:\/\/www.czechcyclingfederation.com\/wp-content\/uploads\/2020\/11\/Laca-Svoboda-1024x768.jpg 1024w, https:\/\/www.czechcyclingfederation.com\/wp-content\/uploads\/2020\/11\/Laca-Svoboda-267x200.jpg 267w, https:\/\/www.czechcyclingfederation.com\/wp-content\/uploads\/2020\/11\/Laca-Svoboda-768x576.jpg 768w, https:\/\/www.czechcyclingfederation.com\/wp-content\/uploads\/2020\/11\/Laca-Svoboda.jpg 1057w\" sizes=\"auto, (max-width: 1024px) 100vw, 1024px\" \/><\/figure>\n\n\n\n<figure class=\"wp-block-image size-large\"><img loading=\"lazy\" decoding=\"async\" width=\"197\" height=\"256\" src=\"https:\/\/www.czechcyclingfederation.com\/wp-content\/uploads\/2020\/11\/Laca3-1.jpg\" alt=\"\" class=\"wp-image-2816\" srcset=\"https:\/\/www.czechcyclingfederation.com\/wp-content\/uploads\/2020\/11\/Laca3-1.jpg 197w, https:\/\/www.czechcyclingfederation.com\/wp-content\/uploads\/2020\/11\/Laca3-1-154x200.jpg 154w\" sizes=\"auto, (max-width: 197px) 100vw, 197px\" \/><\/figure>\n","protected":false},"excerpt":{"rendered":"<p>Ve v\u011bku p\u011btaosmdes\u00e1ti let opustil cyklistick\u00fd peloton Jaroslav Lacina. Tren\u00e9r, funkcion\u00e1\u0159, nestor kol\u00ednsk\u00e9 a \u010deskoslovensk\u00e9 cyklistiky, cyklistick\u00fd matadora zem\u0159el 2. listopadu ve Svobod\u011b nad \u00dapou. Jeho jm\u00e9no k \u010desk\u00e9 cyklistice neodmysliteln\u011b pat\u0159\u00ed. P\u0159i jeho vysloven\u00ed se ur\u010dit\u011b mnoh\u00fdm adept\u016fm tohoto sportu vybav\u00ed hodiny a hodiny d\u0159iny, kter\u00e1 v\u017edy byla ned\u00edlnou sou\u010d\u00e1st\u00ed jeho tr\u00e9nink\u016f na suchu, [&hellip;]<\/p>\n","protected":false},"author":8,"featured_media":2813,"comment_status":"closed","ping_status":"open","sticky":false,"template":"","format":"standard","meta":{"footnotes":""},"categories":[58,6,2,33],"tags":[59,10],"class_list":["post-2811","post","type-post","status-publish","format-standard","has-post-thumbnail","hentry","category-cyklokros","category-mtb","category-novinky","category-osobnosti-cyklistiky","tag-cyklokros","tag-mtb"],"_links":{"self":[{"href":"https:\/\/www.czechcyclingfederation.com\/en\/wp-json\/wp\/v2\/posts\/2811","targetHints":{"allow":["GET"]}}],"collection":[{"href":"https:\/\/www.czechcyclingfederation.com\/en\/wp-json\/wp\/v2\/posts"}],"about":[{"href":"https:\/\/www.czechcyclingfederation.com\/en\/wp-json\/wp\/v2\/types\/post"}],"author":[{"embeddable":true,"href":"https:\/\/www.czechcyclingfederation.com\/en\/wp-json\/wp\/v2\/users\/8"}],"replies":[{"embeddable":true,"href":"https:\/\/www.czechcyclingfederation.com\/en\/wp-json\/wp\/v2\/comments?post=2811"}],"version-history":[{"count":3,"href":"https:\/\/www.czechcyclingfederation.com\/en\/wp-json\/wp\/v2\/posts\/2811\/revisions"}],"predecessor-version":[{"id":2820,"href":"https:\/\/www.czechcyclingfederation.com\/en\/wp-json\/wp\/v2\/posts\/2811\/revisions\/2820"}],"wp:featuredmedia":[{"embeddable":true,"href":"https:\/\/www.czechcyclingfederation.com\/en\/wp-json\/wp\/v2\/media\/2813"}],"wp:attachment":[{"href":"https:\/\/www.czechcyclingfederation.com\/en\/wp-json\/wp\/v2\/media?parent=2811"}],"wp:term":[{"taxonomy":"category","embeddable":true,"href":"https:\/\/www.czechcyclingfederation.com\/en\/wp-json\/wp\/v2\/categories?post=2811"},{"taxonomy":"post_tag","embeddable":true,"href":"https:\/\/www.czechcyclingfederation.com\/en\/wp-json\/wp\/v2\/tags?post=2811"}],"curies":[{"name":"wp","href":"https:\/\/api.w.org\/{rel}","templated":true}]}}