{"id":28105,"date":"2023-12-30T21:10:28","date_gmt":"2023-12-30T20:10:28","guid":{"rendered":"https:\/\/www.czechcyclingfederation.com\/?p=28105"},"modified":"2023-12-30T21:10:32","modified_gmt":"2023-12-30T20:10:32","slug":"cyklokrosovy-sp-v-hulstu-zemanova-v-elitni-desitce","status":"publish","type":"post","link":"https:\/\/www.czechcyclingfederation.com\/en\/cyklokrosovy-sp-v-hulstu-zemanova-v-elitni-desitce\/","title":{"rendered":"Cyklokrosov\u00fd SP v\u00a0Hulstu &#8211; Zemanov\u00e1 v elitn\u00ed des\u00edtce\u00a0"},"content":{"rendered":"\n<p>Nejlep\u0161\u00edm v\u00fdsledkem \u010desk\u00fdch jezdc\u016f v&nbsp;jeden\u00e1ct\u00e9m z\u00e1vodu seri\u00e1lu Sv\u011btov\u00e9ho poh\u00e1ru bylo dnes v&nbsp;nizozemsk\u00e9m Hulstu des\u00e1t\u00e9 m\u00edsto Krist\u00fdny Zemanov\u00e9. Z mu\u017e\u016f Michael Boro\u0161 skon\u010dil dvaadvac\u00e1t\u00fd. V\u00edt\u011bzstv\u00ed vybojovali Mathie van der Poel, mezi \u017eenami byla nejlep\u0161\u00ed jeho krajanka Puck Pietersov\u00e1.<\/p>\n\n\n\n<p>Na dom\u00e1c\u00ed trati triumfovali Nizozemci, v obou kategori\u00edch obsadili prvn\u00ed \u010dty\u0159i m\u00edsta. Za van der Poelem skon\u010dili Joris Nieuwenhuis, Lars van der Haar a Pim Ronhaar. V elitn\u00ed des\u00edtce jich bylo \u0161est a nejlep\u0161\u00ed z ostatn\u00edch byl p\u00e1t\u00fd Wout van Aert.<\/p>\n\n\n\n<p>Na startu byla op\u011bt kompletn\u00ed trojice nejlep\u0161\u00edch, ale van Aert a i Brit Thomas Pidcock m\u011bli dnes velkou sm\u016flu. Pidcock poh\u0159bil v\u0161echny nad\u011bje po p\u00e1du hned v prvn\u00ed zat\u00e1\u010dce, van Aert dva okruhy jel ve vedouc\u00ed skupin\u011b, ale spadl\u00fd \u0159et\u011bz a pozd\u011bji defekt jej poslaly do hloubi pole, na z\u00e1v\u011br t\u0159et\u00ed des\u00edtky. P\u0159esto skv\u011blou st\u00edhac\u00ed j\u00edzdou vybojoval v\u00fdborn\u00e9 p\u00e1t\u00e9 m\u00edsto. Van der Poel si dojel pro sedm\u00e9 prvenstv\u00ed v sezon\u011b v \u0159ad\u011b op\u011bt suver\u00e9nn\u011b. Od t\u0159et\u00edho kola jezdil osamostatn\u011bn na \u010dele a jen si kontroloval n\u00e1skok.&nbsp;<\/p>\n\n\n\n<p>Boro\u0161 byl po prvn\u00edm kole p\u011btadvac\u00e1t\u00e1, pozd\u011bji se dostal na patn\u00e1ct\u00e9 m\u00edsto, ale v z\u00e1v\u011bre\u010dn\u00fdch okruz\u00edch tempo neudr\u017eel a klesl na 22. m\u00edsto. Zden\u011bk \u0160tybar st\u00e1l na startu a\u017e v jeden\u00e1ct\u00e9 \u0159ad\u011b a na takto technick\u00e9 trati to m\u011bl nesm\u00edrn\u011b t\u011b\u017ek\u00e9. Postupn\u011b se prokousal na 35. m\u00edsto, nakonec dojel na 43. pozici.&nbsp;<\/p>\n\n\n\n<p>&#8220;Norm\u00e1ln\u011b se na sv\u011btov\u00fd \u0161ampion\u00e1t p\u0159ipravuji jak to jde. Ale zde startovat z tak zadn\u00edch pozic nen\u00ed ide\u00e1ln\u00ed, a proto m\u011b to nijak moc nebavilo. Tra\u0165 byla \u00fazk\u00e1 a technick\u00e1 a to se p\u0159edj\u00ed\u017ed\u00ed t\u011b\u017eko. Forma ale mysl\u00edm nen\u00ed tak \u0161patn\u00e1 a uvid\u00edme kam se to je\u0161t\u011b posune,&#8221; \u0159ekl Zden\u011bk \u0160tybar<\/p>\n\n\n\n<p>Zemanov\u00e1 se kolem des\u00e1t\u00e9ho m\u00edsta pohybovala prakticky cel\u00fd z\u00e1vod a bylo na ni asi i trochu vid\u011bt, \u017ee v noh\u00e1ch m\u00e1 p\u00e1te\u010dn\u00ed z\u00e1vod v Leonhoutu, kde to bylo hodn\u011b n\u00e1ro\u010dn\u00e9. Ale i tak podle reprezenta\u010dn\u00edho kou\u010de Petra Klou\u010dka zajela p\u011bkn\u00fd z\u00e1vod. &#8220;J\u00e1 jsem spokojen\u00e1. Vzhledem k tomu, \u017ee v\u010dera jsem jela v Loenhoutu jako jedna z&nbsp;m\u00e1la, tak i v\u00fdsledek je dobr\u00fd. T\u0159i z\u00e1vody po tr\u00e9ninkov\u00e9 pauze se povedly, snad se ta z\u00e1vodn\u00ed p\u0159est\u00e1vka vyplatila. V\u00fdkon byl dobr\u00fd, dob\u0159e jsem zregenerovala,&#8221; \u0159ekla v c\u00edli Krist\u00fdna Zemanov\u00e1.<\/p>\n\n\n\n<p>\u010ctve\u0159ice nejlep\u0161\u00edch dom\u00e1c\u00edch krosa\u0159ek ostatn\u00ed porazila zdrcuj\u00edc\u00edm v\u00fdsledkem. Za Pietersovou skon\u010dily Ceylin Carmen del Alvaradov\u00e1, Lucinda Brandov\u00e1 a Fem van Empelov\u00e1, nejlep\u0161\u00ed z ostatn\u00edch byla p\u00e1t\u00e1 Sara Casasolov\u00e1 z It\u00e1lie. Zemanov\u00e1 skon\u010dila mezi z\u00e1vodnicemi kategorie U23 t\u0159et\u00ed, kdy\u017e lep\u0161\u00ed byly pouze \u0161est\u00e1 Leonie Bentveldov\u00e1 z Nizozemska a osm\u00e1 Marie Schreiberov\u00e1 z Lucemburska.<\/p>\n\n\n\n<p>V juniorsk\u00fdch z\u00e1vodech, kter\u00e9 ov\u0161em nebyly sou\u010d\u00e1st\u00ed Sv\u011btov\u00e9ho poh\u00e1ru, se velmi dob\u0159e uk\u00e1zaly dv\u011b na\u0161e juniorky &#8211; Kate\u0159ina Doud\u011brov\u00e1 skon\u010dila \u010dtvrt\u00e1, hned za n\u00ed projela c\u00edlem Daniele Hezinov\u00e1.&nbsp;<\/p>\n\n\n\n<p>V\u00fdsledky:<\/p>\n\n\n\n<p>\u017deny:<\/p>\n\n\n\n<p>1. Pietersov\u00e1 51:05, 2. Alvaradov\u00e1 +6, 3. Brandov\u00e1 +12, 4. van Empelov\u00e1 (v\u0161echny Niz.) +16, 5. Casasolaov\u00e1 (It.) +1:58, 6. Bentveldov\u00e1 (Niz.) +1:58, &#8230;10. Zemanov\u00e1 +2:35, &#8230;28. Kopeck\u00e1 +6:05, 37. Je\u0159\u00e1bkov\u00e1 +7:55, 43. Hlad\u00edkov\u00e1 -1 kolo, 51. Van\u00ed\u010dkov\u00e1 (v\u0161echny \u010cR) -2 kola.<\/p>\n\n\n\n<p>Mu\u017ei:<\/p>\n\n\n\n<p>1. van der Poel 59:52, 2. Nieuwenhuis +12, 3. van der Haar +20, 4. Ronhaar (v\u0161ichni Niz.) +30, 5. van Aert +43, 6. L. Sweeck (oba Belg.) +53, \u2026 22. Boro\u0161 +3:01, 29. Fiala +4:14, 34. Kerl +4:51, 43. \u0160tybar +5:23, 74. \u0158\u00edman -3 kola, Van\u00ed\u010dek (v\u0161ichni \u010cR) nedokon\u010dil.<\/p>\n\n\n\n<p>Juniorky:<\/p>\n\n\n\n<p>1. Lopezov\u00e1 (USA) 38:13, 2. Wolffov\u00e1 (Brit.) +16, 3. Langenbargov\u00e1 (Niz.) +43, 4. Doud\u011brov\u00e1 +1:16, 5. Hezinov\u00e1 +1:30, &#8230;30. Panu\u0161ov\u00e1 (v\u0161echny \u010cR) +6:30.<\/p>\n","protected":false},"excerpt":{"rendered":"<p>Nejlep\u0161\u00edm v\u00fdsledkem \u010desk\u00fdch jezdc\u016f v&nbsp;jeden\u00e1ct\u00e9m z\u00e1vodu seri\u00e1lu Sv\u011btov\u00e9ho poh\u00e1ru bylo dnes v&nbsp;nizozemsk\u00e9m Hulstu des\u00e1t\u00e9 m\u00edsto Krist\u00fdny Zemanov\u00e9. Z mu\u017e\u016f Michael Boro\u0161 skon\u010dil dvaadvac\u00e1t\u00fd. V\u00edt\u011bzstv\u00ed vybojovali Mathie van der Poel, mezi \u017eenami byla nejlep\u0161\u00ed jeho krajanka Puck Pietersov\u00e1. Na dom\u00e1c\u00ed trati triumfovali Nizozemci, v obou kategori\u00edch obsadili prvn\u00ed \u010dty\u0159i m\u00edsta. Za van der Poelem skon\u010dili Joris [&hellip;]<\/p>\n","protected":false},"author":8,"featured_media":27960,"comment_status":"closed","ping_status":"open","sticky":false,"template":"","format":"standard","meta":{"footnotes":""},"categories":[58,2],"tags":[59],"class_list":["post-28105","post","type-post","status-publish","format-standard","has-post-thumbnail","hentry","category-cyklokros","category-novinky","tag-cyklokros"],"_links":{"self":[{"href":"https:\/\/www.czechcyclingfederation.com\/en\/wp-json\/wp\/v2\/posts\/28105","targetHints":{"allow":["GET"]}}],"collection":[{"href":"https:\/\/www.czechcyclingfederation.com\/en\/wp-json\/wp\/v2\/posts"}],"about":[{"href":"https:\/\/www.czechcyclingfederation.com\/en\/wp-json\/wp\/v2\/types\/post"}],"author":[{"embeddable":true,"href":"https:\/\/www.czechcyclingfederation.com\/en\/wp-json\/wp\/v2\/users\/8"}],"replies":[{"embeddable":true,"href":"https:\/\/www.czechcyclingfederation.com\/en\/wp-json\/wp\/v2\/comments?post=28105"}],"version-history":[{"count":1,"href":"https:\/\/www.czechcyclingfederation.com\/en\/wp-json\/wp\/v2\/posts\/28105\/revisions"}],"predecessor-version":[{"id":28106,"href":"https:\/\/www.czechcyclingfederation.com\/en\/wp-json\/wp\/v2\/posts\/28105\/revisions\/28106"}],"wp:featuredmedia":[{"embeddable":true,"href":"https:\/\/www.czechcyclingfederation.com\/en\/wp-json\/wp\/v2\/media\/27960"}],"wp:attachment":[{"href":"https:\/\/www.czechcyclingfederation.com\/en\/wp-json\/wp\/v2\/media?parent=28105"}],"wp:term":[{"taxonomy":"category","embeddable":true,"href":"https:\/\/www.czechcyclingfederation.com\/en\/wp-json\/wp\/v2\/categories?post=28105"},{"taxonomy":"post_tag","embeddable":true,"href":"https:\/\/www.czechcyclingfederation.com\/en\/wp-json\/wp\/v2\/tags?post=28105"}],"curies":[{"name":"wp","href":"https:\/\/api.w.org\/{rel}","templated":true}]}}