{"id":28089,"date":"2023-12-21T14:18:43","date_gmt":"2023-12-21T13:18:43","guid":{"rendered":"https:\/\/www.czechcyclingfederation.com\/?p=28089"},"modified":"2023-12-21T14:23:42","modified_gmt":"2023-12-21T13:23:42","slug":"uzavreni-sekretariatu-csc-2","status":"publish","type":"post","link":"https:\/\/www.czechcyclingfederation.com\/en\/uzavreni-sekretariatu-csc-2\/","title":{"rendered":"Uzav\u0159en\u00ed sekretari\u00e1tu \u010cSC"},"content":{"rendered":"\n<p>Sekretari\u00e1t \u010cesk\u00e9ho svazu cyklistiky (Nad Hlin\u00edkem 4, Praha 5) bude ve dnech 27.12.-29.12.2023 uzav\u0159en. <\/p>\n\n\n\n<p>T\u011b\u0161\u00edme se na V\u00e1s znovu 2.1.2024!<\/p>\n","protected":false},"excerpt":{"rendered":"<p>Sekretari\u00e1t \u010cesk\u00e9ho svazu cyklistiky (Nad Hlin\u00edkem 4, Praha 5) bude ve dnech 27.12.-29.12.2023 uzav\u0159en. T\u011b\u0161\u00edme se na V\u00e1s znovu 2.1.2024!<\/p>\n","protected":false},"author":1,"featured_media":11215,"comment_status":"closed","ping_status":"open","sticky":false,"template":"","format":"standard","meta":{"footnotes":""},"categories":[28,2],"tags":[119],"class_list":["post-28089","post","type-post","status-publish","format-standard","has-post-thumbnail","hentry","category-cesky-svaz-cyklistiky","category-novinky","tag-csc"],"_links":{"self":[{"href":"https:\/\/www.czechcyclingfederation.com\/en\/wp-json\/wp\/v2\/posts\/28089","targetHints":{"allow":["GET"]}}],"collection":[{"href":"https:\/\/www.czechcyclingfederation.com\/en\/wp-json\/wp\/v2\/posts"}],"about":[{"href":"https:\/\/www.czechcyclingfederation.com\/en\/wp-json\/wp\/v2\/types\/post"}],"author":[{"embeddable":true,"href":"https:\/\/www.czechcyclingfederation.com\/en\/wp-json\/wp\/v2\/users\/1"}],"replies":[{"embeddable":true,"href":"https:\/\/www.czechcyclingfederation.com\/en\/wp-json\/wp\/v2\/comments?post=28089"}],"version-history":[{"count":2,"href":"https:\/\/www.czechcyclingfederation.com\/en\/wp-json\/wp\/v2\/posts\/28089\/revisions"}],"predecessor-version":[{"id":28091,"href":"https:\/\/www.czechcyclingfederation.com\/en\/wp-json\/wp\/v2\/posts\/28089\/revisions\/28091"}],"wp:featuredmedia":[{"embeddable":true,"href":"https:\/\/www.czechcyclingfederation.com\/en\/wp-json\/wp\/v2\/media\/11215"}],"wp:attachment":[{"href":"https:\/\/www.czechcyclingfederation.com\/en\/wp-json\/wp\/v2\/media?parent=28089"}],"wp:term":[{"taxonomy":"category","embeddable":true,"href":"https:\/\/www.czechcyclingfederation.com\/en\/wp-json\/wp\/v2\/categories?post=28089"},{"taxonomy":"post_tag","embeddable":true,"href":"https:\/\/www.czechcyclingfederation.com\/en\/wp-json\/wp\/v2\/tags?post=28089"}],"curies":[{"name":"wp","href":"https:\/\/api.w.org\/{rel}","templated":true}]}}