{"id":28067,"date":"2023-12-21T08:35:04","date_gmt":"2023-12-21T07:35:04","guid":{"rendered":"https:\/\/www.czechcyclingfederation.com\/?p=28067"},"modified":"2023-12-21T10:35:44","modified_gmt":"2023-12-21T09:35:44","slug":"prezident-csc-petr-marek-mame-za-sebou-uspesny-rok-a-cekaji-nas-velke-akce","status":"publish","type":"post","link":"https:\/\/www.czechcyclingfederation.com\/en\/prezident-csc-petr-marek-mame-za-sebou-uspesny-rok-a-cekaji-nas-velke-akce\/","title":{"rendered":"Prezident \u010cSC Petr Marek: M\u00e1me za sebou \u00fasp\u011b\u0161n\u00fd rok a \u010dekaj\u00ed n\u00e1s velk\u00e9 akce"},"content":{"rendered":"\n<p>Kon\u010d\u00edc\u00ed rok 2023 hodnot\u00ed prezident \u010cesk\u00e9ho svazu cyklistiky Petr Marek jako velmi \u00fasp\u011b\u0161n\u00fd. Je r\u00e1d za p\u0159\u00edsun medail\u00ed nap\u0159\u00ed\u010d discipl\u00ednami i za \u0159adu skv\u011ble uspo\u0159\u00e1dan\u00fdch mezin\u00e1rodn\u00edch akc\u00ed na na\u0161em \u00fazem\u00ed. V\u00e1\u017e\u00ed si tak\u00e9 p\u0159\u00edsunu nov\u00fdch partner\u016f.<\/p>\n\n\n\n<p>Z\u00e1rove\u0148 u\u017e vyhl\u00ed\u017e\u00ed do roku p\u0159\u00ed\u0161t\u00edho, kdy se v&nbsp;\u010cesk\u00e9 republice bude konat \u0159ada v\u00fdznamn\u00fdch ud\u00e1lost\u00ed v\u010detn\u011b mistrovstv\u00ed sv\u011bta v&nbsp;cyklokrosu. \u010cesk\u00fd svaz cyklistiky nav\u00edc p\u0159\u00ed\u0161t\u00ed rok oslav\u00ed 140 let a nejen o tom jsme s&nbsp;jeho p\u0159edsedou hovo\u0159ili.<\/p>\n\n\n\n<p><strong>Jak\u00fd byl rok 2023 z&nbsp;pohledu \u010desk\u00e9 cyklistiky? Kter\u00e9 nejv\u011bt\u0161\u00ed \u00fasp\u011bchy byste vyzdvihl?<\/strong><\/p>\n\n\n\n<p>V&nbsp;roce 2023 se na\u0161im z\u00e1vodn\u00edk\u016fm op\u011bt poda\u0159ilo z\u00edskat mnoho medail\u00ed nap\u0159\u00ed\u010d discipl\u00ednami a jsem za to moc r\u00e1d. Mezi nejv\u011bt\u0161\u00ed \u00fasp\u011bchy \u0159ad\u00edm titul mistryn\u011b Evropy ve freestyle BMX Ivety Miculy\u010dov\u00e9, druh\u00e9 m\u00edsto Martina Sto\u0161ka na MS v&nbsp;MTB maratonu nebo bronzov\u00e9 medaile Krist\u00fdny Zemanov\u00e9 na sv\u011btov\u00e9m i evropsk\u00e9m \u0161ampion\u00e1tu v&nbsp;cyklokrosu. Ale t\u011bch v\u00fdborn\u00fdch v\u00fdsledk\u016f bylo daleko v\u00edc. Nerad bych opomenul pom\u011brn\u011b \u010derstv\u00e9 st\u0159\u00edbro Sabiny Ko\u0161\u00e1rkov\u00e9 z&nbsp;mistrovstv\u00ed sv\u011bta v&nbsp;pumptracku, medaile mlad\u00fdch dr\u00e1ha\u0159\u016f z&nbsp;mistrovstv\u00ed sv\u011bta i Evropy, velk\u00e9 \u00fasp\u011bchy s\u00e1lov\u00fdch cyklist\u016f jak v&nbsp;krasoj\u00edzd\u011b, tak v&nbsp;kolov\u00e9, solidn\u00ed um\u00edst\u011bn\u00ed na silnici a v&nbsp;neposledn\u00ed \u0159ad\u011b skv\u011bl\u00e9 para cyklisty. Ti z\u00edskali znovu velk\u00fd po\u010det medail\u00ed, ale cht\u011bl bych jmenovat alespo\u0148 Pavl\u00ednu Vejvodovou, kter\u00e1 na mistrovstv\u00ed sv\u011bta vyhr\u00e1la ve sv\u00e9 kategorii z\u00e1vod jednotlivc\u016f i \u010dasovku a ob\u011b discipl\u00edny ovl\u00e1dla i na evropsk\u00e9m \u0161ampion\u00e1tu.&nbsp;<\/p>\n\n\n\n<p class=\"has-black-color has-text-color\">Za velk\u00fd, ikdy\u017e mimo sportovn\u00ed \u00fasp\u011bch pova\u017euji i to, \u017ee se n\u00e1m poda\u0159ilo z\u00edskat pro \u010deskou cyklistiku dal\u0161\u00edho siln\u00e9ho strategick\u00e9ho partnera, kter\u00fdm se stala spole\u010dnost Sazka. Vedle \u0160kody Auto a Kala\u0161e se tak jedn\u00e1 o&nbsp;dal\u0161\u00ed \u010deskou firmu, kter\u00e1 spojila sv\u00e9 s\u00edly s&nbsp;\u010cSC.<\/p>\n\n\n\n<p><strong>\u010cesko i v&nbsp;roce 2023 po\u0159\u00e1dalo velk\u00e9 mno\u017estv\u00ed mezin\u00e1rodn\u00edch z\u00e1vod\u016f nap\u0159\u00ed\u010d discipl\u00ednami. Jak jsme obst\u00e1li?&nbsp;<\/strong><\/p>\n\n\n\n<p>Mezi nejv\u011bt\u0161\u00ed cyklistick\u00e9 akce uplynul\u00e9ho roku bezesporu pat\u0159ily Sv\u011btov\u00fd poh\u00e1r MTB v&nbsp;Nov\u00e9m M\u011bst\u011b na Morav\u011b, Z\u00e1vod m\u00edru U23, mezin\u00e1rodn\u00ed silni\u010dn\u00ed z\u00e1vod Czech Tour, fin\u00e1le Sv\u011btov\u00e9ho poh\u00e1ru v&nbsp;kolov\u00e9 a mnoho dal\u0161\u00edch. Za organizaci t\u011bchto z\u00e1vod\u016f bych cht\u011bl pod\u011bkovat v\u0161em po\u0159adatel\u016fm a mysl\u00edm, \u017ee to v\u0161ichni zvl\u00e1dli na jedni\u010dku. I podle reakc\u00ed z\u00fa\u010dastn\u011bn\u00fdch lid\u00ed z&nbsp;r\u016fzn\u00fdch zem\u00ed.<\/p>\n\n\n\n<p><strong>Praha letos tak\u00e9 hostila kongres Evropsk\u00e9 cyklistick\u00e9 unie. Bylo to pro \u010cesk\u00fd svaz cyklistiky hodn\u011b p\u0159\u00ednosn\u00e9?<\/strong><\/p>\n\n\n\n<p>35. kongres Evropsk\u00e9 cyklistick\u00e9 unie jsme uspo\u0159\u00e1dali o prvn\u00edm b\u0159eznov\u00e9m v\u00edkendu historicky v\u016fbec poprv\u00e9 v \u010cR. Z\u00fa\u010dastnilo se ho celkem p\u0159es 40 evropsk\u00fdch zem\u00ed v\u010detn\u011b prezidenta UCI Davida Lappartienta. Kon\u00e1n\u00ed takto v\u00fdznamn\u00e9 diplomatick\u00e9 akce ur\u010dit\u011b p\u0159isp\u011blo i ke zviditeln\u011bn\u00ed na\u0161\u00ed federace a pomohlo n\u00e1m tak\u00e9 k&nbsp;nav\u00e1z\u00e1n\u00ed mnoha d\u016fle\u017eit\u00fdch kontakt\u016f.&nbsp;<\/p>\n\n\n\n<figure class=\"wp-block-image size-large\"><img loading=\"lazy\" decoding=\"async\" width=\"1024\" height=\"681\" src=\"https:\/\/www.czechcyclingfederation.com\/wp-content\/uploads\/2023\/12\/BrychtaJan_UEC_kongres_Praha_20230305_101028_DSC_1533-1024x681.jpg\" alt=\"\" class=\"wp-image-28070\" srcset=\"https:\/\/www.czechcyclingfederation.com\/wp-content\/uploads\/2023\/12\/BrychtaJan_UEC_kongres_Praha_20230305_101028_DSC_1533-1024x681.jpg 1024w, https:\/\/www.czechcyclingfederation.com\/wp-content\/uploads\/2023\/12\/BrychtaJan_UEC_kongres_Praha_20230305_101028_DSC_1533-300x200.jpg 300w, https:\/\/www.czechcyclingfederation.com\/wp-content\/uploads\/2023\/12\/BrychtaJan_UEC_kongres_Praha_20230305_101028_DSC_1533-768x511.jpg 768w, https:\/\/www.czechcyclingfederation.com\/wp-content\/uploads\/2023\/12\/BrychtaJan_UEC_kongres_Praha_20230305_101028_DSC_1533-1536x1022.jpg 1536w, https:\/\/www.czechcyclingfederation.com\/wp-content\/uploads\/2023\/12\/BrychtaJan_UEC_kongres_Praha_20230305_101028_DSC_1533-2048x1363.jpg 2048w, https:\/\/www.czechcyclingfederation.com\/wp-content\/uploads\/2023\/12\/BrychtaJan_UEC_kongres_Praha_20230305_101028_DSC_1533-1320x878.jpg 1320w\" sizes=\"auto, (max-width: 1024px) 100vw, 1024px\" \/><\/figure>\n\n\n\n<p><strong>S&nbsp;jak\u00fdm rozpo\u010dtem letos \u010desk\u00e1 cyklistika hospoda\u0159ila? M\u016f\u017ee se t\u011b\u0161it na n\u011bjak\u00e9 nav\u00fd\u0161en\u00ed pro p\u0159\u00ed\u0161t\u00ed rok?<\/strong><\/p>\n\n\n\n<p>Letos jsme obdr\u017eeli od N\u00e1rodn\u00ed sportovn\u00ed agentury rozpo\u010det ve v\u00fd\u0161i cca 70 milion\u016f korun. D\u00edky nav\u00fd\u0161en\u00ed oproti roku 2022 se mohly v\u0161echny discipl\u00edny z\u00fa\u010dastnit v\u0161ech pl\u00e1novan\u00fdch akc\u00ed, co\u017e je kl\u00ed\u010dov\u00e9. V\u00fdrazn\u011bji jsme mohli tak\u00e9 podpo\u0159it talentovanou ml\u00e1de\u017e \u010di po\u0159adatele z\u00e1vod\u016f. Vzhledem k&nbsp;sou\u010dasn\u00e9 situaci a pl\u00e1novan\u00fdm \u00faspor\u00e1m ve st\u00e1tn\u00edm&nbsp;rozpo\u010dtu se nav\u00fd\u0161en\u00ed rozpo\u010dtu asi o\u010dek\u00e1vat ned\u00e1, ale v\u011b\u0159\u00edme, \u017ee pro rok 2024 z\u016fstane alespo\u0148 ve stejn\u00e9 v\u00fd\u0161i jako letos.<\/p>\n\n\n\n<p><strong>Sportovn\u00ed rok 2024 se nese z&nbsp;velk\u00e9 \u010d\u00e1sti ve znamen\u00ed olympi\u00e1dy v Pa\u0159\u00ed\u017ei. Jak se na to \u010desk\u00e1 cyklistika chyst\u00e1 a jak\u00e9 o\u010dek\u00e1v\u00e1te v\u00fdsledky?<\/strong><\/p>\n\n\n\n<p>Proto\u017ee u n\u011bkter\u00fdch discipl\u00edn je st\u00e1le boj o nominaci otev\u0159en\u00fd, tak v\u011b\u0159\u00edm, \u017ee se n\u00e1m poda\u0159\u00ed vybojovat pro \u010deskou cyklistiku co nejv\u00edc \u00fa\u010dastnick\u00fdch m\u00edst. Ur\u010dit\u011b tam m\u00e1me sv\u00e1 \u017eel\u00edzka v&nbsp;ohni a bylo by kr\u00e1sn\u00e9, kdybychom se z&nbsp;Pa\u0159\u00ed\u017ee vraceli s&nbsp;n\u011bjakou medail\u00ed.<\/p>\n\n\n\n<p><strong>Hned za\u010d\u00e1tkem roku po\u0159\u00e1d\u00e1 T\u00e1bor mistrovstv\u00ed sv\u011bta v&nbsp;cyklokrosu. Jak\u00e9 dal\u0161\u00ed d\u016fle\u017eit\u00e9 akce n\u00e1s p\u0159\u00ed\u0161t\u00ed rok \u010dekaj\u00ed?<\/strong><\/p>\n\n\n\n<p>Mistrovstv\u00ed sv\u011bta v&nbsp;T\u00e1bo\u0159e, kter\u00e1 se uskute\u010dn\u00ed o prvn\u00edm \u00fanorov\u00e9m v\u00edkendu, bude jednou z&nbsp;vrcholn\u00fdch cyklistick\u00fdch ud\u00e1lost\u00ed na na\u0161em \u00fazem\u00ed. Po\u0159adatelem je Agentura cyklistika s&nbsp;podporou \u010cSC. Na zorganizov\u00e1n\u00ed se jedn\u00e1 o velmi n\u00e1ro\u010dnou sportovn\u00ed a spole\u010denskou akci, ale v\u011b\u0159\u00edm, \u017ee se v\u0161ichni fanou\u0161ci maj\u00ed na co t\u011b\u0161it a T\u00e1bor tradi\u010dn\u011b skv\u011ble obstoj\u00ed, jako tomu u\u017e b\u00fdvalo p\u0159i minul\u00fdch \u0161ampion\u00e1tech v&nbsp;tomto m\u011bst\u011b. Dal\u0161\u00ed vrcholnou akc\u00ed op\u011bt bude Sv\u011btov\u00fd poh\u00e1r MTB v&nbsp;Nov\u00e9m M\u011bst\u011b na Morav\u011b, silni\u010dn\u00ed z\u00e1vod M\u00edru U23 a mezin\u00e1rodn\u00ed silni\u010dn\u00ed z\u00e1vod Czech Tour. K&nbsp;nim samoz\u0159ejm\u011b i mnoho dal\u0161\u00edch mezin\u00e1rodn\u00edch z\u00e1vod\u016f ve v\u0161ech discipl\u00edn\u00e1ch.&nbsp;<\/p>\n\n\n\n<p><strong>Jak n\u00e1ro\u010dn\u00e9 je u n\u00e1s uspo\u0159\u00e1dat mistrovstv\u00ed sv\u011bta v&nbsp;jak\u00e9koliv discipl\u00edn\u011b?<\/strong><\/p>\n\n\n\n<p>Velmi. Jak po organiza\u010dn\u00ed a spole\u010densk\u00e9 str\u00e1nce, tak samoz\u0159ejm\u011b po str\u00e1nce finan\u010dn\u00ed. Kdy\u017e hovo\u0159\u00edme konkr\u00e9tn\u011b o cyklokrosov\u00e9m mistrovstv\u00ed sv\u011bta, bez podpory st\u00e1tu by se takov\u00fd z\u00e1vod v\u016fbec nemohl uskute\u010dnit. Ruku v&nbsp;ruce s&nbsp;t\u00edm jde podpora m\u011bsta T\u00e1bor, Jiho\u010desk\u00e9ho kraje a spousty dal\u0161\u00edch partner\u016f.<\/p>\n\n\n\n<p><strong>Je re\u00e1ln\u00e9, \u017ee bychom v&nbsp;\u010cesk\u00e9 republice uspo\u0159\u00e1dali v&nbsp;budoucnu op\u011bt t\u0159eba mistrovstv\u00ed sv\u011bta MTB nebo n\u011bkdy sv\u011btov\u00fd \u0161ampion\u00e1t na silnici?<\/strong><\/p>\n\n\n\n<p>Jedn\u00e1me spole\u010dn\u011b s&nbsp;po\u0159adatelem z\u00e1vod\u016f Sv\u011btov\u00e9ho poh\u00e1ru v&nbsp;Nov\u00e9m M\u011bst\u011b o mo\u017enosti uspo\u0159\u00e1dat znovu mistrovstv\u00ed sv\u011bta horsk\u00fdch kol, kter\u00e9 u\u017e se tam jednou konalo. Je to ale je\u0161t\u011b o mnoha jedn\u00e1n\u00edch na mezin\u00e1rodn\u00ed \u00farovni a tak\u00e9 o zaji\u0161t\u011bn\u00ed pot\u0159ebn\u00fdch financ\u00ed. Co se t\u00fd\u010de nap\u0159\u00edklad silnice, tam je to je\u0161t\u011b o \u00fapln\u011b jin\u00fdch financ\u00edch a v&nbsp;tuto chv\u00edli je to pro n\u00e1s nedosa\u017eiteln\u00e9.<strong><\/strong><\/p>\n\n\n\n<p><strong>Letos sv\u011btov\u00e1 cyklistika p\u0159edvedla koncept unik\u00e1tn\u00edho MS v\u0161ech discipl\u00edn. Jak se v\u00e1m to zamlouvalo? Je to budoucnost, ub\u00edrat se t\u00edmhle sm\u011brem?<\/strong><\/p>\n\n\n\n<p>V&nbsp;leto\u0161n\u00edm roce se uskute\u010dnilo prvn\u00ed spole\u010dn\u00e9 MS t\u00e9m\u011b\u0159 v\u0161ech cyklistick\u00fdch discipl\u00edn v\u010detn\u011b zapojen\u00ed hendikepovan\u00fdch sportovc\u016f. Byl to prvn\u00ed takov\u00fd pokus spojit v\u0161echny cyklistick\u00e9 discipl\u00edny na jednom m\u00edst\u011b a mysl\u00edm si, \u017ee to byl \u00fasp\u011b\u0161n\u00fd projekt. I kdy\u017e je pot\u0159eba p\u0159ipomenout, \u017ee pro federaci na\u0161\u00ed velikosti tak\u00e9 velmi n\u00e1ro\u010dn\u00fd, jak person\u00e1ln\u011b, tak logisticky \u010di finan\u010dn\u011b. I zde pat\u0159\u00ed velk\u00fd d\u00edk v\u0161em, kte\u0159\u00ed n\u00e1m s&nbsp;p\u0159\u00edpravou t\u00e9to akce pomohli. Dal\u0161\u00ed spole\u010dn\u00e9 mistrovstv\u00ed sv\u011bta n\u00e1s bude \u010dekat v&nbsp;roce 2027 ve Francii.&nbsp;<\/p>\n\n\n\n<figure class=\"wp-block-image size-large\"><img loading=\"lazy\" decoding=\"async\" width=\"1024\" height=\"683\" src=\"https:\/\/www.czechcyclingfederation.com\/wp-content\/uploads\/2023\/12\/20230720_JSvoboda_tkCSC_065-1024x683.jpg\" alt=\"\" class=\"wp-image-28072\" srcset=\"https:\/\/www.czechcyclingfederation.com\/wp-content\/uploads\/2023\/12\/20230720_JSvoboda_tkCSC_065-1024x683.jpg 1024w, https:\/\/www.czechcyclingfederation.com\/wp-content\/uploads\/2023\/12\/20230720_JSvoboda_tkCSC_065-300x200.jpg 300w, https:\/\/www.czechcyclingfederation.com\/wp-content\/uploads\/2023\/12\/20230720_JSvoboda_tkCSC_065-768x512.jpg 768w, https:\/\/www.czechcyclingfederation.com\/wp-content\/uploads\/2023\/12\/20230720_JSvoboda_tkCSC_065-1536x1024.jpg 1536w, https:\/\/www.czechcyclingfederation.com\/wp-content\/uploads\/2023\/12\/20230720_JSvoboda_tkCSC_065-1320x880.jpg 1320w, https:\/\/www.czechcyclingfederation.com\/wp-content\/uploads\/2023\/12\/20230720_JSvoboda_tkCSC_065.jpg 2048w\" sizes=\"auto, (max-width: 1024px) 100vw, 1024px\" \/><\/figure>\n\n\n\n<p><strong>P\u0159\u00ed\u0161t\u00ed rok slav\u00ed na\u0161e cyklistika 140 let. Jak\u00e9 akce se k&nbsp;tomuto jubileu chystaj\u00ed?<\/strong><\/p>\n\n\n\n<p>\u010cesk\u00fd svaz cyklistiky pat\u0159\u00ed mezi v\u016fbec nejstar\u0161\u00ed sportovn\u00ed svazy u n\u00e1s. U\u017e p\u0159i organizaci tradi\u010dn\u00ed ankety Kr\u00e1l cyklistiky se budeme sna\u017eit toto v\u00fdznamn\u00e9 jubileum p\u0159ibl\u00ed\u017eit v\u0161em cyklistick\u00fdm fanou\u0161k\u016fm. V\u00edce prozrazovat zat\u00edm nebudu, ale ur\u010dit\u011b nezapome\u0148te 18.1. ve 20:15 naladit kan\u00e1l \u010cT Sport. V pr\u016fb\u011bhu roku bychom cht\u011bli toto cyklistick\u00e9 v\u00fdro\u010d\u00ed p\u0159ipomenout i n\u011bkolika dal\u0161\u00edmi akcemi.&nbsp;&nbsp;<\/p>\n\n\n\n<p><strong>Co byste pop\u0159\u00e1l cyklist\u016fm a fanou\u0161k\u016fm cyklistiky do roku 2024?<\/strong><\/p>\n\n\n\n<p>Cht\u011bl bych v\u0161em z\u00e1vodn\u00edk\u016fm, po\u0159adatel\u016fm, funkcion\u00e1\u0159\u016fm, tren\u00e9r\u016fm a v\u016fbec v\u0161em cyklist\u016fm pod\u011bkovat za jejich pr\u00e1ci v\u00a0pr\u016fb\u011bhu cel\u00e9ho roku. V\u00edm, \u017ee je velmi n\u00e1ro\u010dn\u00e1 a o to v\u00edc si j\u00ed v\u00e1\u017e\u00edm. V\u0161em p\u0159eji do nov\u00e9ho roku hlavn\u011b zdrav\u00ed, mnoho \u0161\u0165astn\u00fdch kilometr\u016f bez nehody a radost z\u00a0cyklistiky i v roce 2024.\u00a0<\/p>\n\n\n\n<figure class=\"wp-block-image size-large\"><img loading=\"lazy\" decoding=\"async\" width=\"1024\" height=\"512\" src=\"https:\/\/www.czechcyclingfederation.com\/wp-content\/uploads\/2023\/12\/CSC_PF24-1024x512.png\" alt=\"\" class=\"wp-image-28086\" srcset=\"https:\/\/www.czechcyclingfederation.com\/wp-content\/uploads\/2023\/12\/CSC_PF24-1024x512.png 1024w, https:\/\/www.czechcyclingfederation.com\/wp-content\/uploads\/2023\/12\/CSC_PF24-300x150.png 300w, https:\/\/www.czechcyclingfederation.com\/wp-content\/uploads\/2023\/12\/CSC_PF24-768x384.png 768w, https:\/\/www.czechcyclingfederation.com\/wp-content\/uploads\/2023\/12\/CSC_PF24-1536x768.png 1536w, https:\/\/www.czechcyclingfederation.com\/wp-content\/uploads\/2023\/12\/CSC_PF24-2048x1024.png 2048w, https:\/\/www.czechcyclingfederation.com\/wp-content\/uploads\/2023\/12\/CSC_PF24-1320x660.png 1320w\" sizes=\"auto, (max-width: 1024px) 100vw, 1024px\" \/><\/figure>\n","protected":false},"excerpt":{"rendered":"<p>Kon\u010d\u00edc\u00ed rok 2023 hodnot\u00ed prezident \u010cesk\u00e9ho svazu cyklistiky Petr Marek jako velmi \u00fasp\u011b\u0161n\u00fd. Je r\u00e1d za p\u0159\u00edsun medail\u00ed nap\u0159\u00ed\u010d discipl\u00ednami i za \u0159adu skv\u011ble uspo\u0159\u00e1dan\u00fdch mezin\u00e1rodn\u00edch akc\u00ed na na\u0161em \u00fazem\u00ed. V\u00e1\u017e\u00ed si tak\u00e9 p\u0159\u00edsunu nov\u00fdch partner\u016f. Z\u00e1rove\u0148 u\u017e vyhl\u00ed\u017e\u00ed do roku p\u0159\u00ed\u0161t\u00edho, kdy se v&nbsp;\u010cesk\u00e9 republice bude konat \u0159ada v\u00fdznamn\u00fdch ud\u00e1lost\u00ed v\u010detn\u011b mistrovstv\u00ed sv\u011bta v&nbsp;cyklokrosu. [&hellip;]<\/p>\n","protected":false},"author":15,"featured_media":28068,"comment_status":"closed","ping_status":"open","sticky":false,"template":"","format":"standard","meta":{"footnotes":""},"categories":[57,28,201,58,54,6,2,99,60,18],"tags":[119],"class_list":["post-28067","post","type-post","status-publish","format-standard","has-post-thumbnail","hentry","category-bmx","category-cesky-svaz-cyklistiky","category-cyklistika-pro-vsechny","category-cyklokros","category-draha","category-mtb","category-novinky","category-paracyklistika","category-salovka","category-silnice","tag-csc"],"_links":{"self":[{"href":"https:\/\/www.czechcyclingfederation.com\/en\/wp-json\/wp\/v2\/posts\/28067","targetHints":{"allow":["GET"]}}],"collection":[{"href":"https:\/\/www.czechcyclingfederation.com\/en\/wp-json\/wp\/v2\/posts"}],"about":[{"href":"https:\/\/www.czechcyclingfederation.com\/en\/wp-json\/wp\/v2\/types\/post"}],"author":[{"embeddable":true,"href":"https:\/\/www.czechcyclingfederation.com\/en\/wp-json\/wp\/v2\/users\/15"}],"replies":[{"embeddable":true,"href":"https:\/\/www.czechcyclingfederation.com\/en\/wp-json\/wp\/v2\/comments?post=28067"}],"version-history":[{"count":2,"href":"https:\/\/www.czechcyclingfederation.com\/en\/wp-json\/wp\/v2\/posts\/28067\/revisions"}],"predecessor-version":[{"id":28088,"href":"https:\/\/www.czechcyclingfederation.com\/en\/wp-json\/wp\/v2\/posts\/28067\/revisions\/28088"}],"wp:featuredmedia":[{"embeddable":true,"href":"https:\/\/www.czechcyclingfederation.com\/en\/wp-json\/wp\/v2\/media\/28068"}],"wp:attachment":[{"href":"https:\/\/www.czechcyclingfederation.com\/en\/wp-json\/wp\/v2\/media?parent=28067"}],"wp:term":[{"taxonomy":"category","embeddable":true,"href":"https:\/\/www.czechcyclingfederation.com\/en\/wp-json\/wp\/v2\/categories?post=28067"},{"taxonomy":"post_tag","embeddable":true,"href":"https:\/\/www.czechcyclingfederation.com\/en\/wp-json\/wp\/v2\/tags?post=28067"}],"curies":[{"name":"wp","href":"https:\/\/api.w.org\/{rel}","templated":true}]}}