{"id":28024,"date":"2023-12-18T20:13:04","date_gmt":"2023-12-18T19:13:04","guid":{"rendered":"https:\/\/www.czechcyclingfederation.com\/?p=28024"},"modified":"2024-01-12T09:25:37","modified_gmt":"2024-01-12T08:25:37","slug":"kral-cyklistiky-2023","status":"publish","type":"post","link":"https:\/\/www.czechcyclingfederation.com\/en\/kral-cyklistiky-2023\/","title":{"rendered":"Kr\u00e1l cyklistiky 2023"},"content":{"rendered":"\n<p>Ji\u017e ve \u010dtvrtek 18. ledna 2024 bude ve Velk\u00e9 Dvoran\u011b Veletr\u017en\u00edho pal\u00e1ce v&nbsp;Praze od 20:15 hod. v&nbsp;p\u0159\u00edm\u00e9m p\u0159enosu na kan\u00e1lu \u010cT Sport vyhl\u00e1\u0161en Kr\u00e1l cyklistiky za rok 2023. Jedn\u00e1 se ji\u017e o 59. ro\u010dn\u00edk presti\u017en\u00ed ankety \u010cesk\u00e9ho svazu cyklistiky.<\/p>\n\n\n\n<p>Kr\u00e1l cyklistiky je anketa o nejlep\u0161\u00edho \u010desk\u00e9ho cyklistu, vyhla\u0161ov\u00e1na \u010cesk\u00fdm svazem cyklistiky ve spolupr\u00e1ci se odbornou ve\u0159ejnost\u00ed zastoupenou p\u0159edev\u0161\u00edm sportovn\u00edmi novin\u00e1\u0159i. Kon\u00e1 se ji\u017e od roku 1965. Cyklist\u00e9 tehdy vyhl\u00e1sili sv\u00e9ho kr\u00e1le jako prvn\u00ed u n\u00e1s, ostatn\u00ed sportovn\u00ed odv\u011btv\u00ed se p\u0159idala a\u017e pozd\u011bji. Historicky prvn\u00edm v\u00edt\u011bzem ankety se stal silni\u010dn\u00ed cyklista a pozd\u011bji \u00fasp\u011b\u0161n\u00fd tren\u00e9r \u010di organiz\u00e1tor z\u00e1vod\u016f Pavel Dole\u017eel, nej\u00fasp\u011b\u0161n\u011bj\u0161\u00edmi cyklisty v historii jsou brat\u0159i Posp\u00ed\u0161ilov\u00e9, kte\u0159\u00ed zv\u00edt\u011bzili osmkr\u00e1t, \u0161estkr\u00e1t dominoval J\u00e1n Svorada a nap\u0159. \u010dty\u0159ikr\u00e1t zv\u00edt\u011bzil hv\u011bzdn\u00fd biker Jaroslav Kulhav\u00fd.<\/p>\n\n\n\n<p>V&nbsp;roce 2024 z\u00e1rove\u0148 \u010cesk\u00fd svaz cyklistiky oslav\u00ed 140 let sv\u00e9 existence, proto galave\u010der p\u0159ipomene nejen \u00fasp\u011bchy p\u0159edchoz\u00edho kalend\u00e1\u0159n\u00edho roku, ale umo\u017en\u00ed div\u00e1k\u016fm nahl\u00e9dnout hloub\u011bji do historie jednoho z&nbsp;nejstar\u0161\u00edch sportovn\u00edch svaz\u016f u n\u00e1s.<\/p>\n\n\n\n<p>V&nbsp;anket\u011b Kr\u00e1l cyklistiky budou vyhl\u00e1\u0161eni v\u00edt\u011bzov\u00e9 za jednotliv\u00e9 discipl\u00edny: silnice, dr\u00e1ha, MTB, BMX, cyklokros, s\u00e1lov\u00e1 cyklistika, d\u00e1le nejlep\u0161\u00ed handicapovan\u00ed cyklist\u00e9, nejlep\u0161\u00ed junio\u0159i a na z\u00e1v\u011br i absolutn\u00ed v\u00edt\u011bz, Kr\u00e1l cyklistiky za rok 2022. Jedna z&nbsp;osobnost\u00ed \u010desk\u00e9 cyklistiky bude rovn\u011b\u017e uvedena do S\u00edn\u011b sl\u00e1vy.<\/p>\n\n\n\n<p>Ve\u010derem budeme prov\u00e1zet osv\u011bd\u010den\u00fd koment\u00e1tor cyklistiky \u010cT Sport Tom\u00e1\u0161 J\u00edlek.<\/p>\n\n\n\n<p>Hlavn\u00edmi partnery ve\u010dera jsou spole\u010dnost \u0160KODA AUTO a.s. &#8211; gener\u00e1ln\u00ed partner \u010cesk\u00e9ho svazu cyklistiky, spole\u010dnost Sazka a.s. \u2013 exkluzivn\u00ed partner \u010cesk\u00e9ho svazu cyklistiky a N\u00e1rodn\u00ed sportovn\u00ed agentura \u2013 institucion\u00e1ln\u00ed partner \u010cesk\u00e9ho svazu cyklistiky.<\/p>\n\n\n\n<figure class=\"wp-block-image size-large\"><img loading=\"lazy\" decoding=\"async\" width=\"1024\" height=\"576\" src=\"https:\/\/www.czechcyclingfederation.com\/wp-content\/uploads\/2024\/01\/KRAL23_RGB_16x9-1024x576.jpg\" alt=\"\" class=\"wp-image-28196\" srcset=\"https:\/\/www.czechcyclingfederation.com\/wp-content\/uploads\/2024\/01\/KRAL23_RGB_16x9-1024x576.jpg 1024w, https:\/\/www.czechcyclingfederation.com\/wp-content\/uploads\/2024\/01\/KRAL23_RGB_16x9-300x169.jpg 300w, https:\/\/www.czechcyclingfederation.com\/wp-content\/uploads\/2024\/01\/KRAL23_RGB_16x9-768x432.jpg 768w, https:\/\/www.czechcyclingfederation.com\/wp-content\/uploads\/2024\/01\/KRAL23_RGB_16x9-1536x864.jpg 1536w, https:\/\/www.czechcyclingfederation.com\/wp-content\/uploads\/2024\/01\/KRAL23_RGB_16x9-2048x1152.jpg 2048w, https:\/\/www.czechcyclingfederation.com\/wp-content\/uploads\/2024\/01\/KRAL23_RGB_16x9-1320x742.jpg 1320w\" sizes=\"auto, (max-width: 1024px) 100vw, 1024px\" \/><\/figure>\n","protected":false},"excerpt":{"rendered":"<p>Ji\u017e ve \u010dtvrtek 18. ledna 2024 bude ve Velk\u00e9 Dvoran\u011b Veletr\u017en\u00edho pal\u00e1ce v&nbsp;Praze od 20:15 hod. v&nbsp;p\u0159\u00edm\u00e9m p\u0159enosu na kan\u00e1lu \u010cT Sport vyhl\u00e1\u0161en Kr\u00e1l cyklistiky za rok 2023. Jedn\u00e1 se ji\u017e o 59. ro\u010dn\u00edk presti\u017en\u00ed ankety \u010cesk\u00e9ho svazu cyklistiky. Kr\u00e1l cyklistiky je anketa o nejlep\u0161\u00edho \u010desk\u00e9ho cyklistu, vyhla\u0161ov\u00e1na \u010cesk\u00fdm svazem cyklistiky ve spolupr\u00e1ci se odbornou [&hellip;]<\/p>\n","protected":false},"author":1,"featured_media":15222,"comment_status":"closed","ping_status":"open","sticky":false,"template":"","format":"standard","meta":{"footnotes":""},"categories":[57,28,201,58,54,6,2,99,60,18],"tags":[119],"class_list":["post-28024","post","type-post","status-publish","format-standard","has-post-thumbnail","hentry","category-bmx","category-cesky-svaz-cyklistiky","category-cyklistika-pro-vsechny","category-cyklokros","category-draha","category-mtb","category-novinky","category-paracyklistika","category-salovka","category-silnice","tag-csc"],"_links":{"self":[{"href":"https:\/\/www.czechcyclingfederation.com\/en\/wp-json\/wp\/v2\/posts\/28024","targetHints":{"allow":["GET"]}}],"collection":[{"href":"https:\/\/www.czechcyclingfederation.com\/en\/wp-json\/wp\/v2\/posts"}],"about":[{"href":"https:\/\/www.czechcyclingfederation.com\/en\/wp-json\/wp\/v2\/types\/post"}],"author":[{"embeddable":true,"href":"https:\/\/www.czechcyclingfederation.com\/en\/wp-json\/wp\/v2\/users\/1"}],"replies":[{"embeddable":true,"href":"https:\/\/www.czechcyclingfederation.com\/en\/wp-json\/wp\/v2\/comments?post=28024"}],"version-history":[{"count":4,"href":"https:\/\/www.czechcyclingfederation.com\/en\/wp-json\/wp\/v2\/posts\/28024\/revisions"}],"predecessor-version":[{"id":28198,"href":"https:\/\/www.czechcyclingfederation.com\/en\/wp-json\/wp\/v2\/posts\/28024\/revisions\/28198"}],"wp:featuredmedia":[{"embeddable":true,"href":"https:\/\/www.czechcyclingfederation.com\/en\/wp-json\/wp\/v2\/media\/15222"}],"wp:attachment":[{"href":"https:\/\/www.czechcyclingfederation.com\/en\/wp-json\/wp\/v2\/media?parent=28024"}],"wp:term":[{"taxonomy":"category","embeddable":true,"href":"https:\/\/www.czechcyclingfederation.com\/en\/wp-json\/wp\/v2\/categories?post=28024"},{"taxonomy":"post_tag","embeddable":true,"href":"https:\/\/www.czechcyclingfederation.com\/en\/wp-json\/wp\/v2\/tags?post=28024"}],"curies":[{"name":"wp","href":"https:\/\/api.w.org\/{rel}","templated":true}]}}