{"id":28007,"date":"2023-12-18T07:55:52","date_gmt":"2023-12-18T06:55:52","guid":{"rendered":"https:\/\/www.czechcyclingfederation.com\/?p=28007"},"modified":"2023-12-18T07:55:57","modified_gmt":"2023-12-18T06:55:57","slug":"drahove-mcr-mladeze-v-omniu","status":"publish","type":"post","link":"https:\/\/www.czechcyclingfederation.com\/en\/drahove-mcr-mladeze-v-omniu\/","title":{"rendered":"Dr\u00e1hov\u00e9 M\u010cR ml\u00e1de\u017ee v omniu"},"content":{"rendered":"\n<p>Posledn\u00ed dr\u00e1hov\u00e9 medaile z mistrovstv\u00ed \u010cesk\u00e9 republiky byly rozd\u011bleny v pra\u017esk\u00e9 hale v Motole. Na programu byl \u0161ampion\u00e1t ml\u00e1de\u017ee v omniu, z\u00e1rove\u0148 to byly z\u00e1vody po\u010d\u00edtan\u00e9 do dr\u00e1hov\u00e9ho \u0160koda Cupu &#8211; \u010cesk\u00e9ho poh\u00e1ru.&nbsp;<\/p>\n\n\n\n<p>V nejsledovan\u011bj\u0161\u00ed kategorii junior\u016f slavili jezdci t\u00fdmu Mapei Merida Ka\u0148kovsk\u00fd, kdy\u017e se z prvenstv\u00ed radoval Jan Poda\u0159il, Mat\u011bj Pit\u00e1k bral bronz a mezi n\u011b se vkl\u00ednil Adam Brad\u00e1\u010d z Dukly Praha.<\/p>\n\n\n<div class=\"wp-block-image\">\n<figure class=\"aligncenter size-full is-resized\"><img loading=\"lazy\" decoding=\"async\" src=\"https:\/\/www.czechcyclingfederation.com\/wp-content\/uploads\/2023\/12\/Obrazek-WhatsApp-2023-12-17-v-17.45.55_e8da255e.jpg\" alt=\"\" class=\"wp-image-28010\" width=\"534\" height=\"440\" srcset=\"https:\/\/www.czechcyclingfederation.com\/wp-content\/uploads\/2023\/12\/Obrazek-WhatsApp-2023-12-17-v-17.45.55_e8da255e.jpg 790w, https:\/\/www.czechcyclingfederation.com\/wp-content\/uploads\/2023\/12\/Obrazek-WhatsApp-2023-12-17-v-17.45.55_e8da255e-243x200.jpg 243w, https:\/\/www.czechcyclingfederation.com\/wp-content\/uploads\/2023\/12\/Obrazek-WhatsApp-2023-12-17-v-17.45.55_e8da255e-768x633.jpg 768w\" sizes=\"auto, (max-width: 534px) 100vw, 534px\" \/><\/figure>\n<\/div>\n\n\n<p>V\u00fdsledky:<\/p>\n\n\n\n<p>Junio\u0159i:<\/p>\n\n\n\n<p>1. Poda\u0159il (Mapei Merida Ka\u0148kovsk\u00fd) 160, 2. A. Brad\u00e1\u010d (Dukla Praha) 152, 3. Pit\u00e1k (Mapei Merida Ka\u0148kovsk\u00fd) 146, 4. Vr\u00e1na (CK Dacom Pharma Kyjov) 141, 5. Icha (Dukla Praha) 128, 6. Rauschert (Mapei Merida Ka\u0148kovsk\u00fd) 101.&nbsp;<\/p>\n\n\n\n<p>Kadeti:<\/p>\n\n\n\n<p>1. Va\u0161ina (TJ Favorit Brno) 144, 2. \u017duf\u00e1nek (TUFO Pardus Prost\u011bjov) 141, 3. Kub\u011bna (MS Bike Academy Racing) 116.<\/p>\n\n\n\n<p>Star\u0161\u00ed \u017e\u00e1ci a kadetky:<\/p>\n\n\n\n<p>1. M. Brad\u00e1\u010d 138, 2. Strakat\u00fd (oba Dukla Praha) 137, 3. Vacul\u00edk (Rexonix KOVO Praha) 118, &#8230;5. N. N\u011bmcov\u00e1 (Sportcomplec B\u0159eclav) 93.&nbsp;<\/p>\n\n\n\n<p>Mlad\u0161\u00ed \u017e\u00e1ci a \u017ea\u010dky:<\/p>\n\n\n\n<p>1. Klugov\u00e1 (MS Bike Academy Racing) 127, 2. Stanley 128, 3. Jan\u00edkov\u00e1 (ob\u011b Rexonix KOVO Praha) 118, 4. Kysela (TJ Favorit Brno) 118.<\/p>\n","protected":false},"excerpt":{"rendered":"<p>Posledn\u00ed dr\u00e1hov\u00e9 medaile z mistrovstv\u00ed \u010cesk\u00e9 republiky byly rozd\u011bleny v pra\u017esk\u00e9 hale v Motole. Na programu byl \u0161ampion\u00e1t ml\u00e1de\u017ee v omniu, z\u00e1rove\u0148 to byly z\u00e1vody po\u010d\u00edtan\u00e9 do dr\u00e1hov\u00e9ho \u0160koda Cupu &#8211; \u010cesk\u00e9ho poh\u00e1ru.&nbsp; V nejsledovan\u011bj\u0161\u00ed kategorii junior\u016f slavili jezdci t\u00fdmu Mapei Merida Ka\u0148kovsk\u00fd, kdy\u017e se z prvenstv\u00ed radoval Jan Poda\u0159il, Mat\u011bj Pit\u00e1k bral bronz a [&hellip;]<\/p>\n","protected":false},"author":8,"featured_media":28008,"comment_status":"closed","ping_status":"open","sticky":false,"template":"","format":"standard","meta":{"footnotes":""},"categories":[54,2],"tags":[9],"class_list":["post-28007","post","type-post","status-publish","format-standard","has-post-thumbnail","hentry","category-draha","category-novinky","tag-draha"],"_links":{"self":[{"href":"https:\/\/www.czechcyclingfederation.com\/en\/wp-json\/wp\/v2\/posts\/28007","targetHints":{"allow":["GET"]}}],"collection":[{"href":"https:\/\/www.czechcyclingfederation.com\/en\/wp-json\/wp\/v2\/posts"}],"about":[{"href":"https:\/\/www.czechcyclingfederation.com\/en\/wp-json\/wp\/v2\/types\/post"}],"author":[{"embeddable":true,"href":"https:\/\/www.czechcyclingfederation.com\/en\/wp-json\/wp\/v2\/users\/8"}],"replies":[{"embeddable":true,"href":"https:\/\/www.czechcyclingfederation.com\/en\/wp-json\/wp\/v2\/comments?post=28007"}],"version-history":[{"count":1,"href":"https:\/\/www.czechcyclingfederation.com\/en\/wp-json\/wp\/v2\/posts\/28007\/revisions"}],"predecessor-version":[{"id":28012,"href":"https:\/\/www.czechcyclingfederation.com\/en\/wp-json\/wp\/v2\/posts\/28007\/revisions\/28012"}],"wp:featuredmedia":[{"embeddable":true,"href":"https:\/\/www.czechcyclingfederation.com\/en\/wp-json\/wp\/v2\/media\/28008"}],"wp:attachment":[{"href":"https:\/\/www.czechcyclingfederation.com\/en\/wp-json\/wp\/v2\/media?parent=28007"}],"wp:term":[{"taxonomy":"category","embeddable":true,"href":"https:\/\/www.czechcyclingfederation.com\/en\/wp-json\/wp\/v2\/categories?post=28007"},{"taxonomy":"post_tag","embeddable":true,"href":"https:\/\/www.czechcyclingfederation.com\/en\/wp-json\/wp\/v2\/tags?post=28007"}],"curies":[{"name":"wp","href":"https:\/\/api.w.org\/{rel}","templated":true}]}}