{"id":280,"date":"2020-05-28T02:39:58","date_gmt":"2020-05-28T00:39:58","guid":{"rendered":"http:\/\/www.czechcyclingfederation.com\/?p=280"},"modified":"2020-07-16T13:41:21","modified_gmt":"2020-07-16T11:41:21","slug":"trenuj-s-repre-bmx-6-dil-dominik-topinka","status":"publish","type":"post","link":"https:\/\/www.czechcyclingfederation.com\/en\/trenuj-s-repre-bmx-6-dil-dominik-topinka\/","title":{"rendered":"Tr\u00e9nuj s repre BMX &#8211; 6. d\u00edl Dominik Topinka"},"content":{"rendered":"\n<p>Dne\u0161n\u00edm hostem projektu \u201eTr\u00e9nuj s repre BMX\u201c je Dominik Topinka &#8220;Topna&#8221;.<\/p>\n\n\n\n<p>Eli\u0165\u00e1k Dominik Topinka jezd\u00edc\u00ed za Bikros Club \u0158epy, kde mu nikdo ne\u0159ekne jinak ne\u017e \u201cTopna\u201d, v\u00e1s provede sobotn\u00edm d\u00edlem Tr\u00e9nuj s repre BMX. \u010cesk\u00fd reprezentant BMX v\u00e1m uk\u00e1\u017ee, jak na p\u0159ekon\u00e1n\u00ed \u201cdvoj\u00e1ku\u201d.<\/p>\n\n\n\n<p>Dal\u0161\u00ed informace naleznete n\u00ed\u017ee v p\u0159\u00edsp\u011bvku na Facebooku.<\/p>\n\n\n\n<figure><iframe loading=\"lazy\" src=\"https:\/\/www.facebook.com\/plugins\/video.php?href=https%3A%2F%2Fwww.facebook.com%2Fczechcyclingfederation%2Fvideos%2F832749017210282%2F&amp;show_text=0&amp;width=267\" width=\"267\" height=\"476\" allowfullscreen=\"true\"><\/iframe><\/figure>\n","protected":false},"excerpt":{"rendered":"<p>Dne\u0161n\u00edm hostem projektu \u201eTr\u00e9nuj s repre BMX\u201c je Dominik Topinka &#8220;Topna&#8221;. Eli\u0165\u00e1k Dominik Topinka jezd\u00edc\u00ed za Bikros Club \u0158epy, kde mu nikdo ne\u0159ekne jinak ne\u017e \u201cTopna\u201d, v\u00e1s provede sobotn\u00edm d\u00edlem Tr\u00e9nuj s repre BMX. \u010cesk\u00fd reprezentant BMX v\u00e1m uk\u00e1\u017ee, jak na p\u0159ekon\u00e1n\u00ed \u201cdvoj\u00e1ku\u201d. Dal\u0161\u00ed informace naleznete n\u00ed\u017ee v p\u0159\u00edsp\u011bvku na Facebooku.<\/p>\n","protected":false},"author":1,"featured_media":281,"comment_status":"closed","ping_status":"open","sticky":false,"template":"","format":"standard","meta":{"footnotes":""},"categories":[57,2],"tags":[55],"class_list":["post-280","post","type-post","status-publish","format-standard","has-post-thumbnail","hentry","category-bmx","category-novinky","tag-bmx"],"_links":{"self":[{"href":"https:\/\/www.czechcyclingfederation.com\/en\/wp-json\/wp\/v2\/posts\/280","targetHints":{"allow":["GET"]}}],"collection":[{"href":"https:\/\/www.czechcyclingfederation.com\/en\/wp-json\/wp\/v2\/posts"}],"about":[{"href":"https:\/\/www.czechcyclingfederation.com\/en\/wp-json\/wp\/v2\/types\/post"}],"author":[{"embeddable":true,"href":"https:\/\/www.czechcyclingfederation.com\/en\/wp-json\/wp\/v2\/users\/1"}],"replies":[{"embeddable":true,"href":"https:\/\/www.czechcyclingfederation.com\/en\/wp-json\/wp\/v2\/comments?post=280"}],"version-history":[{"count":1,"href":"https:\/\/www.czechcyclingfederation.com\/en\/wp-json\/wp\/v2\/posts\/280\/revisions"}],"predecessor-version":[{"id":282,"href":"https:\/\/www.czechcyclingfederation.com\/en\/wp-json\/wp\/v2\/posts\/280\/revisions\/282"}],"wp:featuredmedia":[{"embeddable":true,"href":"https:\/\/www.czechcyclingfederation.com\/en\/wp-json\/wp\/v2\/media\/281"}],"wp:attachment":[{"href":"https:\/\/www.czechcyclingfederation.com\/en\/wp-json\/wp\/v2\/media?parent=280"}],"wp:term":[{"taxonomy":"category","embeddable":true,"href":"https:\/\/www.czechcyclingfederation.com\/en\/wp-json\/wp\/v2\/categories?post=280"},{"taxonomy":"post_tag","embeddable":true,"href":"https:\/\/www.czechcyclingfederation.com\/en\/wp-json\/wp\/v2\/tags?post=280"}],"curies":[{"name":"wp","href":"https:\/\/api.w.org\/{rel}","templated":true}]}}