{"id":27980,"date":"2023-12-14T09:13:51","date_gmt":"2023-12-14T08:13:51","guid":{"rendered":"https:\/\/www.czechcyclingfederation.com\/?p=27980"},"modified":"2023-12-14T09:13:56","modified_gmt":"2023-12-14T08:13:56","slug":"erik-figar-uroven-freestyle-bmx-jde-skokove-dopredu","status":"publish","type":"post","link":"https:\/\/www.czechcyclingfederation.com\/en\/erik-figar-uroven-freestyle-bmx-jde-skokove-dopredu\/","title":{"rendered":"Erik Figar: \u00darove\u0148 Freestyle BMX jde skokov\u011b dop\u0159edu!"},"content":{"rendered":"\n<p>Pat\u0159\u00ed mezi pr\u016fkopn\u00edky a tahouny Freestyle BMX v&nbsp;\u010cesk\u00e9 republice.&nbsp;<strong>Erik Figar<\/strong>&nbsp;je reprezenta\u010dn\u00edm tren\u00e9rem t\u00e9to progresivn\u00ed discipl\u00edny, po\u0159\u00e1d\u00e1 z\u00e1vody, tr\u00e9nuje ml\u00e1de\u017e, \u0161\u00e9fuje odd\u00edlu v&nbsp;Brumov\u011b-Bylnici. Nov\u011b je tak\u00e9 porotcem UCI pro \u0159\u00edzen\u00ed mezin\u00e1rodn\u00edch z\u00e1vod\u016f.<\/p>\n\n\n\n<p>P\u0159\u00ed\u0161t\u00ed rok bude pro sportovn\u00ed sv\u011bt vrcholem olympi\u00e1da v&nbsp;Pa\u0159\u00ed\u017ei a je re\u00e1ln\u00e9, \u017ee tam \u010cesko bude m\u00edr zastoupen\u00ed d\u00edky mlad\u00e9 komet\u011b Ivet\u011b Miculy\u010dov\u00e9, dvojn\u00e1sobn\u00e9 mistryni Evropy. Nejen olympi\u00e1du, ale i&nbsp;&nbsp;stav \u010desk\u00e9ho Freestyle BMX a dal\u0161\u00ed t\u00e9mata, jsme s&nbsp;Erikem probrali v&nbsp;n\u00e1sleduj\u00edc\u00edm rozhovoru.<\/p>\n\n\n\n<p><strong>Souhlas\u00edte s t\u00edm, \u017ee popularizaci t\u00e9to discipl\u00edny u n\u00e1s hodn\u011b pomohla Iveta&nbsp;Miculy\u010dov\u00e1? Neb\u00fdt jejich \u00fasp\u011bch\u016f, tak o freestylu mo\u017en\u00e1 dodnes \u0161irok\u00e1 ve\u0159ejnost nev\u011bd\u011bla\u2026<\/strong><\/p>\n\n\n\n<p>D\u00edky Ivet\u011b je Freestyle BMX samoz\u0159ejm\u011b o dost v\u00edc vid\u011bt. Je\u0161t\u011b aby ne, nen\u00ed \u00fapln\u011b standard, kdy\u017e dvakr\u00e1t po sob\u011b vyhrajete mistrovstv\u00ed Evropy. Iveta je rozhodn\u011b talent a jsem s\u00e1m zv\u011bdav, kam a\u017e to m\u016f\u017ee dot\u00e1hnout. Ka\u017edop\u00e1dn\u011b bych nerad zapom\u00ednal na v\u0161echnu pr\u00e1ci a propagaci dal\u0161\u00edch lid\u00ed v tomto sportu. Celkov\u011b jde nahoru. Rozv\u00edj\u00ed se mo\u017enosti pro d\u011bti, vznikaj\u00ed nov\u00e9 z\u00e1vody, stav\u00ed se nov\u00e9 parky&#8230; T\u011bch aspekt\u016f je spousta a podle m\u011b je d\u016fle\u017eit\u00e9 br\u00e1t to jako celek. Kdy\u017e n\u011bkdo nov\u00fd uvid\u00ed Ivetu a bude cht\u00edt d\u00edky n\u00ed zkusit Freestyle BMX, t\u011b\u017eko se k tomu dostane, kdy\u017e nebude fungovat komunita. Za m\u011b to jsou zkr\u00e1tka propojen\u00e9 v\u011bci.<\/p>\n\n\n\n<figure class=\"wp-block-image size-large\"><img loading=\"lazy\" decoding=\"async\" width=\"1024\" height=\"683\" src=\"https:\/\/www.czechcyclingfederation.com\/wp-content\/uploads\/2023\/12\/Kral-cyklistiky-2022_hr034-1024x683.jpg\" alt=\"\" class=\"wp-image-27988\" srcset=\"https:\/\/www.czechcyclingfederation.com\/wp-content\/uploads\/2023\/12\/Kral-cyklistiky-2022_hr034-1024x683.jpg 1024w, https:\/\/www.czechcyclingfederation.com\/wp-content\/uploads\/2023\/12\/Kral-cyklistiky-2022_hr034-300x200.jpg 300w, https:\/\/www.czechcyclingfederation.com\/wp-content\/uploads\/2023\/12\/Kral-cyklistiky-2022_hr034-768x512.jpg 768w, https:\/\/www.czechcyclingfederation.com\/wp-content\/uploads\/2023\/12\/Kral-cyklistiky-2022_hr034-1536x1024.jpg 1536w, https:\/\/www.czechcyclingfederation.com\/wp-content\/uploads\/2023\/12\/Kral-cyklistiky-2022_hr034-2048x1366.jpg 2048w, https:\/\/www.czechcyclingfederation.com\/wp-content\/uploads\/2023\/12\/Kral-cyklistiky-2022_hr034-1320x880.jpg 1320w\" sizes=\"auto, (max-width: 1024px) 100vw, 1024px\" \/><figcaption class=\"wp-element-caption\">Erik Figar p\u0159ed\u00e1vaj\u00edc\u00ed ocen\u011bn\u00ed Ivet\u011b Miculy\u010dov\u00e9 p\u0159i galave\u010deru Kr\u00e1l cyklistiky 2022<\/figcaption><\/figure>\n\n\n\n<p><strong>Jak to vlastn\u011b te\u010f je s kvalifikac\u00ed Miculy\u010dov\u00e9 na olympi\u00e1du? Jednu dobu se&nbsp;\u0159\u00edkalo, \u017ee u\u017e to m\u00e1 jist\u00e9, te\u010f zase \u00fapln\u011b ne. Co j\u00ed tedy chyb\u00ed k definitiv\u011b?<\/strong><\/p>\n\n\n\n<p>Na olympijsk\u00e9 hry 2024 se m\u016f\u017eete kvalifikovat t\u0159emi zp\u016fsoby: z mistrovstv\u00ed sv\u011bta 2022, mistrovstv\u00ed sv\u011bta 2023 a kvalifika\u010dn\u00ed s\u00e9rie 2024. Ivet\u011b to jen o jedno m\u00edsto uteklo na mistrovstv\u00ed sv\u011bta 2022. To ale neznamen\u00e1, \u017ee by byl tento v\u00fdsledek k ni\u010demu. Ve chv\u00edli, kdy se trochu zam\u00edch\u00e1 po\u0159ad\u00ed v dal\u0161\u00edch z\u00e1vodech, m\u016f\u017ee se st\u00e1t, \u017ee n\u011bjak\u00fd st\u00e1t bude m\u00edt vyjeto v\u00edce m\u00edst, ne\u017e je povoleno. T\u00edm p\u00e1dem se bude \u0161krtat a posouvat. Kdy\u017e se toto stane, sta\u010d\u00ed Ivet\u011b, aby se cel\u00e9 po\u0159ad\u00ed posunulo o jedno m\u00edsto. St\u00e1le plat\u00ed, \u017ee m\u00e1 Iveta opravdu velkou \u0161anci se kvalifikovat, jen n\u00e1s to rychl\u00e9 tempo pokroku discipl\u00edny nau\u010dilo b\u00fdt opatrn\u011bj\u0161\u00ed. Kdybych si m\u011bl ale tipnout, vsadil bych na to, \u017ee si Iveta vyjede m\u00edsto v kvalifika\u010dn\u00ed s\u00e9rii 2024, a n\u011bjak\u00e9 posunut\u00ed po\u0159ad\u00ed vlastn\u011b ani nebude pot\u0159ebovat.<\/p>\n\n\n\n<p><strong>Co n\u00e1m chyb\u00ed, abychom m\u011bli dal\u0161\u00edho z\u00e1vodn\u00edka v neju\u017e\u0161\u00ed sv\u011btov\u00e9&nbsp;\u0161pi\u010dce?<\/strong><\/p>\n\n\n\n<p>Kdy\u017e to \u0159eknu hodn\u011b jednodu\u0161e, tak pen\u00edze. Sv\u011btov\u00e1 \u00farove\u0148 se neskute\u010dn\u011b zvedla a porovn\u00e1vat jezdce, kte\u0159\u00ed maj\u00ed ka\u017ed\u00fd den do punt\u00edku napl\u00e1novan\u00fd a nabit\u00fd tr\u00e9ninkem, s na\u0161imi jezdci, kte\u0159\u00ed chod\u00ed ka\u017ed\u00fd den do pr\u00e1ce nebo \u0161koly, potom jdou na kolo, kdy\u017e jim zbude \u010das, a z\u00e1vody si pl\u00e1nuj\u00ed podle zbytku dovolen\u00e9 v&nbsp;pr\u00e1ci nebo mezi zkou\u0161kami, to je prost\u011b trochu nepom\u011br. Ale to je realita, Historicky bylo v \u010cesku spousta Freestyle talent\u016f, tak\u017ee bych se toho neb\u00e1l, a prost\u011b tomu nechal voln\u00fd pr\u016fb\u011bh a \u010das. Kdy\u017e se objev\u00ed talent, je to v\u011bt\u0161inou vid\u011bt, a nakonec se d\u0159\u00edv nebo pozd\u011bji nahoru probojuje.<\/p>\n\n\n\n<p><strong>Co \u010dek\u00e1 Freestyle BMX v p\u0159\u00ed\u0161t\u00edm olympijsk\u00e9m roce?<\/strong><\/p>\n\n\n\n<p>Hlavn\u011b samoz\u0159ejm\u011b olympi\u00e1da. A v\u011b\u0159\u00edm, \u017ee tam budeme m\u00edt sv\u00e9ho z\u00e1stupce. Pr\u016fb\u011b\u017en\u011b s t\u00edm ale bude samoz\u0159ejm\u011b fungovat cel\u00e1 dom\u00e1c\u00ed sc\u00e9na. Spousta lok\u00e1ln\u00edch z\u00e1vod\u016f, sportovn\u00edch akc\u00ed, mistrovstv\u00ed \u010cR, a pokud v\u0161e dob\u0159e dopadne, snad budeme m\u00edt v roce 2024 seri\u00e1l z\u00e1vod\u016f \u010cesk\u00e9ho poh\u00e1ru Freestyle BMX. J\u00e1 vid\u00edm dal\u0161\u00ed rok hodn\u011b pozitivn\u011b.<\/p>\n\n\n\n<p><strong>Jak vid\u00edte budoucnost Freestyle BMX? Je to discipl\u00edna, kter\u00e1&nbsp;zaznamen\u00e1v\u00e1 prudk\u00fd rozvoj. Je to d\u00e1no trendem doby? Bude jej\u00ed&nbsp;popularita st\u00e1le stoupat?<\/strong><\/p>\n\n\n\n<p>P\u0159edpokl\u00e1d\u00e1m, \u017ee se jako ka\u017ed\u00fd sport jednou ust\u00e1l\u00ed na ur\u010dit\u00e9m bod\u011b. Nicm\u00e9n\u011b aktu\u00e1ln\u011b si mysl\u00edm, \u017ee jsme po\u0159\u00e1d je\u0161t\u011b na za\u010d\u00e1tku. Freestyle BMX byl d\u0159\u00edv opravdu jenom freestyle, kde skoro nic nebylo organizovan\u00e9. Aktu\u00e1ln\u011b se za\u010d\u00ednaj\u00ed formovat nov\u00e9 kluby, organizovat sportovn\u00ed krou\u017eky pro d\u011bti, v\u00fdukov\u00e9&nbsp;kempy, vzd\u011bl\u00e1vac\u00ed \u0161kolen\u00ed a mnoho dal\u0161\u00edho. Mysl\u00edm si, \u017ee se to bude je\u0161t\u011b p\u00e1r let formovat a mohlo by to obecn\u011b roz\u0161\u00ed\u0159it pov\u011bdom\u00ed o tomto sportu a p\u0159it\u00e1hnout nov\u00e9 lidi.&nbsp;<\/p>\n\n\n\n<p><strong>Existuj\u00ed n\u011bjak\u00e9 limity, p\u0159es kter\u00e9 u\u017e nejde j\u00edt?<\/strong><\/p>\n\n\n\n<p>Pot\u00e9, co se stal Freestyle BMX olympijskou discipl\u00ednou, jde \u00farove\u0148 je\u017ed\u011bn\u00ed skokov\u011b dop\u0159edu a mysl\u00edm si, \u017ee k limit\u016fm m\u00e1me je\u0161t\u011b daleko. Posouv\u00e1 se to ale tak rychle, \u017ee bych si netroufal odhadovat, jak\u00e9 triky budou jezdci za p\u00e1r let d\u011blat.<\/p>\n\n\n\n<p><strong>Jak jste se vy v\u016fbec dostal k Freestyle BMX?<\/strong><\/p>\n\n\n\n<p>Za\u010dal jsem jako v\u011bt\u0161ina kluk\u016f. S partou kamar\u00e1d\u016f, n\u011bkdy kolem v\u011bku 10 let. V\u0161ichni jsme tenkr\u00e1t zkou\u0161eli r\u016fzn\u00e9 sporty, a Freestyle BMX se n\u00e1m tehdy zd\u00e1l zkr\u00e1tka nejv\u00edc \u201ccool\u201d. P\u0159emluvili jsme proto v\u0161ichni rodi\u010de, a\u0165 n\u00e1m po\u0159\u00edd\u00ed kolo a za\u010dali jsme spolu n\u011bco zkou\u0161et v\u00a0m\u00edstn\u00edm bikeparku.<\/p>\n\n\n\n<figure class=\"wp-block-image size-large\"><img loading=\"lazy\" decoding=\"async\" width=\"1024\" height=\"683\" src=\"https:\/\/www.czechcyclingfederation.com\/wp-content\/uploads\/2023\/12\/erik-1-1024x683.jpeg\" alt=\"\" class=\"wp-image-27990\" srcset=\"https:\/\/www.czechcyclingfederation.com\/wp-content\/uploads\/2023\/12\/erik-1-1024x683.jpeg 1024w, https:\/\/www.czechcyclingfederation.com\/wp-content\/uploads\/2023\/12\/erik-1-300x200.jpeg 300w, https:\/\/www.czechcyclingfederation.com\/wp-content\/uploads\/2023\/12\/erik-1-768x512.jpeg 768w, https:\/\/www.czechcyclingfederation.com\/wp-content\/uploads\/2023\/12\/erik-1-1536x1025.jpeg 1536w, https:\/\/www.czechcyclingfederation.com\/wp-content\/uploads\/2023\/12\/erik-1-1320x880.jpeg 1320w, https:\/\/www.czechcyclingfederation.com\/wp-content\/uploads\/2023\/12\/erik-1.jpeg 2048w\" sizes=\"auto, (max-width: 1024px) 100vw, 1024px\" \/><figcaption class=\"wp-element-caption\">Erik Figar v dob\u011b sv\u00e9 z\u00e1vodn\u00ed kari\u00e9ry<\/figcaption><\/figure>\n\n\n\n<p><strong>Nakonec jste to dot\u00e1hl a\u017e k&nbsp;z\u00e1vod\u016fm. Jak\u00e9 byly va\u0161e nejv\u011bt\u0161\u00ed \u00fasp\u011bchy?<\/strong><\/p>\n\n\n\n<p>Se z\u00e1vod\u011bn\u00edm jsem za\u010dal n\u011bkdy kolem roku 2008, kdy jsem obj\u00ed\u017ed\u011bl men\u0161\u00ed lok\u00e1ln\u00ed z\u00e1vody v&nbsp;okol\u00ed. V&nbsp;roce 2012 jsem vyhr\u00e1l sv\u016fj prvn\u00ed titul mistra \u010cR a posunul se postupn\u011b v z\u00e1vod\u011bn\u00ed sp\u00ed\u0161 do zahrani\u010d\u00ed. Nejv\u011bt\u0161\u00ed \u00fasp\u011bch se t\u011b\u017eko hodnot\u00ed, n\u011bkter\u00e9 z\u00e1vody pro m\u011b m\u011bly v\u011bt\u0161\u00ed hodnotu, i kdy\u017e byly t\u0159eba konkuren\u010dn\u011b slab\u0161\u00ed. Kdybych to vzal ale podle konkurence, asi by to bylo 16.m\u00edsto v&nbsp;\u010c\u00edn\u011b na tehdy je\u0161t\u011b neofici\u00e1ln\u00edm mistrovstv\u00ed sv\u011bta.<\/p>\n\n\n\n<p><strong>Te\u010f u\u017e jste p\u0159esedlal na druhou stranu barik\u00e1dy nebo se je\u0161t\u011b svezete?<\/strong><\/p>\n\n\n\n<p>Sp\u00ed\u0161 je to ta druh\u00e1 strana. Svezu se, ale je to opravdu jen v\u00fdjime\u010dn\u00e9.<\/p>\n\n\n\n<p><strong>Jste mu\u017e mnoha tv\u00e1\u0159\u00ed: tren\u00e9r reprezentace, po\u0159adatel z\u00e1vod\u016f, tren\u00e9r ml\u00e1de\u017ee, \u0161\u00e9f odd\u00edlu. Kde se c\u00edt\u00edte nejl\u00edp?&nbsp;<\/strong><\/p>\n\n\n\n<p>M\u016f\u017ee se zd\u00e1t, \u017ee t\u011bch funkc\u00ed zast\u00e1v\u00e1m moc, nicm\u00e9n\u011b ka\u017ed\u00e1 z&nbsp;t\u011bchto vykon\u00e1van\u00fdch funkc\u00ed je n\u011bjak\u00fdm zp\u016fsobem omezen\u00e1 a zaslou\u017eila by si n\u011bjak\u00fd rozvoj a pokrok. J\u00e1 se te\u010f sna\u017e\u00edm nastartovat v\u0161echny tyto procesy, aby byl za p\u00e1r let Freestyle BMX tam, kde si zaslou\u017e\u00ed b\u00fdt, a t\u0159eba m\u011bl pro ka\u017edou tuto funkci \u010dlov\u011bka, kter\u00fd tomu bude v\u011bnovat \u010dasu je\u0161t\u011b v\u00edce.&nbsp;<\/p>\n\n\n\n<p><strong>Zvl\u00e1dat v\u0161echno dohromady se to d\u00e1?<\/strong><\/p>\n\n\n\n<p>Co se t\u00fd\u010de tr\u00e9ninku reprezentace, tak jsme je\u0161t\u011b st\u00e1le freestyle. Ka\u017ed\u00fd si vlastn\u011b tr\u00e9nuje s\u00e1m, dle sv\u00fdch mo\u017enost\u00ed a p\u0159edstav. Jezdci u\u017e jsou na profesion\u00e1ln\u00ed \u00farovni a ka\u017ed\u00fd v\u00ed, co m\u00e1 d\u011blat. J\u00e1 hraji roli a\u017e v&nbsp;p\u0159\u00edpad\u011b reprezenta\u010dn\u00edch v\u00fdjezd\u016f nebo ofici\u00e1ln\u00edch soust\u0159ed\u011bn\u00ed. Tam u\u017e s&nbsp;jezdci spoustu v\u011bc\u00ed konzultuji, prob\u00edr\u00e1me j\u00edzdy, co p\u0159idat, co odebrat, celkovou strategii ve sb\u00edr\u00e1n\u00ed bod\u016f a tak. \u00dapln\u011b naopak je to v&nbsp;na\u0161em klubu, kter\u00fd m\u00e1me ve m\u011bst\u011b Brumov-Bylnice. Tam se sna\u017e\u00edm z\u00edskat pro tento sport mladou generaci a zajistit jim do budoucna podobn\u00e9 podm\u00ednky, jak\u00e9 jsou v&nbsp;ostatn\u00edch sportech. Rozj\u00ed\u017ed\u00edme proto d\u011btsk\u00e9 krou\u017eky, kempy, dny otev\u0159en\u00fdch dve\u0159\u00ed, kde si m\u016f\u017eou d\u011bti tento sport vyzkou\u0161et. A z\u00e1rove\u0148 po\u0159\u00e1d\u00e1me z\u00e1vody. Letos jsme ud\u011blali jeden pro ml\u00e1de\u017e do 16 let, kde se se\u0161li nov\u00ed talenti, v\u010detn\u011b t\u011bch zahrani\u010dn\u00edch, a potom druh\u00fd jako ofici\u00e1ln\u00ed UCI z\u00e1vod kategorie C1, kde byla cel\u00e1 \u010desk\u00e1 reprezentace, ale p\u0159ijel t\u0159eba i bronzov\u00fd medailista Declan Brooks.&nbsp;<\/p>\n\n\n\n<p><strong>Nov\u011b jste tak\u00e9 UCI rozhod\u010d\u00ed BMX FS.<\/strong><\/p>\n\n\n\n<p>Ve Freestyle BMX se rozli\u0161uj\u00ed dv\u011b rozd\u00edln\u00e9 funkce: rozhod\u010d\u00ed a porotce. J\u00e1 jsem aktu\u00e1ln\u011b UCI porotce, co\u017e je funkce obvykle t\u0159\u00ed nebo \u010dty\u0159 lid\u00ed na z\u00e1vod\u011b, kte\u0159\u00ed hodnot\u00ed jednotliv\u00e9 j\u00edzdy a rozhoduj\u00ed o v\u00fdsledku. Oproti tomu&nbsp;rozhod\u010d\u00ed je \u010dlov\u011bk, kter\u00fd dohl\u00ed\u017e\u00ed na spr\u00e1vn\u00fd pr\u016fb\u011bh sout\u011b\u017ee.&nbsp;<\/p>\n\n\n\n<p><strong>Jak je n\u00e1ro\u010dn\u00e9 UCI zkou\u0161ky zvl\u00e1dnout?<\/strong><\/p>\n\n\n\n<p>\u0160lo o dvoudenn\u00ed \u0161kolen\u00ed se z\u00e1v\u011bre\u010dn\u00fdm testem. D\u016fraz byl p\u0159edev\u0161\u00edm na sjednocen\u00ed krit\u00e9ri\u00ed a metodiky, nicm\u00e9n\u011b po\u0159\u00e1d se bav\u00edme o subjektivn\u00edm hodnocen\u00ed. Proto tuto funkci na z\u00e1vod\u011b zast\u00e1v\u00e1 v\u017edy v\u00edc lid\u00ed a d\u011bl\u00e1 se v\u00fdsledn\u00fd pr\u016fm\u011br.<\/p>\n\n\n\n<p><strong>Znamen\u00e1 to, \u017ee u\u017e te\u010f m\u016f\u017eete&nbsp;jako&nbsp;porotce hodnotit v\u0161echny&nbsp;mezin\u00e1rodn\u00ed z\u00e1vody v\u010detn\u011b MS?<\/strong><\/p>\n\n\n\n<p>Mezin\u00e1rodn\u00ed z\u00e1vody ni\u017e\u0161\u00ed \u00farovn\u011b. Na ty vy\u0161\u0161\u00ed, jako je mistrovstv\u00ed Evropy nebo sv\u011bta, je pot\u0159eba k mezin\u00e1rodn\u00ed licenci dolo\u017eit tak\u00e9 ur\u010dit\u00e9 mno\u017estv\u00ed odporotcovan\u00fdch&nbsp;z\u00e1vod\u016f, a m\u00edt tak dostate\u010dn\u00e9 zku\u0161enosti pro takovou funkci. Tak\u017ee aktu\u00e1ln\u011b ne, ale v&nbsp;budoucnu snad ano.<\/p>\n","protected":false},"excerpt":{"rendered":"<p>Pat\u0159\u00ed mezi pr\u016fkopn\u00edky a tahouny Freestyle BMX v&nbsp;\u010cesk\u00e9 republice.&nbsp;Erik Figar&nbsp;je reprezenta\u010dn\u00edm tren\u00e9rem t\u00e9to progresivn\u00ed discipl\u00edny, po\u0159\u00e1d\u00e1 z\u00e1vody, tr\u00e9nuje ml\u00e1de\u017e, \u0161\u00e9fuje odd\u00edlu v&nbsp;Brumov\u011b-Bylnici. Nov\u011b je tak\u00e9 porotcem UCI pro \u0159\u00edzen\u00ed mezin\u00e1rodn\u00edch z\u00e1vod\u016f. P\u0159\u00ed\u0161t\u00ed rok bude pro sportovn\u00ed sv\u011bt vrcholem olympi\u00e1da v&nbsp;Pa\u0159\u00ed\u017ei a je re\u00e1ln\u00e9, \u017ee tam \u010cesko bude m\u00edr zastoupen\u00ed d\u00edky mlad\u00e9 komet\u011b Ivet\u011b Miculy\u010dov\u00e9, dvojn\u00e1sobn\u00e9 [&hellip;]<\/p>\n","protected":false},"author":15,"featured_media":27983,"comment_status":"closed","ping_status":"open","sticky":false,"template":"","format":"standard","meta":{"footnotes":""},"categories":[57,2],"tags":[55],"class_list":["post-27980","post","type-post","status-publish","format-standard","has-post-thumbnail","hentry","category-bmx","category-novinky","tag-bmx"],"_links":{"self":[{"href":"https:\/\/www.czechcyclingfederation.com\/en\/wp-json\/wp\/v2\/posts\/27980","targetHints":{"allow":["GET"]}}],"collection":[{"href":"https:\/\/www.czechcyclingfederation.com\/en\/wp-json\/wp\/v2\/posts"}],"about":[{"href":"https:\/\/www.czechcyclingfederation.com\/en\/wp-json\/wp\/v2\/types\/post"}],"author":[{"embeddable":true,"href":"https:\/\/www.czechcyclingfederation.com\/en\/wp-json\/wp\/v2\/users\/15"}],"replies":[{"embeddable":true,"href":"https:\/\/www.czechcyclingfederation.com\/en\/wp-json\/wp\/v2\/comments?post=27980"}],"version-history":[{"count":2,"href":"https:\/\/www.czechcyclingfederation.com\/en\/wp-json\/wp\/v2\/posts\/27980\/revisions"}],"predecessor-version":[{"id":27992,"href":"https:\/\/www.czechcyclingfederation.com\/en\/wp-json\/wp\/v2\/posts\/27980\/revisions\/27992"}],"wp:featuredmedia":[{"embeddable":true,"href":"https:\/\/www.czechcyclingfederation.com\/en\/wp-json\/wp\/v2\/media\/27983"}],"wp:attachment":[{"href":"https:\/\/www.czechcyclingfederation.com\/en\/wp-json\/wp\/v2\/media?parent=27980"}],"wp:term":[{"taxonomy":"category","embeddable":true,"href":"https:\/\/www.czechcyclingfederation.com\/en\/wp-json\/wp\/v2\/categories?post=27980"},{"taxonomy":"post_tag","embeddable":true,"href":"https:\/\/www.czechcyclingfederation.com\/en\/wp-json\/wp\/v2\/tags?post=27980"}],"curies":[{"name":"wp","href":"https:\/\/api.w.org\/{rel}","templated":true}]}}