{"id":27964,"date":"2023-12-10T18:17:30","date_gmt":"2023-12-10T17:17:30","guid":{"rendered":"https:\/\/www.czechcyclingfederation.com\/?p=27964"},"modified":"2023-12-10T20:12:16","modified_gmt":"2023-12-10T19:12:16","slug":"machacova-a-krenek-maji-tituly-z-omnia","status":"publish","type":"post","link":"https:\/\/www.czechcyclingfederation.com\/en\/machacova-a-krenek-maji-tituly-z-omnia\/","title":{"rendered":"Macha\u010dov\u00e1 a K\u0159enek maj\u00ed tituly z omnia"},"content":{"rendered":"\n<p>Zku\u0161en\u00e1 Jarmila Macha\u010dov\u00e1 z Dukly Praha vybojovala dnes dal\u0161\u00ed mistrovsk\u00fd titul. Na dr\u00e1hov\u00e9m \u0161ampion\u00e1tu \u0160KODA Cupu na okruhu v motolsk\u00e9 hale v Praze jej z\u00edskala v omniu, kdy\u017e nasb\u00edrala 162 bod\u016f a na stupn\u011b v\u00edt\u011bzek ji doprovodily odd\u00edlov\u00e9 kolegyn\u011b Kate\u0159ina Kohoutkov\u00e1 a Barbora N\u011bmcov\u00e1.<\/p>\n\n\n\n<p>Mezi mu\u017ei si vedl nejl\u00e9pe Adam K\u0159enek z TJ Favorit Brno se 174 body, o dev\u011bt m\u00e9n\u011b jich z\u00edskal Radovan \u0160tec (Israel Cycling Academy) a bronz vybojoval Maty\u00e1\u0161 Kobl\u00ed\u017eek z TUFO Pardus Prost\u011bjov s ji\u017e velk\u00fdm odstupem.<\/p>\n\n\n\n<figure class=\"wp-block-image size-large\"><img loading=\"lazy\" decoding=\"async\" width=\"1024\" height=\"682\" src=\"https:\/\/www.czechcyclingfederation.com\/wp-content\/uploads\/2023\/12\/BrychtaJan_GP_Favorit_Brno_Prilba_Moravy_20230922_191451_DSC_9521-1024x682.jpg\" alt=\"\" class=\"wp-image-27973\" srcset=\"https:\/\/www.czechcyclingfederation.com\/wp-content\/uploads\/2023\/12\/BrychtaJan_GP_Favorit_Brno_Prilba_Moravy_20230922_191451_DSC_9521-1024x682.jpg 1024w, https:\/\/www.czechcyclingfederation.com\/wp-content\/uploads\/2023\/12\/BrychtaJan_GP_Favorit_Brno_Prilba_Moravy_20230922_191451_DSC_9521-300x200.jpg 300w, https:\/\/www.czechcyclingfederation.com\/wp-content\/uploads\/2023\/12\/BrychtaJan_GP_Favorit_Brno_Prilba_Moravy_20230922_191451_DSC_9521-768x511.jpg 768w, https:\/\/www.czechcyclingfederation.com\/wp-content\/uploads\/2023\/12\/BrychtaJan_GP_Favorit_Brno_Prilba_Moravy_20230922_191451_DSC_9521-1536x1022.jpg 1536w, https:\/\/www.czechcyclingfederation.com\/wp-content\/uploads\/2023\/12\/BrychtaJan_GP_Favorit_Brno_Prilba_Moravy_20230922_191451_DSC_9521-1320x878.jpg 1320w, https:\/\/www.czechcyclingfederation.com\/wp-content\/uploads\/2023\/12\/BrychtaJan_GP_Favorit_Brno_Prilba_Moravy_20230922_191451_DSC_9521.jpg 2048w\" sizes=\"auto, (max-width: 1024px) 100vw, 1024px\" \/><\/figure>\n\n\n\n<p>V\u00fdsledky mistrovstv\u00ed \u010cR:<\/p>\n\n\n\n<p>Omnium:<\/p>\n\n\n\n<p>Mu\u017ei:<\/p>\n\n\n\n<p>1. K\u0159enek (TJ Favorit Brno) 174, 2. \u0160tec (Israel Cycling Academy) 165, 3. M. Kobl\u00ed\u017eek (TUFO Pardus Prost\u011bjov) 131, 4. Rugovac (Sparta Praha) 130, 6. O. \u0160ilhav\u00fd (Rexonix KOVO Praha) 130, 6. Vone\u0161 (TUFO Pardus Prost\u011bjov) 101.<\/p>\n\n\n\n<p>\u017deny:<\/p>\n\n\n\n<p>1. Macha\u010dov\u00e1 162, 2. Kohoutkov\u00e1 144, 3. B. N\u011bmcov\u00e1 (v\u0161echny Dukla Praha) 133, 4. V Barton\u00edkov\u00e1 (Dukla Brno) 113, 5. He\u0159manovsk\u00e1 (Entete Cycliste de Wallone) 111, 6. B\u00e1rtov\u00e1 (Dukla Praha) 90. <\/p>\n\n\n\n<figure class=\"wp-block-image size-full\"><img loading=\"lazy\" decoding=\"async\" width=\"1024\" height=\"517\" src=\"https:\/\/www.czechcyclingfederation.com\/wp-content\/uploads\/2023\/12\/omnium-Obrazek-WhatsApp-2023-12-10-v-17.21.20_a7554a9a.jpg\" alt=\"\" class=\"wp-image-27967\" srcset=\"https:\/\/www.czechcyclingfederation.com\/wp-content\/uploads\/2023\/12\/omnium-Obrazek-WhatsApp-2023-12-10-v-17.21.20_a7554a9a.jpg 1024w, https:\/\/www.czechcyclingfederation.com\/wp-content\/uploads\/2023\/12\/omnium-Obrazek-WhatsApp-2023-12-10-v-17.21.20_a7554a9a-300x151.jpg 300w, https:\/\/www.czechcyclingfederation.com\/wp-content\/uploads\/2023\/12\/omnium-Obrazek-WhatsApp-2023-12-10-v-17.21.20_a7554a9a-768x388.jpg 768w\" sizes=\"auto, (max-width: 1024px) 100vw, 1024px\" \/><\/figure>\n\n\n\n<p>FOTO Milan Kadlec<\/p>\n","protected":false},"excerpt":{"rendered":"<p>Zku\u0161en\u00e1 Jarmila Macha\u010dov\u00e1 z Dukly Praha vybojovala dnes dal\u0161\u00ed mistrovsk\u00fd titul. Na dr\u00e1hov\u00e9m \u0161ampion\u00e1tu \u0160KODA Cupu na okruhu v motolsk\u00e9 hale v Praze jej z\u00edskala v omniu, kdy\u017e nasb\u00edrala 162 bod\u016f a na stupn\u011b v\u00edt\u011bzek ji doprovodily odd\u00edlov\u00e9 kolegyn\u011b Kate\u0159ina Kohoutkov\u00e1 a Barbora N\u011bmcov\u00e1. Mezi mu\u017ei si vedl nejl\u00e9pe Adam K\u0159enek z TJ Favorit Brno [&hellip;]<\/p>\n","protected":false},"author":8,"featured_media":27965,"comment_status":"closed","ping_status":"open","sticky":false,"template":"","format":"standard","meta":{"footnotes":""},"categories":[54,2],"tags":[9],"class_list":["post-27964","post","type-post","status-publish","format-standard","has-post-thumbnail","hentry","category-draha","category-novinky","tag-draha"],"_links":{"self":[{"href":"https:\/\/www.czechcyclingfederation.com\/en\/wp-json\/wp\/v2\/posts\/27964","targetHints":{"allow":["GET"]}}],"collection":[{"href":"https:\/\/www.czechcyclingfederation.com\/en\/wp-json\/wp\/v2\/posts"}],"about":[{"href":"https:\/\/www.czechcyclingfederation.com\/en\/wp-json\/wp\/v2\/types\/post"}],"author":[{"embeddable":true,"href":"https:\/\/www.czechcyclingfederation.com\/en\/wp-json\/wp\/v2\/users\/8"}],"replies":[{"embeddable":true,"href":"https:\/\/www.czechcyclingfederation.com\/en\/wp-json\/wp\/v2\/comments?post=27964"}],"version-history":[{"count":2,"href":"https:\/\/www.czechcyclingfederation.com\/en\/wp-json\/wp\/v2\/posts\/27964\/revisions"}],"predecessor-version":[{"id":27975,"href":"https:\/\/www.czechcyclingfederation.com\/en\/wp-json\/wp\/v2\/posts\/27964\/revisions\/27975"}],"wp:featuredmedia":[{"embeddable":true,"href":"https:\/\/www.czechcyclingfederation.com\/en\/wp-json\/wp\/v2\/media\/27965"}],"wp:attachment":[{"href":"https:\/\/www.czechcyclingfederation.com\/en\/wp-json\/wp\/v2\/media?parent=27964"}],"wp:term":[{"taxonomy":"category","embeddable":true,"href":"https:\/\/www.czechcyclingfederation.com\/en\/wp-json\/wp\/v2\/categories?post=27964"},{"taxonomy":"post_tag","embeddable":true,"href":"https:\/\/www.czechcyclingfederation.com\/en\/wp-json\/wp\/v2\/tags?post=27964"}],"curies":[{"name":"wp","href":"https:\/\/api.w.org\/{rel}","templated":true}]}}