{"id":2795,"date":"2020-11-02T15:45:55","date_gmt":"2020-11-02T14:45:55","guid":{"rendered":"http:\/\/www.czechcyclingfederation.com\/?p=2795"},"modified":"2020-11-02T15:45:55","modified_gmt":"2020-11-02T14:45:55","slug":"bikerka-tvaruzkova-vitezi-v-turecku","status":"publish","type":"post","link":"https:\/\/www.czechcyclingfederation.com\/en\/bikerka-tvaruzkova-vitezi-v-turecku\/","title":{"rendered":"Bikerka Tvar\u016f\u017ekov\u00e1 v\u00edt\u011bz\u00ed v Turecku"},"content":{"rendered":"\n<p>Cyklokros jezdit prakticky v sou\u010dasn\u00e9 dob\u011b nem\u016f\u017ee, tak si na z\u00e1v\u011br sezony zajela Tereza Tvar\u016f\u017ekov\u00e1 (Expres CZ Tufo Kol\u00edn) vyjet body do sv\u011btov\u00e9ho bikov\u00e9ho \u017eeb\u0159\u00ed\u010dku do Turecka. Ve m\u011bst\u011b Alanye se tento v\u00edkend jely dva z\u00e1vody, dal\u0161\u00ed jsou na programu za t\u00fdden. V podniku Alanya Avocado Cup je zat\u00edm stoprocentn\u00ed, dva starty dv\u011b v\u00fdhry.<\/p>\n\n\n\n<p>V sobotu se jel z\u00e1vod kategorie C2 a v ned\u011bli C1. Des\u00e1t\u00e1 bikerka z mistrovstv\u00ed Evropy kategorie U23 si za sebou o v\u00edce ne\u017e minutu nechala i dr\u017eitelku bronzov\u00e9 medaile z ME&nbsp; Viktorii Kirsanovou z Ruska. Neztratil se ani jej\u00ed t\u00fdmov\u00fd kolega Jakub Ku\u010dera, v sobotu dojel osm\u00fd, v ned\u011bli pak t\u0159et\u00ed. Oba z\u00e1vody mu\u017e\u016f vyhr\u00e1l ukrajinsk\u00fd reprezentant Dmytro Titarenko.<\/p>\n\n\n\n<p>&#8220;Vyrazili jsme na konec sezony u\u017e\u00edt si trochu tepla, ale p\u0159edev\u0161\u00edm pro body. Tereza je pot\u0159ebuje do \u017eeb\u0159\u00ed\u010dku pro lep\u0161\u00ed postaven\u00ed na startu v p\u0159\u00ed\u0161t\u00ed sezon\u011b, kde bychom r\u00e1di posunuli la\u0165ku je\u0161t\u011b v\u00fd\u0161,&#8221; \u0159\u00edk\u00e1 mana\u017eer t\u00fdmu Jan Slav\u00ed\u010dek. Tvar\u016f\u017ekov\u00e9 se v&nbsp;Turecku da\u0159\u00ed. Ji\u017e na ja\u0159e z&nbsp;p\u011bti z\u00e1vod\u016f dok\u00e1zala \u010dty\u0159i vyhr\u00e1t.<\/p>\n\n\n\n<p>V\u00fdsledky:<\/p>\n\n\n\n<p>C2:<\/p>\n\n\n\n<p>Mu\u017ei:<\/p>\n\n\n\n<p>1. Titarenko 1:07:44, 2. Mojsejev (oba Ukr.) +36, 3. Kelleci (Tur.) +1:20, &#8230;8. Ku\u010dera (\u010cR) +2:49.<\/p>\n\n\n\n<p>\u017deny:<\/p>\n\n\n\n<p>1.Tvar\u016f\u017ekov\u00e1 (\u010cR) 1:04:30, 2. Kirsanov\u00e1 (Ukr.) +1:11, 3. Pintari\u010dov\u00e1 (Ukr.) +2:51.<\/p>\n\n\n\n<p>C1:<\/p>\n\n\n\n<p>Mu\u017ei:<\/p>\n\n\n\n<p>1. Titarenko 1:10:59, 2. Mojsejev +55, 3. Ku\u010dera +2:27.<\/p>\n\n\n\n<p>\u017den:<\/p>\n\n\n\n<p>1.Tvar\u016f\u017ekov\u00e1 1:10:04, 2. Kirsanov\u00e1 +3:18, 3. Pintari\u010dov\u00e1 +6:26.<\/p>\n\n\n\n<p>FOTO Jan Slav\u00ed\u010dek<\/p>\n\n\n\n<figure class=\"wp-block-image size-large\"><img loading=\"lazy\" decoding=\"async\" width=\"768\" height=\"1024\" src=\"https:\/\/www.czechcyclingfederation.com\/wp-content\/uploads\/2020\/11\/IMG-20201101-WA0005-768x1024.jpg\" alt=\"\" class=\"wp-image-2797\" srcset=\"https:\/\/www.czechcyclingfederation.com\/wp-content\/uploads\/2020\/11\/IMG-20201101-WA0005-768x1023.jpg 768w, https:\/\/www.czechcyclingfederation.com\/wp-content\/uploads\/2020\/11\/IMG-20201101-WA0005-150x200.jpg 150w, https:\/\/www.czechcyclingfederation.com\/wp-content\/uploads\/2020\/11\/IMG-20201101-WA0005-1153x1536.jpg 1153w, https:\/\/www.czechcyclingfederation.com\/wp-content\/uploads\/2020\/11\/IMG-20201101-WA0005.jpg 1200w\" sizes=\"auto, (max-width: 768px) 100vw, 768px\" \/><\/figure>\n","protected":false},"excerpt":{"rendered":"<p>Cyklokros jezdit prakticky v sou\u010dasn\u00e9 dob\u011b nem\u016f\u017ee, tak si na z\u00e1v\u011br sezony zajela Tereza Tvar\u016f\u017ekov\u00e1 (Expres CZ Tufo Kol\u00edn) vyjet body do sv\u011btov\u00e9ho bikov\u00e9ho \u017eeb\u0159\u00ed\u010dku do Turecka. Ve m\u011bst\u011b Alanye se tento v\u00edkend jely dva z\u00e1vody, dal\u0161\u00ed jsou na programu za t\u00fdden. V podniku Alanya Avocado Cup je zat\u00edm stoprocentn\u00ed, dva starty dv\u011b v\u00fdhry. V [&hellip;]<\/p>\n","protected":false},"author":8,"featured_media":2796,"comment_status":"closed","ping_status":"open","sticky":false,"template":"","format":"standard","meta":{"footnotes":""},"categories":[6,2],"tags":[10],"class_list":["post-2795","post","type-post","status-publish","format-standard","has-post-thumbnail","hentry","category-mtb","category-novinky","tag-mtb"],"_links":{"self":[{"href":"https:\/\/www.czechcyclingfederation.com\/en\/wp-json\/wp\/v2\/posts\/2795","targetHints":{"allow":["GET"]}}],"collection":[{"href":"https:\/\/www.czechcyclingfederation.com\/en\/wp-json\/wp\/v2\/posts"}],"about":[{"href":"https:\/\/www.czechcyclingfederation.com\/en\/wp-json\/wp\/v2\/types\/post"}],"author":[{"embeddable":true,"href":"https:\/\/www.czechcyclingfederation.com\/en\/wp-json\/wp\/v2\/users\/8"}],"replies":[{"embeddable":true,"href":"https:\/\/www.czechcyclingfederation.com\/en\/wp-json\/wp\/v2\/comments?post=2795"}],"version-history":[{"count":1,"href":"https:\/\/www.czechcyclingfederation.com\/en\/wp-json\/wp\/v2\/posts\/2795\/revisions"}],"predecessor-version":[{"id":2798,"href":"https:\/\/www.czechcyclingfederation.com\/en\/wp-json\/wp\/v2\/posts\/2795\/revisions\/2798"}],"wp:featuredmedia":[{"embeddable":true,"href":"https:\/\/www.czechcyclingfederation.com\/en\/wp-json\/wp\/v2\/media\/2796"}],"wp:attachment":[{"href":"https:\/\/www.czechcyclingfederation.com\/en\/wp-json\/wp\/v2\/media?parent=2795"}],"wp:term":[{"taxonomy":"category","embeddable":true,"href":"https:\/\/www.czechcyclingfederation.com\/en\/wp-json\/wp\/v2\/categories?post=2795"},{"taxonomy":"post_tag","embeddable":true,"href":"https:\/\/www.czechcyclingfederation.com\/en\/wp-json\/wp\/v2\/tags?post=2795"}],"curies":[{"name":"wp","href":"https:\/\/api.w.org\/{rel}","templated":true}]}}