{"id":27894,"date":"2023-12-04T11:23:44","date_gmt":"2023-12-04T10:23:44","guid":{"rendered":"https:\/\/www.czechcyclingfederation.com\/?p=27894"},"modified":"2023-12-05T11:44:30","modified_gmt":"2023-12-05T10:44:30","slug":"vrcholem-zimni-drahove-sezony-bude-maxbike-mistrovstvi-planety","status":"publish","type":"post","link":"https:\/\/www.czechcyclingfederation.com\/en\/vrcholem-zimni-drahove-sezony-bude-maxbike-mistrovstvi-planety\/","title":{"rendered":"Vrcholem zimn\u00ed dr\u00e1hov\u00e9 sez\u00f3ny bude Maxbike Mistrovstv\u00ed Planety"},"content":{"rendered":"\n<p>Skv\u011bl\u00e1 cyklistika, bou\u0159liv\u00e1 atmosf\u00e9ra, perfektn\u00ed v\u00fdkony a emoce co by se daly kr\u00e1jet, t\u00edm v\u0161\u00edm je v\u017edy p\u0159ed V\u00e1noci napln\u011bn n\u00e1\u0161 jedin\u00fd cyklistick\u00fd d\u0159ev\u011bn\u00fd ov\u00e1l.&nbsp;<\/p>\n\n\n\n<p>Hlavn\u00ed program dr\u00e1hov\u00fdch z\u00e1vod\u016f, kter\u00e9 p\u00ed\u0161\u00ed u\u017e sv\u016fj dvan\u00e1ct\u00fd ro\u010dn\u00edk odstartuje na motolsk\u00e9m velodromu v&nbsp;sobotu 9. prosince fin\u00e1lovou j\u00edzdou mistrovstv\u00ed republiky ve st\u00edha\u010dce dru\u017estev elitn\u00edch mu\u017e\u016f na 4km. Prvn\u00ed \u010dty\u0159i mist\u0159i tedy budou zn\u00e1m\u00ed po n\u011bco m\u00e1lo v\u00edce ne\u017e \u010dty\u0159ech minut\u00e1ch.&nbsp;<\/p>\n\n\n\n<figure class=\"wp-block-image size-full\"><img loading=\"lazy\" decoding=\"async\" width=\"800\" height=\"600\" src=\"https:\/\/www.czechcyclingfederation.com\/wp-content\/uploads\/2023\/12\/Unknown-2.jpeg\" alt=\"\" class=\"wp-image-27895\" srcset=\"https:\/\/www.czechcyclingfederation.com\/wp-content\/uploads\/2023\/12\/Unknown-2.jpeg 800w, https:\/\/www.czechcyclingfederation.com\/wp-content\/uploads\/2023\/12\/Unknown-2-267x200.jpeg 267w, https:\/\/www.czechcyclingfederation.com\/wp-content\/uploads\/2023\/12\/Unknown-2-768x576.jpeg 768w\" sizes=\"auto, (max-width: 800px) 100vw, 800px\" \/><\/figure>\n\n\n\n<p>A ve vysok\u00e9m nasazen\u00e9m tempu se bude v programu pokra\u010dovat. Mistrovstv\u00ed republiky se odehraje ve v\u0161ech v\u011bkov\u00fdch kategori\u00edch v&nbsp;atraktivn\u00edm z\u00e1vod\u011b &#8211; posledn\u00ed m\u00e1te pad\u00e1ka \u2013 tedy eliminaci. Vylu\u010dovat a\u017e do posledn\u00edho souboje se bude postupn\u011b od nejmlad\u0161\u00edch \u017e\u00e1k\u016f a \u017e\u00e1ky\u0148 a\u017e po elitn\u00ed kategorii mu\u017e\u016f a \u017een. Mezi t\u011bmi odstartuje i lo\u0148sk\u00e1 sv\u011btov\u00e1 juniorsk\u00e1 \u0161ampionka B\u00e1ra N\u011bmcov\u00e1.<\/p>\n\n\n\n<figure class=\"wp-block-image\"><img decoding=\"async\" src=\"blob:https:\/\/www.czechcyclingfederation.com\/af482ee7-9a7f-4c60-a77d-b11b16e9f530\" alt=\"\"\/><\/figure>\n\n\n\n<p>Prvn\u00edm doprovodn\u00fdm programem bude cca v&nbsp;16:30 vlo\u017een\u00fd z\u00e1vod nejmen\u0161\u00edch d\u011bt\u00ed na odr\u00e1\u017eedlech a mal\u00fdch kolech. Maminky se nemus\u00ed b\u00e1t, pojede se po chodn\u00ed\u010dku, klopen\u00ed si d\u011bti nechaj\u00ed na pozd\u011bji a v\u0161echny se dostanou na stupn\u011b v\u00edt\u011bz\u016f a vyhraj\u00ed cenu. I ti nejv\u011bt\u0161\u00ed \u0161ampioni v\u017edy n\u011bjak za\u010d\u00ednali, rozz\u00e1\u0159en\u00e9 tv\u00e1\u0159e za to stoj\u00ed a roztleskaj\u00ed div\u00e1ky.<\/p>\n\n\n\n<figure class=\"wp-block-image\"><img decoding=\"async\" src=\"blob:https:\/\/www.czechcyclingfederation.com\/7f8b4e60-123f-48df-b159-9f3434bbc9d9\" alt=\"\"\/><\/figure>\n\n\n\n<p>N\u00e1\u0161 respekt si bezesporu vydobyde i exhibi\u010dn\u00ed j\u00edzda tandemu s&nbsp;hendikepovan\u00fdm nevidom\u00fdm cyklistou. Mo\u017en\u00e1 si uv\u011bdom\u00edme, jak mal\u00e9 probl\u00e9my \u0159e\u0161\u00edme.<\/p>\n\n\n\n<p>Mistrovstv\u00ed Planety se d\u00e1le odehraje tak\u00e9 v&nbsp;kategorii hobby open v&nbsp;team sprintu a individu\u00e1ln\u00ed j\u00edzd\u011b na 200m s&nbsp;letm\u00fdm startem. Nejen \u017ee z\u00e1vod bude mezin\u00e1rodn\u00ed, p\u0159ihl\u00e1sil se t\u00fdm z&nbsp;Polska, ale tyto souboje budou oko\u0159en\u011bny \u00fa\u010dast\u00ed mistr\u016f sv\u011bta, t\u00e9to kategorie cyklist\u016f.&nbsp;&nbsp;T\u00fdm sprint mu\u017e\u016f a sprinterka Zuzana Rychnovsk\u00e1 z\u00edskali sv\u00e9 duhov\u00e9 dresy letos na MS v&nbsp;Manchesteru a p\u0159edstav\u00ed se v&nbsp;nich v&nbsp;Motole.<\/p>\n\n\n\n<figure class=\"wp-block-image\"><img decoding=\"async\" src=\"blob:https:\/\/www.czechcyclingfederation.com\/14d57b46-7b53-4960-8e70-6ae11a050703\" alt=\"\"\/><\/figure>\n\n\n\n<p>Nejpopul\u00e1rn\u011bj\u0161\u00edm doprovodn\u00fdm bodem programu je v\u017edy planet\u00e1rn\u00ed mistrovstv\u00ed mechanik\u016f v&nbsp;dovednostn\u00ed sout\u011b\u017ei. Mu\u017ei, ale i n\u011bkolik state\u010dn\u00fdch \u017een si z dr\u00e1hovky vymontuje p\u0159edn\u00ed a zadn\u00ed kolo, sundaj\u00ed p\u0159evodn\u00edk a cel\u00e9 to rozlo\u017e\u00ed na chodn\u00ed\u010dku. Po v\u00fdst\u0159elu mus\u00ed cel\u00fd speci\u00e1l slo\u017eit a objet na n\u011bm jedno kolo tak aby se nerozpadl. V\u00edt\u011bz dost\u00e1v\u00e1 mistrovskou planet\u00e1rn\u00ed z\u00e1st\u011bru, v n\u00ed\u017e je povinen startovat na v\u0161ech z\u00e1vodech v&nbsp;t\u00e9to kategorii cel\u00fd rok.&nbsp;<\/p>\n\n\n\n<figure class=\"wp-block-image\"><img decoding=\"async\" src=\"blob:https:\/\/www.czechcyclingfederation.com\/74871f3e-6c4b-46d4-8ca8-680231cce298\" alt=\"\"\/><\/figure>\n\n\n\n<p>Vrcholem sportovn\u00edho programu bude pro \u017eeny mistrovstv\u00ed republiky v&nbsp;bodova\u010dce, kde se po lo\u0148sk\u00e9 pauze vypln\u011bn\u00e9 mate\u0159sk\u00fdmi povinnostmi (na Planet\u011b ov\u0161em startovala mezi mechaniky) p\u0159edstav\u00ed exmistryn\u011b sv\u011bta v&nbsp;t\u00e9to discipl\u00edn\u011b Jarmila Macha\u010dov\u00e1. Petra \u0160ev\u010d\u00edkov\u00e1 m\u00e1 letos za sebou premi\u00e9rovou a velmi \u00fasp\u011b\u0161nou \u00fa\u010dast v&nbsp;Track Champions League a mezi \u017eenami k&nbsp;velk\u00e9 radosti div\u00e1ka dorostla solidn\u00ed konkurence. P\u0159i spole\u010dn\u00e9m startu s&nbsp;juniorkami se d\u00e1 o\u010dek\u00e1vat super z\u00e1vod.<\/p>\n\n\n\n<figure class=\"wp-block-image\"><img decoding=\"async\" src=\"blob:https:\/\/www.czechcyclingfederation.com\/cbad1ea8-bdaf-4967-96e3-f78edf8648c0\" alt=\"\"\/><\/figure>\n\n\n\n<p>Z\u00e1v\u011br Planety pak obstar\u00e1 asi nejo\u010dek\u00e1van\u011bj\u0161\u00ed \u0159e\u017e o titul mistr\u016f republiky v&nbsp;madisonu mu\u017e\u016f. Po dlouh\u00fdch letech se tento z\u00e1vod pojede na kr\u00e1tk\u00e9 dr\u00e1ze v&nbsp;Motole a bojovat mo\u017en\u00e1 i \u00fa\u010dast na olympi\u00e1d\u011b v&nbsp;n\u011bm budou dva asi nejv\u00edce favorizovan\u00e9 t\u00fdmy reprezentant\u016f: Denis Rugovac\/Jan Vone\u0161 a na dr\u00e1hu se po del\u0161\u00ed dob\u011b vrac\u00ed z\u00e1vodn\u00edci Caja Rural \u2013 Seguros RGA Daniel Babor\/Tom\u00e1\u0161 B\u00e1rta, ale kdo v\u00ed, t\u0159eba to dopadne cel\u00e9 jinak, americk\u00e9 dvojice jsou dech berouc\u00ed drama a vysok\u00e1 \u0161kola techniky a strategie.<\/p>\n\n\n\n<figure class=\"wp-block-image\"><img decoding=\"async\" src=\"blob:https:\/\/www.czechcyclingfederation.com\/56c04b3d-175b-4526-adea-bcbe3a099a07\" alt=\"Nen\u00ed k dispozici \u017e\u00e1dn\u00fd popis fotky.\"\/><\/figure>\n\n\n\n<p>Posledn\u00ed mist\u0159i republiky pr\u00e1v\u011b z\u00a0madisonu budou na Planet\u011b dekorov\u00e1ni cca ve 20:45. N\u00e1sleduje tombola, v\u00a0n\u00ed\u017e si div\u00e1ci mohou vyhr\u00e1t skv\u011bl\u00e9 trofeje. Po celou dobu z\u00e1vodu je zaji\u0161t\u011bno bohat\u00e9 ob\u010derstven\u00ed, kter\u00e9 tradi\u010dn\u011b p\u0159ipravuj\u00ed maminky mlad\u00fdch dukl\u00e1k\u016f, k\u00a0pit\u00ed bude vynikaj\u00edc\u00ed \u00fan\u011btick\u00e9. Vstupn\u00e9 je dobrovoln\u00e9 a v\u00fdt\u011b\u017eek z\u00a0n\u011bj, tomboly i ob\u010derstven\u00ed putuje kompletn\u011b na konto dukl\u00e1ck\u00e9 p\u0159\u00edpravky, ka\u017ed\u00e9 Va\u0161e vypit\u00e9 pivo tedy pom\u016f\u017ee rozvoji cyklistiky u n\u00e1s!\u00a0<\/p>\n\n\n\n<figure class=\"wp-block-image size-large\"><img loading=\"lazy\" decoding=\"async\" width=\"724\" height=\"1024\" src=\"https:\/\/www.czechcyclingfederation.com\/wp-content\/uploads\/2023\/12\/Unknown-724x1024.jpeg\" alt=\"\" class=\"wp-image-27910\" srcset=\"https:\/\/www.czechcyclingfederation.com\/wp-content\/uploads\/2023\/12\/Unknown-724x1024.jpeg 724w, https:\/\/www.czechcyclingfederation.com\/wp-content\/uploads\/2023\/12\/Unknown-141x200.jpeg 141w, https:\/\/www.czechcyclingfederation.com\/wp-content\/uploads\/2023\/12\/Unknown-768x1086.jpeg 768w, https:\/\/www.czechcyclingfederation.com\/wp-content\/uploads\/2023\/12\/Unknown.jpeg 1080w\" sizes=\"auto, (max-width: 724px) 100vw, 724px\" \/><\/figure>\n\n\n\n<figure class=\"wp-block-image size-full\"><img loading=\"lazy\" decoding=\"async\" width=\"960\" height=\"498\" src=\"https:\/\/www.czechcyclingfederation.com\/wp-content\/uploads\/2023\/12\/Unknown-1.jpeg\" alt=\"\" class=\"wp-image-27912\" srcset=\"https:\/\/www.czechcyclingfederation.com\/wp-content\/uploads\/2023\/12\/Unknown-1.jpeg 960w, https:\/\/www.czechcyclingfederation.com\/wp-content\/uploads\/2023\/12\/Unknown-1-300x156.jpeg 300w, https:\/\/www.czechcyclingfederation.com\/wp-content\/uploads\/2023\/12\/Unknown-1-768x398.jpeg 768w\" sizes=\"auto, (max-width: 960px) 100vw, 960px\" \/><\/figure>\n\n\n\n<p>AUTOR: Josef Kratina<\/p>\n\n\n\n<p>FOTO: Jan Brychta<\/p>\n","protected":false},"excerpt":{"rendered":"<p>Skv\u011bl\u00e1 cyklistika, bou\u0159liv\u00e1 atmosf\u00e9ra, perfektn\u00ed v\u00fdkony a emoce co by se daly kr\u00e1jet, t\u00edm v\u0161\u00edm je v\u017edy p\u0159ed V\u00e1noci napln\u011bn n\u00e1\u0161 jedin\u00fd cyklistick\u00fd d\u0159ev\u011bn\u00fd ov\u00e1l.&nbsp; Hlavn\u00ed program dr\u00e1hov\u00fdch z\u00e1vod\u016f, kter\u00e9 p\u00ed\u0161\u00ed u\u017e sv\u016fj dvan\u00e1ct\u00fd ro\u010dn\u00edk odstartuje na motolsk\u00e9m velodromu v&nbsp;sobotu 9. prosince fin\u00e1lovou j\u00edzdou mistrovstv\u00ed republiky ve st\u00edha\u010dce dru\u017estev elitn\u00edch mu\u017e\u016f na 4km. Prvn\u00ed \u010dty\u0159i [&hellip;]<\/p>\n","protected":false},"author":1,"featured_media":27902,"comment_status":"closed","ping_status":"open","sticky":false,"template":"","format":"standard","meta":{"footnotes":""},"categories":[54,2],"tags":[9],"class_list":["post-27894","post","type-post","status-publish","format-standard","has-post-thumbnail","hentry","category-draha","category-novinky","tag-draha"],"_links":{"self":[{"href":"https:\/\/www.czechcyclingfederation.com\/en\/wp-json\/wp\/v2\/posts\/27894","targetHints":{"allow":["GET"]}}],"collection":[{"href":"https:\/\/www.czechcyclingfederation.com\/en\/wp-json\/wp\/v2\/posts"}],"about":[{"href":"https:\/\/www.czechcyclingfederation.com\/en\/wp-json\/wp\/v2\/types\/post"}],"author":[{"embeddable":true,"href":"https:\/\/www.czechcyclingfederation.com\/en\/wp-json\/wp\/v2\/users\/1"}],"replies":[{"embeddable":true,"href":"https:\/\/www.czechcyclingfederation.com\/en\/wp-json\/wp\/v2\/comments?post=27894"}],"version-history":[{"count":2,"href":"https:\/\/www.czechcyclingfederation.com\/en\/wp-json\/wp\/v2\/posts\/27894\/revisions"}],"predecessor-version":[{"id":27914,"href":"https:\/\/www.czechcyclingfederation.com\/en\/wp-json\/wp\/v2\/posts\/27894\/revisions\/27914"}],"wp:featuredmedia":[{"embeddable":true,"href":"https:\/\/www.czechcyclingfederation.com\/en\/wp-json\/wp\/v2\/media\/27902"}],"wp:attachment":[{"href":"https:\/\/www.czechcyclingfederation.com\/en\/wp-json\/wp\/v2\/media?parent=27894"}],"wp:term":[{"taxonomy":"category","embeddable":true,"href":"https:\/\/www.czechcyclingfederation.com\/en\/wp-json\/wp\/v2\/categories?post=27894"},{"taxonomy":"post_tag","embeddable":true,"href":"https:\/\/www.czechcyclingfederation.com\/en\/wp-json\/wp\/v2\/tags?post=27894"}],"curies":[{"name":"wp","href":"https:\/\/api.w.org\/{rel}","templated":true}]}}