{"id":2789,"date":"2020-10-30T13:56:58","date_gmt":"2020-10-30T12:56:58","guid":{"rendered":"http:\/\/www.czechcyclingfederation.com\/?p=2789"},"modified":"2020-11-04T12:11:29","modified_gmt":"2020-11-04T11:11:29","slug":"slavnostni-vecer-skoda-tomket-prazskeho-mtb-poharu-je-zrusen","status":"publish","type":"post","link":"https:\/\/www.czechcyclingfederation.com\/en\/slavnostni-vecer-skoda-tomket-prazskeho-mtb-poharu-je-zrusen\/","title":{"rendered":"Slavnostn\u00ed ve\u010der \u0160KODA TOMKET Pra\u017esk\u00e9ho MTB poh\u00e1ru je zru\u0161en"},"content":{"rendered":"\n<p>Tradi\u010dn\u00ed akce p\u0159i kter\u00e9 v\u00edt\u011bzov\u00e9 jednotliv\u00fdch kategori\u00ed \u0160KODA TOMKET Pra\u017esk\u00e9ho MTB poh\u00e1ru pro rok 2020 obdr\u017e\u00ed unik\u00e1tn\u00ed poh\u00e1r s pra\u017eskou dla\u017eebn\u00ed kostkou se neuskute\u010dn\u00ed. P\u016fvodn\u011b se m\u011bl slavnostn\u00ed ve\u010der uskute\u010dnit v p\u00e1tek 13. listopadu 2020 v Lidov\u00e9m dom\u011b Kbely, ov\u0161em z d\u016fvodu pandemick\u00fdch opat\u0159en\u00ed byl zru\u0161en.<\/p>\n\n\n\n<p>Slavnostn\u00ed ve\u010der se postupn\u011b stal tradic\u00ed a symbolem sout\u011b\u017ee v olympijsk\u00e9m cross country pro v\u0161echny v\u011bkov\u00e9 a v\u00fdkonnostn\u00ed kategorie cyklist\u016f, v\u010detn\u011b cyklist\u016f s handicapem. Ocen\u011bn\u00ed v pr\u016fb\u011bhu ve\u010dera obdr\u017eeli nejenom z\u00e1vodn\u00edci na prvn\u00edch t\u0159ech m\u00edstech v\u0161ech 23 vypsan\u00fdch z\u00e1vodn\u00edch kategori\u00ed, ale vyhl\u00e1\u0161en byl i Nejlep\u0161\u00ed t\u00fdm, po\u0159adatel\u00e9 ud\u011blili cenu Tren\u00e9rovi roku, p\u0159edstavili Objev roku a do S\u00edn\u011b sl\u00e1vy byla uvedena cyklistick\u00e1 osobnost a legenda pra\u017esk\u00e9 cyklistiky. Seznam v\u0161ech vyhl\u00e1\u0161en\u00fdch je n\u00e1sledn\u011b vyryt na kovovou desti\u010dku, kter\u00e1 je um\u00edst\u011bna na d\u0159ev\u011bn\u00e9m podstavci hlavn\u00ed trofeje sout\u011b\u017ee.<\/p>\n\n\n\n<p>\u201eP\u0159es uveden\u00e1 opat\u0159en\u00ed prvn\u00ed t\u0159i nejlep\u0161\u00ed jezdci z ka\u017ed\u00e9 z\u00e1vodn\u00ed kategorie o sv\u00e9 ceny samoz\u0159ejm\u011b nep\u0159ijdou,\u201c informuje mana\u017eerka seri\u00e1lu Jarka Krakovi\u010dov\u00e1 a dod\u00e1v\u00e1: \u201epoh\u00e1ry budeme postupn\u011b rozes\u00edlat po\u0161tou i s osobn\u00edm dopisem a d\u00e1rkem od partner\u016f sout\u011b\u017ee. Ocen\u011bn\u00ed pro Tren\u00e9ra roku, Objev roku a dal\u0161\u00ed cyklistickou legendu, kter\u00e1 vstoup\u00ed do na\u0161\u00ed S\u00edn\u011b sl\u00e1vy budeme p\u0159ed\u00e1vat a\u017e osobn\u011b p\u0159i jednom z \u00favodn\u00edch kol Pra\u017esk\u00e9ho MTB poh\u00e1ru 2021.\u201c&nbsp;&nbsp;<\/p>\n\n\n\n<p>Pra\u017esk\u00fd MTB poh\u00e1r se py\u0161n\u00ed atypick\u00fdmi poh\u00e1ry vyroben\u00fdmi na zak\u00e1zku um\u011bleck\u00fdm kov\u00e1\u0159em, kter\u00fdm dominuje pra\u017esk\u00e1 dla\u017eebn\u00ed kostka. Postupn\u011b byly poh\u00e1ry vyr\u00e1b\u011bny s ur\u010ditou symbolikou, vzta\u017eenou k dan\u00e9mu roku. V minul\u00e9m roce to byly p\u0159edolympijsk\u00e9 kvalifikace o olympijsk\u00e9 o\u010dek\u00e1v\u00e1n\u00ed a tak poh\u00e1r symbolizoval olympijskou pochode\u0148. I leto\u0161n\u00ed rok bude m\u00edt svou jasnou t\u00e9matiku. Koronavirovou pandemii a netradi\u010dn\u00ed ro\u010dn\u00edk ovlivn\u011bn\u00fd mnoha opat\u0159en\u00edmi bude symbolizovat unik\u00e1tn\u00ed \u201eKostka v kleci\u201c.&nbsp;<\/p>\n\n\n\n<p>V\u00edt\u011bzov\u00e9 jednotliv\u00fdch kategori\u00ed \u0160KODA TOMKET Pra\u017esk\u00e9ho MTB poh\u00e1ru pro rok 2020:<\/p>\n\n\n\n<p>odr\u00e1\u017eedla: Kov\u00e1\u0159 David (Expres CZ Tufo Team Kol\u00edn)<\/p>\n\n\n\n<p>d\u011bti 3-4 roky: Dost\u00e1l Martin (Akademie cyklistick\u00fdch sport\u016f)<\/p>\n\n\n\n<p>kluci 5-6 let: Kov\u00e1\u0159 Daniel (Expres CZ Tufo Team Kol\u00edn)<\/p>\n\n\n\n<p>holky 5-6 let: Dost\u00e1lov\u00e1 Andrea (Akademie cyklistick\u00fdch sport\u016f)<\/p>\n\n\n\n<p>kluci 7-8 let: Semer\u00e1d Marek (Cyklostar Trek Mercedes Benz Praha)<\/p>\n\n\n\n<p>holky 7-8 let: Kejzlarov\u00e1 Pavl\u00edna<\/p>\n\n\n\n<p>kluci 9-10 let: Rada Vojt\u011bch (Skiandbike Kundratice Team)<\/p>\n\n\n\n<p>holky 9-10 let: Dr\u00e1bkov\u00e1 Nela (\u010cist\u00fd sport Kids Racing)<\/p>\n\n\n\n<p>\u017e\u00e1ci I.: Svoboda David (ADASTRA Cycling Team)<\/p>\n\n\n\n<p>\u017e\u00e1kyn\u011b I.: Grohov\u00e1 Lucie (Author Team Stupno)<\/p>\n\n\n\n<p>\u017e\u00e1ci II.: Ba\u017eant Kry\u0161tof (TJ Sokol Plavy-Cyklo Benda)<\/p>\n\n\n\n<p>\u017e\u00e1kyn\u011b II.: Du\u0161kov\u00e1 Kate\u0159ina (TJ Sokol Plavy-Cyklo Benda)&nbsp;&nbsp;&nbsp;<\/p>\n\n\n\n<p>kadeti: Vencl Libor (ELEVEN Mercedes Black.ET Team)<\/p>\n\n\n\n<p>kadetky: \u0160indel\u00e1\u0159ov\u00e1 Hana (Jaroslav Kulhav\u00fd Cycling team)<\/p>\n\n\n\n<p>junio\u0159i: Tlamka Tom\u00e1\u0161 (NUTREND SPECIALIZED Racing)<\/p>\n\n\n\n<p>\u017eeny\/juniorky: Kadlecov\u00e1 Zuzana (ADASTRA Cycling Team)<\/p>\n\n\n\n<p>mu\u017ei open\/elite: Zelen\u00fd Ond\u0159ej (ELEVEN Mercedes Black.ET Team)&nbsp;&nbsp;&nbsp;<\/p>\n\n\n\n<p>MASTERS I.: Chyba Ji\u0159\u00ed (NUTREND SPECIALIZED Racing)&nbsp;&nbsp;<\/p>\n\n\n\n<p>MASTERS II.: Zapletal Viktor (NUTREND SPECIALIZED Racing)<\/p>\n\n\n\n<p>MASTERS III.: Nov\u00e1k V\u00e1clav (BTK EURO Bike Praha)<\/p>\n\n\n\n<p>SUPERMASTERS: Svoboda Miroslav (Kbely Cycling Team)<\/p>\n\n\n\n<p>Sluchov\u011b posti\u017een\u00ed: \u010capek Jan (Rohozec Amulet Team)<\/p>\n\n\n\n<p>T\u011blesn\u011b posti\u017een\u00ed: \u0160t\u011bp\u00e1nek Martin (Kross Bikeranch Team)&nbsp;<\/p>\n\n\n\n<p>Celkov\u00e9 po\u0159ad\u00ed \u0160KODA TOMKET Pra\u017esk\u00e9ho MTB poh\u00e1ru 2020: https:\/\/www.sportt.cz\/racesSerials<\/p>\n\n\n\n<p>Celkov\u00e9 po\u0159ad\u00ed \u0160KODA TOMKET Pra\u017esk\u00e9ho MTB poh\u00e1ru 2020 sout\u011b\u017e t\u00fdm\u016f: http:\/\/prahamtb.cz\/wp-content\/uploads\/2013\/03\/PMTBP_sout\u011b\u017e-t\u00fdm\u016f-2020-celkov\u011b.pdf<\/p>\n\n\n\n<p>(13) Doru\u010den\u00e9 \u2013 Seznam Email<\/p>\n\n\n\n<p>Foto Barbora Klap, Petr V\u00e1\u0148a<\/p>\n\n\n\n<figure class=\"wp-block-image size-large\"><img loading=\"lazy\" decoding=\"async\" width=\"750\" height=\"500\" src=\"https:\/\/www.czechcyclingfederation.com\/wp-content\/uploads\/2020\/10\/image009.jpg\" alt=\"\" class=\"wp-image-2791\" srcset=\"https:\/\/www.czechcyclingfederation.com\/wp-content\/uploads\/2020\/10\/image009.jpg 750w, https:\/\/www.czechcyclingfederation.com\/wp-content\/uploads\/2020\/10\/image009-300x200.jpg 300w\" sizes=\"auto, (max-width: 750px) 100vw, 750px\" \/><\/figure>\n\n\n\n<figure class=\"wp-block-image size-large\"><img loading=\"lazy\" decoding=\"async\" width=\"750\" height=\"499\" src=\"https:\/\/www.czechcyclingfederation.com\/wp-content\/uploads\/2020\/10\/image010.jpg\" alt=\"\" class=\"wp-image-2792\" srcset=\"https:\/\/www.czechcyclingfederation.com\/wp-content\/uploads\/2020\/10\/image010.jpg 750w, https:\/\/www.czechcyclingfederation.com\/wp-content\/uploads\/2020\/10\/image010-300x200.jpg 300w\" sizes=\"auto, (max-width: 750px) 100vw, 750px\" \/><\/figure>\n","protected":false},"excerpt":{"rendered":"<p>Tradi\u010dn\u00ed akce p\u0159i kter\u00e9 v\u00edt\u011bzov\u00e9 jednotliv\u00fdch kategori\u00ed \u0160KODA TOMKET Pra\u017esk\u00e9ho MTB poh\u00e1ru pro rok 2020 obdr\u017e\u00ed unik\u00e1tn\u00ed poh\u00e1r s pra\u017eskou dla\u017eebn\u00ed kostkou se neuskute\u010dn\u00ed. P\u016fvodn\u011b se m\u011bl slavnostn\u00ed ve\u010der uskute\u010dnit v p\u00e1tek 13. listopadu 2020 v Lidov\u00e9m dom\u011b Kbely, ov\u0161em z d\u016fvodu pandemick\u00fdch opat\u0159en\u00ed byl zru\u0161en. Slavnostn\u00ed ve\u010der se postupn\u011b stal tradic\u00ed a symbolem sout\u011b\u017ee [&hellip;]<\/p>\n","protected":false},"author":8,"featured_media":2790,"comment_status":"closed","ping_status":"open","sticky":false,"template":"","format":"standard","meta":{"footnotes":""},"categories":[6,2],"tags":[10],"class_list":["post-2789","post","type-post","status-publish","format-standard","has-post-thumbnail","hentry","category-mtb","category-novinky","tag-mtb"],"_links":{"self":[{"href":"https:\/\/www.czechcyclingfederation.com\/en\/wp-json\/wp\/v2\/posts\/2789","targetHints":{"allow":["GET"]}}],"collection":[{"href":"https:\/\/www.czechcyclingfederation.com\/en\/wp-json\/wp\/v2\/posts"}],"about":[{"href":"https:\/\/www.czechcyclingfederation.com\/en\/wp-json\/wp\/v2\/types\/post"}],"author":[{"embeddable":true,"href":"https:\/\/www.czechcyclingfederation.com\/en\/wp-json\/wp\/v2\/users\/8"}],"replies":[{"embeddable":true,"href":"https:\/\/www.czechcyclingfederation.com\/en\/wp-json\/wp\/v2\/comments?post=2789"}],"version-history":[{"count":1,"href":"https:\/\/www.czechcyclingfederation.com\/en\/wp-json\/wp\/v2\/posts\/2789\/revisions"}],"predecessor-version":[{"id":2793,"href":"https:\/\/www.czechcyclingfederation.com\/en\/wp-json\/wp\/v2\/posts\/2789\/revisions\/2793"}],"wp:featuredmedia":[{"embeddable":true,"href":"https:\/\/www.czechcyclingfederation.com\/en\/wp-json\/wp\/v2\/media\/2790"}],"wp:attachment":[{"href":"https:\/\/www.czechcyclingfederation.com\/en\/wp-json\/wp\/v2\/media?parent=2789"}],"wp:term":[{"taxonomy":"category","embeddable":true,"href":"https:\/\/www.czechcyclingfederation.com\/en\/wp-json\/wp\/v2\/categories?post=2789"},{"taxonomy":"post_tag","embeddable":true,"href":"https:\/\/www.czechcyclingfederation.com\/en\/wp-json\/wp\/v2\/tags?post=2789"}],"curies":[{"name":"wp","href":"https:\/\/api.w.org\/{rel}","templated":true}]}}