{"id":27812,"date":"2023-11-26T09:39:44","date_gmt":"2023-11-26T08:39:44","guid":{"rendered":"https:\/\/www.czechcyclingfederation.com\/?p=27812"},"modified":"2023-11-26T10:40:10","modified_gmt":"2023-11-26T09:40:10","slug":"horak-s-adamem-sesti-na-finale-sp-v-kolove-ve-zline","status":"publish","type":"post","link":"https:\/\/www.czechcyclingfederation.com\/en\/horak-s-adamem-sesti-na-finale-sp-v-kolove-ve-zline\/","title":{"rendered":"Hor\u00e1k s\u00a0Adamem \u0161est\u00ed na fin\u00e1le SP v\u00a0kolov\u00e9 ve Zl\u00edn\u011b"},"content":{"rendered":"\n<p>\u010cesk\u00fd p\u00e1r <strong>Tom\u00e1\u0161 Hor\u00e1k, Radek Adam<\/strong>, obsadil ve fin\u00e1le Sv\u011btov\u00e9ho poh\u00e1ru v&nbsp;kolov\u00e9 ve Zl\u00edn\u011b \u0161est\u00e9 m\u00edsto. Druh\u00e1 \u010desk\u00e1 dvojice z&nbsp;po\u0159\u00e1daj\u00edc\u00edho Sokola Zl\u00edn <strong>Ludv\u00edk P\u00edsek, Vojt\u011bch Baxa<\/strong>, byla dev\u00e1t\u00e1.<\/p>\n\n\n\n<p>V\u00edt\u011bzstv\u00ed vybojovali hr\u00e1\u010di rakousk\u00e9ho t\u00fdmu RV Dornbirn Patrick Schnetzer a Stefan Feurstein, kte\u0159\u00ed ve fin\u00e1le porazili n\u011bmeckou dvojici Sven Holland-Moritz, Marius Hermanns 4:3.<\/p>\n\n\n\n<p>Hor\u00e1k s&nbsp;Adamem zdolali ve skupin\u011b Japonce a kontuma\u010dn\u011b tak\u00e9 jednu n\u011bmeckou dvojici, kter\u00e1 turnaj nemohla hr\u00e1t kv\u016fli zlomenin\u011b nosu jednoho ze sv\u00fdch hr\u00e1\u010d\u016f. Vysoko naopak prohr\u00e1li s&nbsp;dal\u0161\u00edm n\u011bmeck\u00fdm p\u00e1rem z&nbsp;t\u00fdmu RMC Stein (2:8) a nesta\u010dili ani na \u0161v\u00fdcarskou dvojici z RMV Mosnang (2:3). To je odsoudilo k&nbsp;boji o kone\u010dn\u00e9 5. m\u00edsto. A v&nbsp;tomto souboji podlehli t\u011bsn\u011b 2:3 Francouz\u016fm z t\u00fdmu VC Dorlisheim.<\/p>\n\n\n\n<figure class=\"wp-block-image size-large\"><img loading=\"lazy\" decoding=\"async\" width=\"1024\" height=\"681\" src=\"https:\/\/www.czechcyclingfederation.com\/wp-content\/uploads\/2023\/11\/kolonew2-1024x681.jpg\" alt=\"\" class=\"wp-image-27826\" srcset=\"https:\/\/www.czechcyclingfederation.com\/wp-content\/uploads\/2023\/11\/kolonew2-1024x681.jpg 1024w, https:\/\/www.czechcyclingfederation.com\/wp-content\/uploads\/2023\/11\/kolonew2-300x200.jpg 300w, https:\/\/www.czechcyclingfederation.com\/wp-content\/uploads\/2023\/11\/kolonew2-768x511.jpg 768w, https:\/\/www.czechcyclingfederation.com\/wp-content\/uploads\/2023\/11\/kolonew2-1536x1022.jpg 1536w, https:\/\/www.czechcyclingfederation.com\/wp-content\/uploads\/2023\/11\/kolonew2-1320x878.jpg 1320w, https:\/\/www.czechcyclingfederation.com\/wp-content\/uploads\/2023\/11\/kolonew2.jpg 2000w\" sizes=\"auto, (max-width: 1024px) 100vw, 1024px\" \/><\/figure>\n\n\n\n<p><em>\u201eByl to par\u00e1dn\u00ed turnaj se super atmosf\u00e9rou a jsme r\u00e1di, \u017ee jsme ho v\u016fbec mohli hr\u00e1t. Mo\u017en\u00e1 to nedopadlo \u00fapln\u011b podle na\u0161eho o\u010dek\u00e1v\u00e1n\u00ed, ale ani tenhle v\u00fdsledek nen\u00ed rozhodn\u011b \u0161patn\u00fd,\u201c <\/em>\u0159ekl Tom\u00e1\u0161 Hor\u00e1k.<\/p>\n\n\n\n<p><em>\u201eJe pot\u0159eba si uv\u011bdomit, \u017ee jsme teprve minul\u00fd rok postoupili do extraligy a Sv\u011btov\u00e9 poh\u00e1ry jsme od za\u010d\u00e1tku hr\u00e1li jen jako n\u00e1hradn\u00edci. P\u0159esto jsme si sv\u00fdmi v\u00fdsledky vybojovali cestu a\u017e sem do fin\u00e1le. To pova\u017euji za obrovsk\u00fd \u00fasp\u011bch. Moc jsme si to tady u\u017eili, ale ten turnaj n\u00e1m taky uk\u00e1zal, \u017ee se m\u00e1me je\u0161t\u011b hodn\u011b co u\u010dit a \u010dek\u00e1 n\u00e1s spousta pr\u00e1ce,\u201c<\/em> p\u0159iznal Radek Adam.<\/p>\n\n\n\n<figure class=\"wp-block-image size-large\"><img loading=\"lazy\" decoding=\"async\" width=\"1024\" height=\"681\" src=\"https:\/\/www.czechcyclingfederation.com\/wp-content\/uploads\/2023\/11\/kolonew3-1024x681.jpg\" alt=\"\" class=\"wp-image-27828\" srcset=\"https:\/\/www.czechcyclingfederation.com\/wp-content\/uploads\/2023\/11\/kolonew3-1024x681.jpg 1024w, https:\/\/www.czechcyclingfederation.com\/wp-content\/uploads\/2023\/11\/kolonew3-300x200.jpg 300w, https:\/\/www.czechcyclingfederation.com\/wp-content\/uploads\/2023\/11\/kolonew3-768x511.jpg 768w, https:\/\/www.czechcyclingfederation.com\/wp-content\/uploads\/2023\/11\/kolonew3-1536x1022.jpg 1536w, https:\/\/www.czechcyclingfederation.com\/wp-content\/uploads\/2023\/11\/kolonew3-1320x878.jpg 1320w, https:\/\/www.czechcyclingfederation.com\/wp-content\/uploads\/2023\/11\/kolonew3.jpg 2000w\" sizes=\"auto, (max-width: 1024px) 100vw, 1024px\" \/><\/figure>\n\n\n\n<p><em>\u201eKdy\u017e vid\u00edm t\u00fdmy na stupn\u00edch v\u00edt\u011bz\u016f, tak jsou to hr\u00e1\u010di, ke kter\u00fdm jsme vzhl\u00ed\u017eeli, kdy\u017e jsme byli mal\u00ed kluci a b\u011bhali za nimi pro podpisy. Jsme r\u00e1di, \u017ee s&nbsp;nimi v\u016fbec m\u016f\u017eeme hr\u00e1t. Je jasn\u00e9, \u017ee v\u011bk \u010dlov\u011bk nezastav\u00ed a v\u011b\u0159\u00edm, \u017ee jednou p\u0159ijde na\u0161e \u00e9ra,\u201c<\/em> dodal Radek Adam.<\/p>\n\n\n\n<figure class=\"wp-block-image size-large\"><img loading=\"lazy\" decoding=\"async\" width=\"1024\" height=\"681\" src=\"https:\/\/www.czechcyclingfederation.com\/wp-content\/uploads\/2023\/11\/kolonrwe4-1024x681.jpg\" alt=\"\" class=\"wp-image-27830\" srcset=\"https:\/\/www.czechcyclingfederation.com\/wp-content\/uploads\/2023\/11\/kolonrwe4-1024x681.jpg 1024w, https:\/\/www.czechcyclingfederation.com\/wp-content\/uploads\/2023\/11\/kolonrwe4-300x200.jpg 300w, https:\/\/www.czechcyclingfederation.com\/wp-content\/uploads\/2023\/11\/kolonrwe4-768x511.jpg 768w, https:\/\/www.czechcyclingfederation.com\/wp-content\/uploads\/2023\/11\/kolonrwe4-1536x1022.jpg 1536w, https:\/\/www.czechcyclingfederation.com\/wp-content\/uploads\/2023\/11\/kolonrwe4-1320x878.jpg 1320w, https:\/\/www.czechcyclingfederation.com\/wp-content\/uploads\/2023\/11\/kolonrwe4.jpg 2000w\" sizes=\"auto, (max-width: 1024px) 100vw, 1024px\" \/><\/figure>\n\n\n\n<p><strong>V\u00fdsledky: <\/strong>1. RV Dornbirn 1 (Rak., Patrick Schnetzer \/ Stefan Feurstein), 2. RSC Schiefbahn (N\u011bm., Sven Holland-Moritz \/ Marius Hermanns), 3. RMC Stein (N\u011bm., Gerhard Mlady \/ Bernd Mlady), 4. RMV Mosnang (\u0160v\u00fdc., Bj\u00f6rn Vogel \/ Rafael Artho), 5. VC Dorlisheim (Fr., Quentin Seyfried \/ Mathias Seyfried), <strong>6. TJ Sokol Zl\u00edn 1<\/strong> (Tom\u00e1\u0161 Hor\u00e1k \/ Radek Adam), \u2026 <strong>9. TJ Sokol Zl\u00edn 2<\/strong> (Ludv\u00edk P\u00edsek, Vojt\u011bch Baxa).<\/p>\n\n\n\n<p>Foto: Jan Brychta<\/p>\n","protected":false},"excerpt":{"rendered":"<p>\u010cesk\u00fd p\u00e1r Tom\u00e1\u0161 Hor\u00e1k, Radek Adam, obsadil ve fin\u00e1le Sv\u011btov\u00e9ho poh\u00e1ru v&nbsp;kolov\u00e9 ve Zl\u00edn\u011b \u0161est\u00e9 m\u00edsto. Druh\u00e1 \u010desk\u00e1 dvojice z&nbsp;po\u0159\u00e1daj\u00edc\u00edho Sokola Zl\u00edn Ludv\u00edk P\u00edsek, Vojt\u011bch Baxa, byla dev\u00e1t\u00e1. V\u00edt\u011bzstv\u00ed vybojovali hr\u00e1\u010di rakousk\u00e9ho t\u00fdmu RV Dornbirn Patrick Schnetzer a Stefan Feurstein, kte\u0159\u00ed ve fin\u00e1le porazili n\u011bmeckou dvojici Sven Holland-Moritz, Marius Hermanns 4:3. Hor\u00e1k s&nbsp;Adamem zdolali ve [&hellip;]<\/p>\n","protected":false},"author":15,"featured_media":27823,"comment_status":"closed","ping_status":"open","sticky":false,"template":"","format":"standard","meta":{"footnotes":""},"categories":[2,60],"tags":[61],"class_list":["post-27812","post","type-post","status-publish","format-standard","has-post-thumbnail","hentry","category-novinky","category-salovka","tag-salovka"],"_links":{"self":[{"href":"https:\/\/www.czechcyclingfederation.com\/en\/wp-json\/wp\/v2\/posts\/27812","targetHints":{"allow":["GET"]}}],"collection":[{"href":"https:\/\/www.czechcyclingfederation.com\/en\/wp-json\/wp\/v2\/posts"}],"about":[{"href":"https:\/\/www.czechcyclingfederation.com\/en\/wp-json\/wp\/v2\/types\/post"}],"author":[{"embeddable":true,"href":"https:\/\/www.czechcyclingfederation.com\/en\/wp-json\/wp\/v2\/users\/15"}],"replies":[{"embeddable":true,"href":"https:\/\/www.czechcyclingfederation.com\/en\/wp-json\/wp\/v2\/comments?post=27812"}],"version-history":[{"count":6,"href":"https:\/\/www.czechcyclingfederation.com\/en\/wp-json\/wp\/v2\/posts\/27812\/revisions"}],"predecessor-version":[{"id":27834,"href":"https:\/\/www.czechcyclingfederation.com\/en\/wp-json\/wp\/v2\/posts\/27812\/revisions\/27834"}],"wp:featuredmedia":[{"embeddable":true,"href":"https:\/\/www.czechcyclingfederation.com\/en\/wp-json\/wp\/v2\/media\/27823"}],"wp:attachment":[{"href":"https:\/\/www.czechcyclingfederation.com\/en\/wp-json\/wp\/v2\/media?parent=27812"}],"wp:term":[{"taxonomy":"category","embeddable":true,"href":"https:\/\/www.czechcyclingfederation.com\/en\/wp-json\/wp\/v2\/categories?post=27812"},{"taxonomy":"post_tag","embeddable":true,"href":"https:\/\/www.czechcyclingfederation.com\/en\/wp-json\/wp\/v2\/tags?post=27812"}],"curies":[{"name":"wp","href":"https:\/\/api.w.org\/{rel}","templated":true}]}}