{"id":27797,"date":"2023-11-23T19:53:19","date_gmt":"2023-11-23T18:53:19","guid":{"rendered":"https:\/\/www.czechcyclingfederation.com\/?p=27797"},"modified":"2023-11-23T19:53:23","modified_gmt":"2023-11-23T18:53:23","slug":"adam-a-horak-pred-finale-sp-v-kolove-bylo-by-skvele-ziskat-doma-medaili","status":"publish","type":"post","link":"https:\/\/www.czechcyclingfederation.com\/en\/adam-a-horak-pred-finale-sp-v-kolove-bylo-by-skvele-ziskat-doma-medaili\/","title":{"rendered":"Adam a Hor\u00e1k p\u0159ed fin\u00e1le SP v\u00a0kolov\u00e9: Bylo by skv\u011bl\u00e9 z\u00edskat doma medaili"},"content":{"rendered":"\n<p><strong>Radek Adam a Tom\u00e1\u0161 Hor\u00e1k<\/strong>&nbsp;jsou aktu\u00e1ln\u011b nejlep\u0161\u00edm \u010desk\u00fdm p\u00e1rem v&nbsp;kolov\u00e9. Letos vyhr\u00e1li jako nejmlad\u0161\u00ed t\u00fdm v&nbsp;historii extraligu a vybojovali si \u00fa\u010dast na mistrovstv\u00ed sv\u011bta v&nbsp;Glasgow, kde skon\u010dili \u010dtvrt\u00ed. Te\u010f je \u010dek\u00e1 posledn\u00ed velk\u00e1 akce sezony, sobotn\u00ed fin\u00e1le Sv\u011btov\u00e9ho poh\u00e1ru na dom\u00e1c\u00ed p\u016fd\u011b ve Zl\u00edn\u011b.<\/p>\n\n\n\n<p>Oba se k&nbsp;tomu hodn\u011b up\u00ednaj\u00ed, proto\u017ee tak d\u016fle\u017eit\u00fd turnaj p\u0159ed dom\u00e1c\u00edmi fanou\u0161ky je\u0161t\u011b z\u00e1stupci Sokola Zl\u00edn Pr\u0161tn\u00e9 nehr\u00e1li. \u201eJe to pro n\u00e1s velk\u00fd sv\u00e1tek. Nic moc v\u011bt\u0161\u00edho si doma asi nezahrajeme a chceme se uk\u00e1zat v&nbsp;tom nejlep\u0161\u00ed sv\u011btle,\u201c shoduj\u00ed se oba \u010de\u0161t\u00ed reprezentanti.<\/p>\n\n\n\n<p><strong>Je fin\u00e1le Sv\u011btov\u00e9ho poh\u00e1ru doma n\u011bco v\u00edc?<\/strong><\/p>\n\n\n\n<p><strong>Radek Adam:&nbsp;<\/strong>Ur\u010dit\u011b ano. B\u011bhem cel\u00e9ho roku jsme odehr\u00e1li spoustu kvalitn\u00edch turnaj\u016f, ale ani na jednom z&nbsp;nich jsme nem\u011bli takovou podporu, jak\u00e1 bude tady. Moc se na to t\u011b\u0161\u00edm.<\/p>\n\n\n\n<p><strong>Tom\u00e1\u0161 Hor\u00e1k:&nbsp;<\/strong>P\u0159ed startem sezony jsme si ani ve snu nepomysleli, \u017ee bychom mohli dos\u00e1hnout takov\u00fdch \u00fasp\u011bch\u016f. Jde o obrovskou v\u00fdzvu. Fin\u00e1le Sv\u011btov\u00e9ho poh\u00e1ru v kolov\u00e9 se bude ve Zl\u00edn\u011b hr\u00e1t po t\u0159in\u00e1cti letech. Budeme hr\u00e1t doma, tak\u017ee je jasn\u00e9, \u017ee jsme se oba moc t\u011b\u0161ili.<\/p>\n\n\n\n<p><strong>Budete m\u00edt i dvojn\u00e1sobnou motivaci?<\/strong><\/p>\n\n\n\n<p><strong>RA:&nbsp;<\/strong>Rozhodn\u011b, ale stejn\u011b tak jsme m\u011bli i dvojn\u00e1sobnou zodpov\u011bdnost v&nbsp;p\u0159\u00edprav\u011b. \u010clov\u011bk se chce doma uk\u00e1zat v&nbsp;nejlep\u0161\u00edm sv\u011btle a pot\u011b\u0161it fanou\u0161ky co nejlep\u0161\u00edm v\u00fdsledkem.<\/p>\n\n\n\n<p><strong>TH:&nbsp;<\/strong>Ur\u010dit\u011b. Je\u0161t\u011b nikdy jsme s Radkem nehr\u00e1li takhle velk\u00fd turnaj p\u0159ed dom\u00e1c\u00edm publikem. Jsem zv\u011bdav\u00fd, jak v\u0161e zap\u016fsob\u00ed. Mo\u017en\u00e1 n\u00e1s bude tro\u0161ku svazovat, \u017ee jsme p\u0159ed vlastn\u00edmi p\u0159\u00edznivci. Ale dost mo\u017en\u00e1 z\u00edsk\u00e1me z dom\u00e1c\u00edho publika extra energii.<\/p>\n\n\n\n<p><strong>Kolik zn\u00e1m\u00fdch v\u00e1m p\u0159ijde fandit?<\/strong><\/p>\n\n\n\n<p><strong>RA:&nbsp;<\/strong>Cel\u00e1 rodina, spousta kamar\u00e1d\u016f. \u010cek\u00e1me opravdu silnou podporu a budeme si to u\u017e\u00edvat. A t\u0159eba tro\u0161ku pom\u016f\u017eeme k&nbsp;v\u011bt\u0161\u00ed propagaci kolov\u00e9, kter\u00e1 u\u017e zase nen\u00ed tak popul\u00e1rn\u00ed, jako byla za \u00e9ry bratr\u016f Posp\u00ed\u0161ilov\u00fdch.<\/p>\n\n\n\n<p><strong>TH:&nbsp;<\/strong>Z\u00e1jem o vstupenky z nejbli\u017e\u0161\u00edho okol\u00ed byl skute\u010dn\u011b velk\u00fd. Z moj\u00ed strany, i ze strany Radka. Bereme fin\u00e1lov\u00fd turnaj p\u0159ed dom\u00e1c\u00edm publikem i jako velkou \u0161anci dostat kolovou do \u0161ir\u0161\u00edho okruhu fanou\u0161k\u016f.&nbsp;<\/p>\n\n\n\n<p><strong>Je pro \u010deskou kolovou dobr\u00e9, \u017ee se akce takov\u00e9ho form\u00e1tu po letech u n\u00e1s kon\u00e1?<\/strong><\/p>\n\n\n\n<p><strong>RA:&nbsp;<\/strong>Rozhodn\u011b. Ur\u010dit\u011b tu bude perfektn\u00ed organizace, skv\u011bl\u00e1 kulisa a p\u0159isp\u011bje to i k&nbsp;t\u00e9 propagaci na\u0161eho sportu. P\u0159ijedou se pod\u00edvat i oba brat\u0159i Posp\u00ed\u0161ilov\u00e9, co\u017e je obrovsk\u00e9 l\u00e1kadlo pro spoustu lid\u00ed, kte\u0159\u00ed si je pamatuj\u00ed je\u0161t\u011b z&nbsp;dob, kdy se skoro v\u0161echny jejich z\u00e1pasy vys\u00edlaly \u017eiv\u011b v&nbsp;televizi a sb\u00edrali jeden titul za druh\u00fdm. Ur\u010dit\u011b je na\u0161\u00edm c\u00edlem dostat kolovou i do podv\u011bdom\u00ed mlad\u0161\u00ed generace.<\/p>\n\n\n\n<p><strong>TH:&nbsp;<\/strong>Jednotliv\u00e1 Sv\u011btov\u00e9ho kola poh\u00e1ru se v \u010cesku nehr\u00e1la hodn\u011b dlouho, fin\u00e1le je tady po t\u0159in\u00e1cti letech. Jde o unik\u00e1tn\u00ed z\u00e1le\u017eitost, kter\u00e1 ur\u010dit\u011b na\u0161emu sportu prosp\u011bje.<\/p>\n\n\n\n<p><strong>Jak\u00e9 m\u00e1te ve Zl\u00edn\u011b ambice?<\/strong><\/p>\n\n\n\n<p><strong>RA:&nbsp;<\/strong>Pro n\u00e1s je ten turnaj doma v&nbsp;prvn\u00ed \u0159ad\u011b odm\u011bnou za skv\u011blou sezonu, kter\u00e1 p\u0159ed\u010dila na\u0161e o\u010dek\u00e1v\u00e1n\u00ed. Bude tu osm nejlep\u0161\u00edch t\u00fdm\u016f sv\u011bta, plus Japonsko jako nejlep\u0161\u00ed t\u00fdm Asie a dal\u0161\u00ed na\u0161e dvojice d\u00edky tomu, \u017ee jsme po\u0159adatelsk\u00e1 zem\u011b. Samoz\u0159ejm\u011b chceme co nejv\u00fd\u0161, ale bude to t\u011b\u017ek\u00e9, proto\u017ee ve skupin\u011b m\u00e1me i dva siln\u00e9 n\u011bmeck\u00e9 t\u00fdmy: \u00fa\u0159aduj\u00edc\u00ed mistry sv\u011bta a pak mistry sv\u011bta z&nbsp;let 2017 a 2021. V&nbsp;utk\u00e1n\u00ed s&nbsp;nimi se asi bude l\u00e1mat chleba, kdo postoup\u00ed do semifin\u00e1le. Sn\u00edme o medaili, bylo by to hezk\u00e9 i kv\u016fli fanou\u0161k\u016fm.<\/p>\n\n\n\n<p><strong>TH:&nbsp;<\/strong>V\u011b\u0159\u00edme, \u017ee n\u00e1m dom\u00e1c\u00ed publikum dod\u00e1 extra energii, kter\u00e1 n\u00e1m pom\u016f\u017ee k v\u00fdjime\u010dn\u00e9mu v\u00fdsledku. Na\u0161e sezona se vyv\u00edjela a\u017e nep\u0159edv\u00eddateln\u011b. M\u011bli jsme ur\u010dit\u00e9 ambice. A mnohon\u00e1sobn\u011b jsme je p\u0159ekro\u010dili. Tak\u017ee doma budeme hr\u00e1t zcela uvoln\u011bn\u00ed. Ale ur\u010dit\u011b do toho nep\u016fjdeme n\u011bjak lehkov\u00e1\u017en\u011b. Nechceme promarnit p\u0159\u00edle\u017eitost, kdy\u017e u\u017e jsme do\u0161li tak daleko.<\/p>\n\n\n\n<p><strong>Jak\u00e1 vlastn\u011b byla sezona 2023 z&nbsp;pohledu dvojice Radek Adam, Tom\u00e1\u0161 Hor\u00e1k?<\/strong><\/p>\n\n\n\n<p><strong>RA:&nbsp;<\/strong>Fantastick\u00e1, nad o\u010dek\u00e1v\u00e1n\u00ed. Minul\u00fd rok jsme postoupili do extraligy a vstupovali jsme do sout\u011b\u017ee s&nbsp;t\u00edm, \u017ee se jako nov\u00e1\u010dek chceme hlavn\u011b udr\u017eet. Od prvn\u00edho turnaje, kter\u00fd m\u00e1m moc nevy\u0161el, jsme se zlep\u0161ovali a poda\u0159ilo se n\u00e1m z\u00edskat titul. D\u00edky tomu jsme se kvalifikovali na mistrovstv\u00ed sv\u011bta a t\u00edm se n\u00e1m splnil dal\u0161\u00ed sen, proto\u017ee reprezentovat republiku na takov\u00e9 akci je vrchol. Zlep\u0161ovali jsme se i ve Sv\u011btov\u00e9m poh\u00e1ru. Te\u010f n\u00e1s \u010dek\u00e1 posledn\u00ed vrchol a bylo by hezk\u00e9 tu neskute\u010dnou sezonu n\u011bjak stylov\u011b zakon\u010dit.<\/p>\n\n\n\n<p><strong>TH:\u00a0<\/strong>Sezona je mimo\u0159\u00e1dn\u011b \u00fasp\u011b\u0161n\u00e1. U\u017e jen v\u00edt\u011bzstv\u00ed v extralize bylo fantastick\u00e9. \u00da\u010dast na mistrovstv\u00ed sv\u011bta byla obrovsk\u00fdm bonusem. Kdy\u017e jsme p\u0159idali st\u0159\u00edbro z turnaje sv\u011b\u0165\u00e1ku v N\u011bmecku, bylo to jako sen. A m\u00edstenka ve fin\u00e1le\u2026 V\u017edy\u0165 my jsme nem\u011bli ani hr\u00e1t v\u0161echny turnaje Sv\u011btov\u00e9ho poh\u00e1ru. Ale po\u0159\u00e1d je co zlep\u0161ovat. Douf\u00e1me, \u017ee po v\u00edkendov\u00e9m turnaji ve Zl\u00edn\u011b bude d\u016fvod k je\u0161t\u011b v\u011bt\u0161\u00ed radosti.<\/p>\n\n\n\n<figure class=\"wp-block-image size-large\"><img loading=\"lazy\" decoding=\"async\" width=\"1024\" height=\"682\" src=\"http:\/\/www.czechcyclingfederation.com\/wp-content\/uploads\/2023\/11\/BrychtaJan_UCI_WC_Glasgow_20230811_211009_DSC_7462-1024x682.jpg\" alt=\"\" class=\"wp-image-27678\" srcset=\"https:\/\/www.czechcyclingfederation.com\/wp-content\/uploads\/2023\/11\/BrychtaJan_UCI_WC_Glasgow_20230811_211009_DSC_7462-1024x682.jpg 1024w, https:\/\/www.czechcyclingfederation.com\/wp-content\/uploads\/2023\/11\/BrychtaJan_UCI_WC_Glasgow_20230811_211009_DSC_7462-300x200.jpg 300w, https:\/\/www.czechcyclingfederation.com\/wp-content\/uploads\/2023\/11\/BrychtaJan_UCI_WC_Glasgow_20230811_211009_DSC_7462-768x511.jpg 768w, https:\/\/www.czechcyclingfederation.com\/wp-content\/uploads\/2023\/11\/BrychtaJan_UCI_WC_Glasgow_20230811_211009_DSC_7462-1536x1022.jpg 1536w, https:\/\/www.czechcyclingfederation.com\/wp-content\/uploads\/2023\/11\/BrychtaJan_UCI_WC_Glasgow_20230811_211009_DSC_7462-2048x1363.jpg 2048w, https:\/\/www.czechcyclingfederation.com\/wp-content\/uploads\/2023\/11\/BrychtaJan_UCI_WC_Glasgow_20230811_211009_DSC_7462-1320x879.jpg 1320w\" sizes=\"auto, (max-width: 1024px) 100vw, 1024px\" \/><\/figure>\n\n\n\n<p><strong>Kolovou m\u00e1 velk\u00e1 \u010d\u00e1st n\u00e1roda spojenou s&nbsp;legend\u00e1rn\u00edmi bratry Posp\u00ed\u0161ilov\u00fdmi. M\u016f\u017eete b\u00fdt jednou ve sb\u00edr\u00e1n\u00ed velk\u00fdch medail\u00ed jejich n\u00e1stupci?<\/strong><\/p>\n\n\n\n<p><strong>RA:&nbsp;<\/strong>P\u00e1rkr\u00e1t u\u017e jsem to n\u011bkde zaslechl, ale jestli to tak bude\u2026 Dok\u00e1zat n\u011bco takov\u00e9ho, co se povedlo jim, je podle m\u011b dnes skoro nemo\u017en\u00e9 pro nikoho v&nbsp;na\u0161em sportu. Konkurence je obrovsk\u00e1, \u0161pi\u010dka vyrovnan\u00e1. Ale v\u011b\u0159\u00edm, \u017ee n\u00e1m medaile za\u010dnou cinkat a budeme jich vozit v\u00edc, ne\u017e se \u010desk\u00e9 kolov\u00e9 poda\u0159ilo v&nbsp;posledn\u00edch deseti letech.&nbsp;<\/p>\n\n\n\n<p><strong>TH:&nbsp;<\/strong>Posledn\u00ed dobou s ohledem na na\u0161e v\u00fdsledky u\u017e se lid\u00e9 tolik nediv\u00ed, \u017ee se v \u010cesku hraje kolov\u00e1. Star\u0161\u00ed generace si kolovou spojuje zejm\u00e9na s \u00fasp\u011bchy bratr\u016f Posp\u00ed\u0161ilov\u00fdch. A mlad\u0161\u00ed generace zase ten sport nezn\u00e1. Ale pov\u011bdom\u00ed o kolov\u00e9 se zlep\u0161uje, jak se n\u00e1m da\u0159\u00ed i na mezin\u00e1rodn\u00ed sc\u00e9n\u011b a s t\u00edm roste ur\u010dit\u00e1 pozornost. Ka\u017edop\u00e1dn\u011b jak\u00e9koliv srovn\u00e1n\u00ed nen\u00ed na m\u00edst\u011b. Nem\u016f\u017eeme se s nimi rovnat. Ale chceme pro \u010deskou kolovou vozit medaile z mistrovstv\u00ed sv\u011bta i Sv\u011btov\u00fdch poh\u00e1r\u016f, aby lid\u00e9 v\u011bd\u011bli, \u017ee se tady kolov\u00e1 po\u0159\u00e1d hraje.<\/p>\n\n\n\n<p><strong>D\u00e1 se v&nbsp;na\u0161ich podm\u00ednk\u00e1ch kolovou u\u017eivit nebo norm\u00e1ln\u011b chod\u00edte do zam\u011bstn\u00e1n\u00ed?<\/strong><\/p>\n\n\n\n<p><strong>RA:&nbsp;<\/strong>V&nbsp;tuto chv\u00edli se kolovou \u017eivot ned\u00e1, ale uvid\u00edme, co p\u0159inese budoucnost. J\u00e1 pracuji na \u017eivnost jako klemp\u00ed\u0159-pokr\u00fdva\u010d. V\u00fdhodou je, \u017ee si mohu pr\u00e1ci zorganizovat, jak pot\u0159ebuji. Tak\u017ee kdy\u017e je p\u0159\u00edprava na n\u011bjakou velkou akci a pot\u0159ebujeme tr\u00e9novat v\u00edce, dok\u00e1\u017eu si to za\u0159\u00eddit.<\/p>\n\n\n\n<p><strong>TH:\u00a0<\/strong>Tr\u00e9nujeme a\u017e ve\u010der, kdy\u017e je Radek po pr\u00e1ci a j\u00e1 m\u00e1m za sebou studijn\u00ed povinnosti na vysok\u00e9 \u0161kole Tom\u00e1\u0161e Bati. T\u0159ikr\u00e1t t\u00fddn\u011b jsme na kole t\u0159i hodiny. Dvakr\u00e1t v t\u00fddnu je plav\u00e1n\u00ed, dvakr\u00e1t v t\u00fddnu b\u011bh\u00e1n\u00ed, n\u011bjak\u00e1 posilovna. Celkem jde tak o t\u0159in\u00e1ct hodin tr\u00e9ninku t\u00fddn\u011b. P\u0159esto\u017ee to je v\u017edy a\u017e po spln\u011bn\u00ed povinnost\u00ed, na\u0161li jsme si syst\u00e9m.<\/p>\n\n\n<div class=\"wp-block-image\">\n<figure class=\"aligncenter size-large is-resized\"><img loading=\"lazy\" decoding=\"async\" src=\"http:\/\/www.czechcyclingfederation.com\/wp-content\/uploads\/2023\/11\/2023_11_07_plakat-724x1024.png\" alt=\"\" class=\"wp-image-27680\" width=\"415\" height=\"587\" srcset=\"https:\/\/www.czechcyclingfederation.com\/wp-content\/uploads\/2023\/11\/2023_11_07_plakat-724x1024.png 724w, https:\/\/www.czechcyclingfederation.com\/wp-content\/uploads\/2023\/11\/2023_11_07_plakat-141x200.png 141w, https:\/\/www.czechcyclingfederation.com\/wp-content\/uploads\/2023\/11\/2023_11_07_plakat-768x1086.png 768w, https:\/\/www.czechcyclingfederation.com\/wp-content\/uploads\/2023\/11\/2023_11_07_plakat-1086x1536.png 1086w, https:\/\/www.czechcyclingfederation.com\/wp-content\/uploads\/2023\/11\/2023_11_07_plakat-1448x2048.png 1448w, https:\/\/www.czechcyclingfederation.com\/wp-content\/uploads\/2023\/11\/2023_11_07_plakat-1320x1867.png 1320w\" sizes=\"auto, (max-width: 415px) 100vw, 415px\" \/><\/figure>\n<\/div>\n\n\n<p>AUTOR: Jan Kr\u016fta a Radek Malina<\/p>\n","protected":false},"excerpt":{"rendered":"<p>Radek Adam a Tom\u00e1\u0161 Hor\u00e1k&nbsp;jsou aktu\u00e1ln\u011b nejlep\u0161\u00edm \u010desk\u00fdm p\u00e1rem v&nbsp;kolov\u00e9. Letos vyhr\u00e1li jako nejmlad\u0161\u00ed t\u00fdm v&nbsp;historii extraligu a vybojovali si \u00fa\u010dast na mistrovstv\u00ed sv\u011bta v&nbsp;Glasgow, kde skon\u010dili \u010dtvrt\u00ed. Te\u010f je \u010dek\u00e1 posledn\u00ed velk\u00e1 akce sezony, sobotn\u00ed fin\u00e1le Sv\u011btov\u00e9ho poh\u00e1ru na dom\u00e1c\u00ed p\u016fd\u011b ve Zl\u00edn\u011b. Oba se k&nbsp;tomu hodn\u011b up\u00ednaj\u00ed, proto\u017ee tak d\u016fle\u017eit\u00fd turnaj p\u0159ed dom\u00e1c\u00edmi [&hellip;]<\/p>\n","protected":false},"author":1,"featured_media":27798,"comment_status":"closed","ping_status":"open","sticky":false,"template":"","format":"standard","meta":{"footnotes":""},"categories":[2,60],"tags":[61],"class_list":["post-27797","post","type-post","status-publish","format-standard","has-post-thumbnail","hentry","category-novinky","category-salovka","tag-salovka"],"_links":{"self":[{"href":"https:\/\/www.czechcyclingfederation.com\/en\/wp-json\/wp\/v2\/posts\/27797","targetHints":{"allow":["GET"]}}],"collection":[{"href":"https:\/\/www.czechcyclingfederation.com\/en\/wp-json\/wp\/v2\/posts"}],"about":[{"href":"https:\/\/www.czechcyclingfederation.com\/en\/wp-json\/wp\/v2\/types\/post"}],"author":[{"embeddable":true,"href":"https:\/\/www.czechcyclingfederation.com\/en\/wp-json\/wp\/v2\/users\/1"}],"replies":[{"embeddable":true,"href":"https:\/\/www.czechcyclingfederation.com\/en\/wp-json\/wp\/v2\/comments?post=27797"}],"version-history":[{"count":1,"href":"https:\/\/www.czechcyclingfederation.com\/en\/wp-json\/wp\/v2\/posts\/27797\/revisions"}],"predecessor-version":[{"id":27800,"href":"https:\/\/www.czechcyclingfederation.com\/en\/wp-json\/wp\/v2\/posts\/27797\/revisions\/27800"}],"wp:featuredmedia":[{"embeddable":true,"href":"https:\/\/www.czechcyclingfederation.com\/en\/wp-json\/wp\/v2\/media\/27798"}],"wp:attachment":[{"href":"https:\/\/www.czechcyclingfederation.com\/en\/wp-json\/wp\/v2\/media?parent=27797"}],"wp:term":[{"taxonomy":"category","embeddable":true,"href":"https:\/\/www.czechcyclingfederation.com\/en\/wp-json\/wp\/v2\/categories?post=27797"},{"taxonomy":"post_tag","embeddable":true,"href":"https:\/\/www.czechcyclingfederation.com\/en\/wp-json\/wp\/v2\/tags?post=27797"}],"curies":[{"name":"wp","href":"https:\/\/api.w.org\/{rel}","templated":true}]}}