{"id":2778,"date":"2020-10-29T20:24:15","date_gmt":"2020-10-29T19:24:15","guid":{"rendered":"http:\/\/www.czechcyclingfederation.com\/?p=2778"},"modified":"2020-11-10T11:23:05","modified_gmt":"2020-11-10T10:23:05","slug":"cyklokrosove-me-bez-juniorskych-kategorii","status":"publish","type":"post","link":"https:\/\/www.czechcyclingfederation.com\/en\/cyklokrosove-me-bez-juniorskych-kategorii\/","title":{"rendered":"\u0160patn\u00e1 zpr\u00e1va: cyklokrosov\u00e9 ME bez juniorsk\u00fdch kategori\u00ed"},"content":{"rendered":"\n<p>Ve \u010dtvrtek v podve\u010der byla Evropskou cyklistickou uni\u00ed UEC zve\u0159ejn\u011bna nep\u0159\u00edjemn\u00e1 zpr\u00e1va!<\/p>\n\n\n\n<p>Na evropsk\u00e9m cyklokrosov\u00e9m \u0161ampion\u00e1tu, kter\u00fd se uskute\u010dn\u00ed 7. a 8. listopadu v&nbsp;v&nbsp;nizozemsk\u00e9m Rosmalenu se neuskute\u010dn\u00ed z\u00e1vody juniorsk\u00fdch kategori\u00ed. Ozn\u00e1mili to po\u0159adatel\u00e9 s ohledem k nov\u00fdm vl\u00e1dn\u00edm opat\u0159en\u00edm v Nizozem\u00ed t\u00fdkaj\u00edc\u00edch se pandemie Covid-19. O medaile se tak bude bojovat pouze v elitn\u00edch kategori\u00edch a jezdc\u016f kategori\u00ed U23.<\/p>\n\n\n\n<p>&#8220;Je to pro m\u011b i cel\u00fd n\u00e1\u0161 cyklokros tvrd\u00e1 r\u00e1na. Pr\u00e1v\u011b mezi juniory a juniorkami m\u00e1me jezdce schopn\u00e9 bojovat o medaile \u010di o p\u0159edn\u00ed um\u00edst\u011bn\u00ed,&#8221; \u0159ekl z tohoto rozhodnut\u00ed rozmrzel\u00fd \u010desk\u00fd reprezenta\u010dn\u00ed kou\u010d Petr Dlask.<\/p>\n","protected":false},"excerpt":{"rendered":"<p>Ve \u010dtvrtek v podve\u010der byla Evropskou cyklistickou uni\u00ed UEC zve\u0159ejn\u011bna nep\u0159\u00edjemn\u00e1 zpr\u00e1va! Na evropsk\u00e9m cyklokrosov\u00e9m \u0161ampion\u00e1tu, kter\u00fd se uskute\u010dn\u00ed 7. a 8. listopadu v&nbsp;v&nbsp;nizozemsk\u00e9m Rosmalenu se neuskute\u010dn\u00ed z\u00e1vody juniorsk\u00fdch kategori\u00ed. Ozn\u00e1mili to po\u0159adatel\u00e9 s ohledem k nov\u00fdm vl\u00e1dn\u00edm opat\u0159en\u00edm v Nizozem\u00ed t\u00fdkaj\u00edc\u00edch se pandemie Covid-19. O medaile se tak bude bojovat pouze v elitn\u00edch kategori\u00edch [&hellip;]<\/p>\n","protected":false},"author":8,"featured_media":2779,"comment_status":"closed","ping_status":"open","sticky":false,"template":"","format":"standard","meta":{"footnotes":""},"categories":[58,2],"tags":[59],"class_list":["post-2778","post","type-post","status-publish","format-standard","has-post-thumbnail","hentry","category-cyklokros","category-novinky","tag-cyklokros"],"_links":{"self":[{"href":"https:\/\/www.czechcyclingfederation.com\/en\/wp-json\/wp\/v2\/posts\/2778","targetHints":{"allow":["GET"]}}],"collection":[{"href":"https:\/\/www.czechcyclingfederation.com\/en\/wp-json\/wp\/v2\/posts"}],"about":[{"href":"https:\/\/www.czechcyclingfederation.com\/en\/wp-json\/wp\/v2\/types\/post"}],"author":[{"embeddable":true,"href":"https:\/\/www.czechcyclingfederation.com\/en\/wp-json\/wp\/v2\/users\/8"}],"replies":[{"embeddable":true,"href":"https:\/\/www.czechcyclingfederation.com\/en\/wp-json\/wp\/v2\/comments?post=2778"}],"version-history":[{"count":4,"href":"https:\/\/www.czechcyclingfederation.com\/en\/wp-json\/wp\/v2\/posts\/2778\/revisions"}],"predecessor-version":[{"id":2849,"href":"https:\/\/www.czechcyclingfederation.com\/en\/wp-json\/wp\/v2\/posts\/2778\/revisions\/2849"}],"wp:featuredmedia":[{"embeddable":true,"href":"https:\/\/www.czechcyclingfederation.com\/en\/wp-json\/wp\/v2\/media\/2779"}],"wp:attachment":[{"href":"https:\/\/www.czechcyclingfederation.com\/en\/wp-json\/wp\/v2\/media?parent=2778"}],"wp:term":[{"taxonomy":"category","embeddable":true,"href":"https:\/\/www.czechcyclingfederation.com\/en\/wp-json\/wp\/v2\/categories?post=2778"},{"taxonomy":"post_tag","embeddable":true,"href":"https:\/\/www.czechcyclingfederation.com\/en\/wp-json\/wp\/v2\/tags?post=2778"}],"curies":[{"name":"wp","href":"https:\/\/api.w.org\/{rel}","templated":true}]}}