{"id":27774,"date":"2023-11-21T07:01:24","date_gmt":"2023-11-21T06:01:24","guid":{"rendered":"https:\/\/www.czechcyclingfederation.com\/?p=27774"},"modified":"2023-11-21T13:22:41","modified_gmt":"2023-11-21T12:22:41","slug":"sabina-kosarkova-medaile-z-pumptracku-je-povzbuzenim-do-olympijske-sezony","status":"publish","type":"post","link":"https:\/\/www.czechcyclingfederation.com\/en\/sabina-kosarkova-medaile-z-pumptracku-je-povzbuzenim-do-olympijske-sezony\/","title":{"rendered":"Sabina Ko\u0161\u00e1rkov\u00e1: Medaile z\u00a0pumptracku je povzbuzen\u00edm do olympijsk\u00e9 sezony"},"content":{"rendered":"\n<p>V\u00edce ne\u017e polovinu leto\u0161n\u00ed sezony absolvovala <strong>Sabina Ko\u0161\u00e1rkov\u00e1<\/strong> s&nbsp;handicapem v&nbsp;podob\u011b zlomen\u00e9 \u010dlunkov\u00e9 kosti v&nbsp;z\u00e1p\u011bst\u00ed. V&nbsp;BMX i p\u0159esto dok\u00e1zala skon\u010dit \u010dtvrt\u00e1 v&nbsp;jednom ze z\u00e1vod\u016f SP v&nbsp;kategorii U23, ve sjezdu z\u00edskala titul mistryn\u011b republiky.<\/p>\n\n\n\n<p>V&nbsp;srpnu se podrobila operaci, t\u0159i m\u011bs\u00edce nemohla po\u0159\u00e1dn\u011b tr\u00e9novat, ale v&nbsp;sobotu si v\u0161e vynahradila, kdy\u017e z\u00edskala st\u0159\u00edbro na mistrovstv\u00ed sv\u011bta v&nbsp;pumptracku. <em>\u201eUr\u010dit\u011b mi ta medaile spravila chu\u0165 za cel\u00fd rok. A z\u00e1rove\u0148 je to povzbuzen\u00ed do p\u0159\u00ed\u0161t\u00ed sezony, ve kter\u00e9 bych se cht\u011bla porvat o olympi\u00e1du a r\u00e1da bych startovala na t\u0159ech mistrovstv\u00edch sv\u011bta,\u201c <\/em>\u0159\u00edk\u00e1 z\u00e1vodnice Sunn BMX Factory Teamu.<\/p>\n\n\n\n<figure class=\"wp-block-image size-large\"><img loading=\"lazy\" decoding=\"async\" width=\"1024\" height=\"986\" src=\"https:\/\/www.czechcyclingfederation.com\/wp-content\/uploads\/2023\/11\/sabina-23-1024x986.jpg\" alt=\"\" class=\"wp-image-27779\" srcset=\"https:\/\/www.czechcyclingfederation.com\/wp-content\/uploads\/2023\/11\/sabina-23-1024x986.jpg 1024w, https:\/\/www.czechcyclingfederation.com\/wp-content\/uploads\/2023\/11\/sabina-23-208x200.jpg 208w, https:\/\/www.czechcyclingfederation.com\/wp-content\/uploads\/2023\/11\/sabina-23-768x740.jpg 768w, https:\/\/www.czechcyclingfederation.com\/wp-content\/uploads\/2023\/11\/sabina-23-1320x1271.jpg 1320w, https:\/\/www.czechcyclingfederation.com\/wp-content\/uploads\/2023\/11\/sabina-23.jpg 1495w\" sizes=\"auto, (max-width: 1024px) 100vw, 1024px\" \/><\/figure>\n\n\n\n<p><strong>Jak dlouho jste z\u00e1vodila se zlomenou k\u016fstkou?<\/strong><\/p>\n\n\n\n<p>Spadla jsem vloni v&nbsp;\u0159\u00edjnu na Sv\u011btov\u00e9m poh\u00e1ru v&nbsp;Kolumbii. Tam mi dokto\u0159i \u0159ekli, \u017ee to zlomen\u00e9 nen\u00ed, \u017ee s&nbsp;t\u00edm mohu jezdit. K\u016fstka byla napraskl\u00e1, ale pak p\u0159i\u0161el dal\u0161\u00ed p\u00e1d a j\u00e1 to moc ne\u0159e\u0161ila. A\u017e v&nbsp;b\u0159eznu se po dal\u0161\u00edch vy\u0161et\u0159en\u00edch zjistilo, \u017ee je \u010dlunkov\u00e1 kost zlomen\u00e1. Rozhodla jsem se, \u017ee s&nbsp;t\u00edm p\u016fjdu do sezony, abych jej\u00ed velkou \u010d\u00e1st neztratila.<\/p>\n\n\n\n<p><strong>Byl to velk\u00fd handicap?<\/strong><\/p>\n\n\n\n<p>Hlavn\u011b v&nbsp;bikrosu p\u0159i startech, v\u011bt\u0161inou jsem po startu odj\u00ed\u017ed\u011bla posledn\u00ed. Na to jsem nebyla zvykl\u00e1 a prala jsem se s&nbsp;psychikou. Ve sjezdu to bylo celkem v&nbsp;pohod\u011b. Jak je na kole odpru\u017een\u00e1 vidlice, \u010dlov\u011bk n\u00e1razy tolik nec\u00edt\u00ed. Taky to potvrdily v\u00fdsledky. Vyhr\u00e1la jsem mistr\u00e1k republiky a na mistrovstv\u00ed sv\u011bta jsem byla v&nbsp;juniork\u00e1ch des\u00e1t\u00e1, to jsem taky ne\u010dekala.<\/p>\n\n\n\n<figure class=\"wp-block-image size-large\"><img loading=\"lazy\" decoding=\"async\" width=\"1024\" height=\"683\" src=\"https:\/\/www.czechcyclingfederation.com\/wp-content\/uploads\/2023\/11\/CEM_4174-1024x683.jpg\" alt=\"\" class=\"wp-image-27781\" srcset=\"https:\/\/www.czechcyclingfederation.com\/wp-content\/uploads\/2023\/11\/CEM_4174-1024x683.jpg 1024w, https:\/\/www.czechcyclingfederation.com\/wp-content\/uploads\/2023\/11\/CEM_4174-300x200.jpg 300w, https:\/\/www.czechcyclingfederation.com\/wp-content\/uploads\/2023\/11\/CEM_4174-768x512.jpg 768w, https:\/\/www.czechcyclingfederation.com\/wp-content\/uploads\/2023\/11\/CEM_4174-1536x1024.jpg 1536w, https:\/\/www.czechcyclingfederation.com\/wp-content\/uploads\/2023\/11\/CEM_4174-1320x880.jpg 1320w\" sizes=\"auto, (max-width: 1024px) 100vw, 1024px\" \/><\/figure>\n\n\n\n<p><strong>A v&nbsp;srpnu jste se podrobila operaci.<\/strong><\/p>\n\n\n\n<p>Dali mi tam \u0161roub, kter\u00fd ruku zpev\u0148uje. Je\u0161t\u011b po\u0159\u00e1d to nen\u00ed stoprocentn\u011b zahojen\u00e9, ale ruka bude v&nbsp;po\u0159\u00e1dku. T\u0159i m\u011bs\u00edce jsem nemohla sed\u011bt na BMX kole, jen na silni\u010dn\u00edm nebo trena\u017eeru. Trochu jsem si v&nbsp;hlav\u011b odpo\u010dinula od z\u00e1vod\u016f, dod\u011bl\u00e1vala jsem \u0161kolu, do toho jsem tr\u00e9novala, co jsem mohla. Bylo to jako zimn\u00ed p\u0159\u00edprava. Jsem r\u00e1da, \u017ee m\u00e1m tu pauzu za sebou a st\u0159\u00edbrn\u00e1 medaile z&nbsp;mistrovstv\u00ed sv\u011bta v&nbsp;pumptracku na konec sezony je \u00fapln\u011b skv\u011bl\u00e1.<\/p>\n\n\n\n<p><strong>Co v\u00e1s \u010dek\u00e1 v&nbsp;p\u0159\u00ed\u0161t\u00edch dnech a t\u00fddnech?<\/strong><\/p>\n\n\n\n<p>Proto\u017ee jsem m\u011bla del\u0161\u00ed pauzu, tak budu norm\u00e1ln\u011b tr\u00e9novat, pokra\u010dovat v&nbsp;zimn\u00ed p\u0159\u00edprav\u011b. V&nbsp;lednu odjedu do Austr\u00e1lie, kde chci po\u0159\u00e1dn\u011b tr\u00e9novat v&nbsp;teple a na rozjet\u00ed tam pojedu i n\u011bjak\u00e9 m\u00edstn\u00ed z\u00e1vody. V&nbsp;\u00fanoru je prvn\u00ed sv\u011b\u0165\u00e1k v&nbsp;BMX na Nov\u00e9m Z\u00e9landu a hned po n\u011bm se jede dal\u0161\u00ed v&nbsp;Austr\u00e1lii. Chci si to otestovat i kv\u016fli tomu, \u017ee p\u0159ech\u00e1z\u00edm do star\u0161\u00ed kategorie. Je na mn\u011b, jestli p\u016fjdu rovnou do elity nebo do U23. Rozhodnu se a\u017e tam, ale sp\u00ed\u0161 to kv\u016fli boji o olympi\u00e1du vid\u00edm na elitu.<\/p>\n\n\n\n<figure class=\"wp-block-image size-large\"><img loading=\"lazy\" decoding=\"async\" width=\"1024\" height=\"683\" src=\"https:\/\/www.czechcyclingfederation.com\/wp-content\/uploads\/2023\/11\/image_6483441_3-1024x683.jpg\" alt=\"\" class=\"wp-image-27783\" srcset=\"https:\/\/www.czechcyclingfederation.com\/wp-content\/uploads\/2023\/11\/image_6483441_3-1024x683.jpg 1024w, https:\/\/www.czechcyclingfederation.com\/wp-content\/uploads\/2023\/11\/image_6483441_3-300x200.jpg 300w, https:\/\/www.czechcyclingfederation.com\/wp-content\/uploads\/2023\/11\/image_6483441_3-768x512.jpg 768w, https:\/\/www.czechcyclingfederation.com\/wp-content\/uploads\/2023\/11\/image_6483441_3-1536x1024.jpg 1536w, https:\/\/www.czechcyclingfederation.com\/wp-content\/uploads\/2023\/11\/image_6483441_3-2048x1365.jpg 2048w, https:\/\/www.czechcyclingfederation.com\/wp-content\/uploads\/2023\/11\/image_6483441_3-1320x880.jpg 1320w\" sizes=\"auto, (max-width: 1024px) 100vw, 1024px\" \/><\/figure>\n\n\n\n<p><strong>Jak je to aktu\u00e1ln\u011b s&nbsp;\u00fa\u010dast\u00ed \u010desk\u00e9ho z\u00e1stupce v&nbsp;BMX Racing na olympi\u00e1d\u011b v&nbsp;Pa\u0159\u00ed\u017ei?<\/strong><\/p>\n\n\n\n<p>Pro \u017eeny je ve h\u0159e jedno m\u00edsto a budeme o n\u011bj bojovat s&nbsp;Eli\u0161kou Bart\u016f\u0148kovou. \u0160ance vid\u00edm tak na 50 procent. Te\u010f to m\u00edsto vyjet\u00e9 nem\u00e1me, ale d\u016fle\u017eit\u00e9 bude kv\u011btnov\u00e9 mistrovstv\u00ed sv\u011bta v&nbsp;USA. Kdy\u017e n\u011bkter\u00e1 z&nbsp;n\u00e1s skon\u010d\u00ed hodn\u011b dob\u0159e a p\u0159ed n\u00e1mi budou jen z\u00e1vodnice, kter\u00e1 u\u017e maj\u00ed \u00fa\u010dast jistou, tak to vybojujeme.<\/p>\n\n\n\n<p><strong>A co pl\u00e1ny v&nbsp;ostatn\u00edch discipl\u00edn\u00e1ch?<\/strong><\/p>\n\n\n\n<p>V\u0161echno bude odvisl\u00e9 od olympi\u00e1dy. Prioritou bude BMX. Kdy\u017e se dostanu na olympi\u00e1du, ve sjezdu bych jela a\u017e druhou p\u016flku Sv\u011btov\u00e9ho poh\u00e1ru. Taky u\u017e p\u0159ech\u00e1z\u00edm do elity, tak jsem zv\u011bdav\u00e1. Chci jet i mistrovstv\u00ed sv\u011bta a vyjet si \u00fa\u010dast na mistrovstv\u00ed sv\u011bta v&nbsp;pumptracku. Tak\u017ee ide\u00e1ln\u011b t\u0159i mistrovstv\u00ed sv\u011bta b\u011bhem roku.<\/p>\n\n\n\n<p>Foto: Michal \u010cerven\u00fd a Facebook Sabiny Ko\u0161\u00e1rkov\u00e9<\/p>\n","protected":false},"excerpt":{"rendered":"<p>V\u00edce ne\u017e polovinu leto\u0161n\u00ed sezony absolvovala Sabina Ko\u0161\u00e1rkov\u00e1 s&nbsp;handicapem v&nbsp;podob\u011b zlomen\u00e9 \u010dlunkov\u00e9 kosti v&nbsp;z\u00e1p\u011bst\u00ed. V&nbsp;BMX i p\u0159esto dok\u00e1zala skon\u010dit \u010dtvrt\u00e1 v&nbsp;jednom ze z\u00e1vod\u016f SP v&nbsp;kategorii U23, ve sjezdu z\u00edskala titul mistryn\u011b republiky. V&nbsp;srpnu se podrobila operaci, t\u0159i m\u011bs\u00edce nemohla po\u0159\u00e1dn\u011b tr\u00e9novat, ale v&nbsp;sobotu si v\u0161e vynahradila, kdy\u017e z\u00edskala st\u0159\u00edbro na mistrovstv\u00ed sv\u011bta v&nbsp;pumptracku. \u201eUr\u010dit\u011b mi [&hellip;]<\/p>\n","protected":false},"author":15,"featured_media":27795,"comment_status":"closed","ping_status":"open","sticky":false,"template":"","format":"standard","meta":{"footnotes":""},"categories":[57,2],"tags":[55],"class_list":["post-27774","post","type-post","status-publish","format-standard","has-post-thumbnail","hentry","category-bmx","category-novinky","tag-bmx"],"_links":{"self":[{"href":"https:\/\/www.czechcyclingfederation.com\/en\/wp-json\/wp\/v2\/posts\/27774","targetHints":{"allow":["GET"]}}],"collection":[{"href":"https:\/\/www.czechcyclingfederation.com\/en\/wp-json\/wp\/v2\/posts"}],"about":[{"href":"https:\/\/www.czechcyclingfederation.com\/en\/wp-json\/wp\/v2\/types\/post"}],"author":[{"embeddable":true,"href":"https:\/\/www.czechcyclingfederation.com\/en\/wp-json\/wp\/v2\/users\/15"}],"replies":[{"embeddable":true,"href":"https:\/\/www.czechcyclingfederation.com\/en\/wp-json\/wp\/v2\/comments?post=27774"}],"version-history":[{"count":6,"href":"https:\/\/www.czechcyclingfederation.com\/en\/wp-json\/wp\/v2\/posts\/27774\/revisions"}],"predecessor-version":[{"id":27794,"href":"https:\/\/www.czechcyclingfederation.com\/en\/wp-json\/wp\/v2\/posts\/27774\/revisions\/27794"}],"wp:featuredmedia":[{"embeddable":true,"href":"https:\/\/www.czechcyclingfederation.com\/en\/wp-json\/wp\/v2\/media\/27795"}],"wp:attachment":[{"href":"https:\/\/www.czechcyclingfederation.com\/en\/wp-json\/wp\/v2\/media?parent=27774"}],"wp:term":[{"taxonomy":"category","embeddable":true,"href":"https:\/\/www.czechcyclingfederation.com\/en\/wp-json\/wp\/v2\/categories?post=27774"},{"taxonomy":"post_tag","embeddable":true,"href":"https:\/\/www.czechcyclingfederation.com\/en\/wp-json\/wp\/v2\/tags?post=27774"}],"curies":[{"name":"wp","href":"https:\/\/api.w.org\/{rel}","templated":true}]}}