{"id":2775,"date":"2020-10-28T08:35:03","date_gmt":"2020-10-28T07:35:03","guid":{"rendered":"http:\/\/www.czechcyclingfederation.com\/?p=2775"},"modified":"2020-10-29T21:24:33","modified_gmt":"2020-10-29T20:24:33","slug":"dvacitka-ceskych-cyklokrosaru-pojede-na-me","status":"publish","type":"post","link":"https:\/\/www.czechcyclingfederation.com\/en\/dvacitka-ceskych-cyklokrosaru-pojede-na-me\/","title":{"rendered":"Dvac\u00edtka \u010desk\u00fdch cyklokrosa\u0159\u016f pojede na ME"},"content":{"rendered":"\n<p><strong>Aktualizov\u00e1no:<\/strong> na z\u00e1klad\u011b rozhodnut\u00ed UEC nebudou na ME sout\u011b\u017eit juniorsk\u00e9 kategorie. Text \u010dl\u00e1nku ponech\u00e1v\u00e1me v p\u016fvodn\u00edm zn\u011bn\u00ed.<\/p>\n\n\n\n<p>Na evropsk\u00e9m cyklokrosov\u00e9m \u0161ampion\u00e1tu, kter\u00fd se uskute\u010dn\u00ed 7. &#8211; 8. listopadu v nizozemsk\u00e9m Rosmalenu se p\u0159edstav\u00ed dvac\u00edtka \u010desk\u00fdch reprezentant\u016f. Nejv\u00edce \u010cech\u016f bude na startu z\u00e1vodu junior\u016f, kde o medaile bude bojovat sedmi\u010dka na\u0161ich nad\u011bj\u00ed. Naopak v elitn\u00edch kategori\u00edch mu\u017e\u016f i \u017een bude m\u00edt \u010desk\u00fd cyklokros jen dvojn\u00e1sobn\u00e9 zastoupen\u00ed.<\/p>\n\n\n\n<p>Reprezenta\u010dn\u00ed kou\u010d Petr Dlask se bude muset obej\u00edt bez Tom\u00e1\u0161e Kopeck\u00e9ho, kter\u00fd nebude startovat pro p\u0159etrv\u00e1vaj\u00edc\u00ed probl\u00e9my se z\u00e1dy. Nejv\u00edce s\u00e1z\u00ed na juniory a juniorky. &#8220;To by m\u011bly b\u00fdt kategorie, kter\u00e9 z m\u00e9ho pohledu maj\u00ed nejv\u011bt\u0161\u00ed \u0161ance usp\u011bt a ud\u011blat dobr\u00e9 v\u00fdsledky. Spokojen budu se ziskem jak\u00e9koliv medaile. Nejbl\u00ed\u017ee podle v\u00fdsledk\u016f a v\u00fdkon\u016f v sezon\u011b k n\u00ed maj\u00ed junio\u0159i Maty\u00e1\u0161 Kopeck\u00fd a Mat\u011bj Str\u00e1nsk\u00fd, ale i dal\u0161\u00ed mlad\u00ed um\u011bj\u00ed zajet velk\u00e9 z\u00e1vody. Mezi juniorkami se jev\u00ed velmi dob\u0159e Julie Kopeck\u00e1 s Kate\u0159inou Hlad\u00edkovou a velk\u00fd potenci\u00e1l uk\u00e1zal i \u00fasp\u011b\u0161n\u00e1 bikerka Aneta Novotn\u00e1,&#8221; \u0159ekl Petr Dlask.<\/p>\n\n\n\n<p>Do Rosmalenu odj\u00ed\u017ed\u00ed v\u00fdprava ve \u010dtvrtek, v sobotu budou z\u00e1vodit mu\u017ei U23, \u017eeny elite a junio\u0159i, v ned\u011bli budou o medaile bojovat juniorky, mu\u017ei elite a \u017eeny U23.<\/p>\n\n\n\n<p>\u010cesk\u00e1 nominace:<\/p>\n\n\n\n<p><s>Junio\u0159i:<\/s><\/p>\n\n\n\n<p><s>Maty\u00e1\u0161 Kopeck\u00fd, Mat\u011bj Str\u00e1nsk\u00fd, Pavel Jind\u0159ich, Adam Seeman, Tom\u00e1\u0161 Dole\u017eal, Maty\u00e1\u0161 Fiala, V\u00e1clav Dost\u00e1l.<\/s><\/p>\n\n\n\n<p><s>Juniorky:<\/s><\/p>\n\n\n\n<p><s>Julie Kopeck\u00e1, Kate\u0159ina Hlad\u00edkov\u00e1, Aneta Novotn\u00e1, Krist\u00fdna Zemanov\u00e1.<\/s><\/p>\n\n\n\n<p>Mu\u017ei U23:<\/p>\n\n\n\n<p>\u0160imon Van\u00ed\u010dek, Jakub \u0158\u00edman.<\/p>\n\n\n\n<p>\u017deny U23:<\/p>\n\n\n\n<p>Elizabeth Ungermanov\u00e1, Tereza Van\u00ed\u010dkov\u00e1.<\/p>\n\n\n\n<p>Mu\u017ei elite:<\/p>\n\n\n\n<p>Michael Boro\u0161, Daniel Mayer.<\/p>\n\n\n\n<p>Zeny elite:<\/p>\n\n\n\n<p>Pavla Havl\u00edkov\u00e1, Karla \u0160t\u011bp\u00e1nov\u00e1, Nikola Bajgerov\u00e1.<\/p>\n\n\n\n<p>FOTO Petr Hofbauer<\/p>\n","protected":false},"excerpt":{"rendered":"<p>Aktualizov\u00e1no: na z\u00e1klad\u011b rozhodnut\u00ed UEC nebudou na ME sout\u011b\u017eit juniorsk\u00e9 kategorie. Text \u010dl\u00e1nku ponech\u00e1v\u00e1me v p\u016fvodn\u00edm zn\u011bn\u00ed. Na evropsk\u00e9m cyklokrosov\u00e9m \u0161ampion\u00e1tu, kter\u00fd se uskute\u010dn\u00ed 7. &#8211; 8. listopadu v nizozemsk\u00e9m Rosmalenu se p\u0159edstav\u00ed dvac\u00edtka \u010desk\u00fdch reprezentant\u016f. Nejv\u00edce \u010cech\u016f bude na startu z\u00e1vodu junior\u016f, kde o medaile bude bojovat sedmi\u010dka na\u0161ich nad\u011bj\u00ed. Naopak v elitn\u00edch kategori\u00edch [&hellip;]<\/p>\n","protected":false},"author":8,"featured_media":2776,"comment_status":"closed","ping_status":"open","sticky":false,"template":"","format":"standard","meta":{"footnotes":""},"categories":[58,2,103],"tags":[59],"class_list":["post-2775","post","type-post","status-publish","format-standard","has-post-thumbnail","hentry","category-cyklokros","category-novinky","category-reprezentace","tag-cyklokros"],"_links":{"self":[{"href":"https:\/\/www.czechcyclingfederation.com\/en\/wp-json\/wp\/v2\/posts\/2775","targetHints":{"allow":["GET"]}}],"collection":[{"href":"https:\/\/www.czechcyclingfederation.com\/en\/wp-json\/wp\/v2\/posts"}],"about":[{"href":"https:\/\/www.czechcyclingfederation.com\/en\/wp-json\/wp\/v2\/types\/post"}],"author":[{"embeddable":true,"href":"https:\/\/www.czechcyclingfederation.com\/en\/wp-json\/wp\/v2\/users\/8"}],"replies":[{"embeddable":true,"href":"https:\/\/www.czechcyclingfederation.com\/en\/wp-json\/wp\/v2\/comments?post=2775"}],"version-history":[{"count":2,"href":"https:\/\/www.czechcyclingfederation.com\/en\/wp-json\/wp\/v2\/posts\/2775\/revisions"}],"predecessor-version":[{"id":2785,"href":"https:\/\/www.czechcyclingfederation.com\/en\/wp-json\/wp\/v2\/posts\/2775\/revisions\/2785"}],"wp:featuredmedia":[{"embeddable":true,"href":"https:\/\/www.czechcyclingfederation.com\/en\/wp-json\/wp\/v2\/media\/2776"}],"wp:attachment":[{"href":"https:\/\/www.czechcyclingfederation.com\/en\/wp-json\/wp\/v2\/media?parent=2775"}],"wp:term":[{"taxonomy":"category","embeddable":true,"href":"https:\/\/www.czechcyclingfederation.com\/en\/wp-json\/wp\/v2\/categories?post=2775"},{"taxonomy":"post_tag","embeddable":true,"href":"https:\/\/www.czechcyclingfederation.com\/en\/wp-json\/wp\/v2\/tags?post=2775"}],"curies":[{"name":"wp","href":"https:\/\/api.w.org\/{rel}","templated":true}]}}