{"id":27653,"date":"2023-11-07T07:21:32","date_gmt":"2023-11-07T06:21:32","guid":{"rendered":"https:\/\/www.czechcyclingfederation.com\/?p=27653"},"modified":"2023-11-07T09:07:02","modified_gmt":"2023-11-07T08:07:02","slug":"kristyna-zemanova-v-tabore-bych-moc-rada-ty-bronzy-jeste-vylepsila","status":"publish","type":"post","link":"https:\/\/www.czechcyclingfederation.com\/en\/kristyna-zemanova-v-tabore-bych-moc-rada-ty-bronzy-jeste-vylepsila\/","title":{"rendered":"Krist\u00fdna Zemanov\u00e1: V\u00a0T\u00e1bo\u0159e bych moc r\u00e1da ty bronzy je\u0161t\u011b vylep\u0161ila"},"content":{"rendered":"\n<p>V&nbsp;\u00fanoru vybojovala <strong>Krist\u00fdna Zemanov\u00e1<\/strong> na mistrovstv\u00ed sv\u011bta v&nbsp;Hoogerheide bronz v&nbsp;kategorii \u017een do 23 let. Leto\u0161n\u00ed sezona \u010desk\u00e9 cyklokrosov\u00e9 reprezentantce zat\u00edm vych\u00e1z\u00ed na jedni\u010dku a skv\u011blou formu korunovala te\u010f v&nbsp;ned\u011bli ziskem dal\u0161\u00edho bronzu z&nbsp;evropsk\u00e9ho \u0161ampion\u00e1tu v&nbsp;Pontchateau.<\/p>\n\n\n\n<p>Ten nejv\u011bt\u0161\u00ed vrchol sezony pro ni ale p\u0159ijde za p\u00e1r m\u011bs\u00edc\u016f, konkr\u00e9tn\u011b za\u010d\u00e1tkem \u00fanora, kdy se na dom\u00e1c\u00ed p\u016fd\u011b v&nbsp;T\u00e1bo\u0159e bude bojovat o sv\u011btov\u00e9 tituly. \u201eT\u00e1bor je velk\u00fd c\u00edl a stra\u0161n\u011b r\u00e1da bych tam z\u00edskala n\u011bjakou medaili. Mistrovstv\u00ed sv\u011bta doma je nejv\u00edc,\u201c \u0159\u00edk\u00e1 z\u00e1vodnice Brilon Racing t\u00fdmu z&nbsp;Mlad\u00e9 Boleslavi.<\/p>\n\n\n\n<p><strong>Krist\u00fdno, berete to tak, \u017ee prvn\u00ed c\u00edl sezony m\u00e1te d\u00edky bronzu z&nbsp;Pontchateau spln\u011bn?<\/strong><\/p>\n\n\n\n<p>Ur\u010dit\u011b ano, Evropa byla prvn\u00edm velk\u00fdm z\u00e1vodem sezony, kde jsem moc cht\u011bla o medaili zabojovat. A jsem r\u00e1da, \u017ee to vy\u0161lo, i kdy\u017e to v\u016fbec nebylo jednoduch\u00e9.<\/p>\n\n\n\n<p><strong>Podle v\u00fdsledk\u016f jste pat\u0159ila mezi favoritky, startovala jste pod v\u011bt\u0161\u00edm tlakem okol\u00ed?<\/strong><\/p>\n\n\n\n<p>Je pravda, \u017ee mi dost lid\u00ed \u0159\u00edkalo, \u017ee ode m\u011b \u010dek\u00e1 medaili, ale nijak m\u011b to nezlomilo. Zbyte\u010dn\u00fd tlak jsem si nep\u0159ipou\u0161t\u011bla. V\u011bd\u011bla jsem, \u017ee natr\u00e9nov\u00e1no m\u00e1m dob\u0159e a m\u016f\u017ee to tam padnout. Ale stejn\u011b tak mus\u00edte myslet i na to, \u017ee v\u017edycky v\u0161echno nevyjde tak, jak byste si p\u0159edstavovali. \u010clov\u011bk mus\u00ed um\u011bt i prohr\u00e1vat, to ke sportu pat\u0159\u00ed. \u0160la jsem do z\u00e1vodu s&nbsp;t\u00edm, \u017ee na trati nech\u00e1m v\u0161echno a uvid\u00edm, na co to bude sta\u010dit.<\/p>\n\n\n\n<figure class=\"wp-block-image size-large\"><img loading=\"lazy\" decoding=\"async\" width=\"1024\" height=\"683\" src=\"https:\/\/www.czechcyclingfederation.com\/wp-content\/uploads\/2023\/11\/ME_Zemanova1-1-1024x683.jpg\" alt=\"\" class=\"wp-image-27660\" srcset=\"https:\/\/www.czechcyclingfederation.com\/wp-content\/uploads\/2023\/11\/ME_Zemanova1-1-1024x683.jpg 1024w, https:\/\/www.czechcyclingfederation.com\/wp-content\/uploads\/2023\/11\/ME_Zemanova1-1-300x200.jpg 300w, https:\/\/www.czechcyclingfederation.com\/wp-content\/uploads\/2023\/11\/ME_Zemanova1-1-768x512.jpg 768w, https:\/\/www.czechcyclingfederation.com\/wp-content\/uploads\/2023\/11\/ME_Zemanova1-1-1536x1024.jpg 1536w, https:\/\/www.czechcyclingfederation.com\/wp-content\/uploads\/2023\/11\/ME_Zemanova1-1-2048x1365.jpg 2048w, https:\/\/www.czechcyclingfederation.com\/wp-content\/uploads\/2023\/11\/ME_Zemanova1-1-1320x880.jpg 1320w\" sizes=\"auto, (max-width: 1024px) 100vw, 1024px\" \/><\/figure>\n\n\n\n<p><strong>Nakonec to bylo hodn\u011b t\u011b\u017ek\u00e9 a z\u00e1vod se pro v\u00e1s moc dob\u0159e nevyv\u00edjel.<\/strong><\/p>\n\n\n\n<p>Zase mi \u00fapln\u011b nevy\u0161el start, jako u\u017e pon\u011bkolik\u00e1t\u00e9, musela jsem to pak doj\u00ed\u017ed\u011bt. Ale zvolila jsem dobr\u00e9 tempo, abych vydr\u017eela se silami. Kdy\u017e jsem dojela t\u0159et\u00ed Holan\u010fanku, necht\u011bla mi v\u016fbec st\u0159\u00eddat a druh\u00e1 v&nbsp;po\u0159ad\u00ed n\u00e1m odjela. V&nbsp;tu chv\u00edli jsem se sna\u017eila myslet na ten bronz, abych ho urvala. Na\u0161t\u011bst\u00ed jsem soupe\u0159ce dok\u00e1zala v&nbsp;p\u0159edposledn\u00edm kole ve v\u00fdjezdu nastoupit a odjet.<\/p>\n\n\n\n<p><strong>Co v\u00e1m blesklo hlavou, kdy\u017e jste projela c\u00edlem jako majitelka bronzu?<\/strong><\/p>\n\n\n\n<p>\u017de m\u00e1m spln\u011bno\u2026 Byl tam obrovsk\u00fd n\u00e1val emoc\u00ed. Brala jsem to jako odm\u011bnu za v\u0161echnu tu d\u0159inu. Po z\u00e1vod\u011b jsem m\u011bla telefon zahlcen\u00fd gratulacemi: od rodiny, lid\u00ed z&nbsp;t\u00fdmu, kamar\u00e1d\u016f\u2026 Jsem moc r\u00e1da, \u017ee to lidi pro\u017e\u00edvaj\u00ed se mnou. A ur\u010dit\u011b to s&nbsp;nejbli\u017e\u0161\u00edmi spole\u010dn\u011b oslav\u00edme. S&nbsp;mamkou jsme m\u011bly ned\u00e1vno ob\u011b narozeniny, tak to spoj\u00edme.<\/p>\n\n\n\n<p><strong>Jak jste se vypo\u0159\u00e1dala s&nbsp;n\u00e1strahami po\u010das\u00ed? Ve Francii hodn\u011b pr\u0161elo, byl siln\u00fd v\u00edtr a organiz\u00e1to\u0159i byli nuceni nahustit program do jedin\u00e9ho dne.<\/strong><\/p>\n\n\n\n<p>Bylo to hodn\u011b divok\u00e9, v\u0161echny v\u010detn\u011b realiza\u010dn\u00edho t\u00fdmu to st\u00e1lo dost nerv\u016f. Ale podm\u00ednky byly pro v\u0161echny stejn\u00e9. Hlavn\u011b v&nbsp;sobotu byly poryvy v\u011btru opravdu siln\u00e9. V&nbsp;ned\u011bli to bylo o n\u011bco lep\u0161\u00ed, ale zase chv\u00edlema pr\u0161elo. J\u00e1 osobn\u011b m\u00e1m rad\u0161i rychlej\u0161\u00ed a such\u00e9 trat\u011b, ale tahle nebyla nijak moc rozbl\u00e1cen\u00e1 a taky se mi l\u00edbila. \u010clov\u011bk by se m\u011bl popasovat se v\u0161\u00edm.<\/p>\n\n\n\n<figure class=\"wp-block-image size-large\"><img loading=\"lazy\" decoding=\"async\" width=\"1024\" height=\"682\" src=\"https:\/\/www.czechcyclingfederation.com\/wp-content\/uploads\/2023\/11\/ME_Zemanova-1024x682.jpeg\" alt=\"\" class=\"wp-image-27662\" srcset=\"https:\/\/www.czechcyclingfederation.com\/wp-content\/uploads\/2023\/11\/ME_Zemanova-1024x682.jpeg 1024w, https:\/\/www.czechcyclingfederation.com\/wp-content\/uploads\/2023\/11\/ME_Zemanova-300x200.jpeg 300w, https:\/\/www.czechcyclingfederation.com\/wp-content\/uploads\/2023\/11\/ME_Zemanova-768x512.jpeg 768w, https:\/\/www.czechcyclingfederation.com\/wp-content\/uploads\/2023\/11\/ME_Zemanova.jpeg 1280w\" sizes=\"auto, (max-width: 1024px) 100vw, 1024px\" \/><\/figure>\n\n\n\n<p><strong>T\u00edm nejv\u011bt\u0161\u00edm vrcholem leto\u0161n\u00ed sezony je mistrovstv\u00ed sv\u011bta v&nbsp;T\u00e1bo\u0159e. Jak moc se k&nbsp;n\u011bmu up\u00edn\u00e1te?<\/strong><\/p>\n\n\n\n<p>R\u00e1da bych bojovala o medaili, zvl\u00e1\u0161\u0165, kdy\u017e se mistrovstv\u00ed sv\u011bta jede u n\u00e1s. M\u00e1m velk\u00e9 p\u0159\u00e1n\u00ed ty dva bronzy je\u0161t\u011b tro\u0161ku vylep\u0161it. Ale jdu do toho s&nbsp;maxim\u00e1ln\u00ed pokorou a jak\u00e1koliv medaile bude spln\u011bn\u00fd sen. Konkurence je obrovsk\u00e1 a z\u00e1le\u017e\u00ed, jak to kter\u00e9 z&nbsp;n\u00e1s v&nbsp;dan\u00fd den sedne. My jako dom\u00e1c\u00ed z\u00e1vodnice m\u00e1me men\u0161\u00ed v\u00fdhodu, \u017ee si tra\u0165 vyzkou\u0161\u00edme v&nbsp;regul\u00e9rn\u00edm z\u00e1vod\u011b u\u017e p\u0159i mistrovstv\u00ed republiky, kde bych moc r\u00e1da obh\u00e1jila titul.<\/p>\n\n\n\n<p><strong>Co v\u00e1s \u010dek\u00e1 v&nbsp;nejbli\u017e\u0161\u00edch dnech a t\u00fddnech?<\/strong><\/p>\n\n\n\n<p>D\u00edky tomu, \u017ee jsem nez\u00e1vodila na silnici, tak chci objet co nejv\u00edc z\u00e1vod\u016f v&nbsp;krosu. V&nbsp;sobotu bych m\u011bla jet Superprestige v&nbsp;Nielu, v&nbsp;ned\u011bli je Sv\u011btov\u00fd poh\u00e1r v&nbsp;Dendermonde, dal\u0161\u00ed v\u00edkend je sv\u011b\u0165\u00e1k ve Francii, pak hned Dublin, kam bych taky moc r\u00e1da startovala. Je toho dost.<\/p>\n\n\n\n<p>FOTO: Massimo Fulgenzi<\/p>\n","protected":false},"excerpt":{"rendered":"<p>V&nbsp;\u00fanoru vybojovala Krist\u00fdna Zemanov\u00e1 na mistrovstv\u00ed sv\u011bta v&nbsp;Hoogerheide bronz v&nbsp;kategorii \u017een do 23 let. Leto\u0161n\u00ed sezona \u010desk\u00e9 cyklokrosov\u00e9 reprezentantce zat\u00edm vych\u00e1z\u00ed na jedni\u010dku a skv\u011blou formu korunovala te\u010f v&nbsp;ned\u011bli ziskem dal\u0161\u00edho bronzu z&nbsp;evropsk\u00e9ho \u0161ampion\u00e1tu v&nbsp;Pontchateau. Ten nejv\u011bt\u0161\u00ed vrchol sezony pro ni ale p\u0159ijde za p\u00e1r m\u011bs\u00edc\u016f, konkr\u00e9tn\u011b za\u010d\u00e1tkem \u00fanora, kdy se na dom\u00e1c\u00ed p\u016fd\u011b v&nbsp;T\u00e1bo\u0159e [&hellip;]<\/p>\n","protected":false},"author":15,"featured_media":27658,"comment_status":"closed","ping_status":"open","sticky":false,"template":"","format":"standard","meta":{"footnotes":""},"categories":[58,2],"tags":[59],"class_list":["post-27653","post","type-post","status-publish","format-standard","has-post-thumbnail","hentry","category-cyklokros","category-novinky","tag-cyklokros"],"_links":{"self":[{"href":"https:\/\/www.czechcyclingfederation.com\/en\/wp-json\/wp\/v2\/posts\/27653","targetHints":{"allow":["GET"]}}],"collection":[{"href":"https:\/\/www.czechcyclingfederation.com\/en\/wp-json\/wp\/v2\/posts"}],"about":[{"href":"https:\/\/www.czechcyclingfederation.com\/en\/wp-json\/wp\/v2\/types\/post"}],"author":[{"embeddable":true,"href":"https:\/\/www.czechcyclingfederation.com\/en\/wp-json\/wp\/v2\/users\/15"}],"replies":[{"embeddable":true,"href":"https:\/\/www.czechcyclingfederation.com\/en\/wp-json\/wp\/v2\/comments?post=27653"}],"version-history":[{"count":5,"href":"https:\/\/www.czechcyclingfederation.com\/en\/wp-json\/wp\/v2\/posts\/27653\/revisions"}],"predecessor-version":[{"id":27667,"href":"https:\/\/www.czechcyclingfederation.com\/en\/wp-json\/wp\/v2\/posts\/27653\/revisions\/27667"}],"wp:featuredmedia":[{"embeddable":true,"href":"https:\/\/www.czechcyclingfederation.com\/en\/wp-json\/wp\/v2\/media\/27658"}],"wp:attachment":[{"href":"https:\/\/www.czechcyclingfederation.com\/en\/wp-json\/wp\/v2\/media?parent=27653"}],"wp:term":[{"taxonomy":"category","embeddable":true,"href":"https:\/\/www.czechcyclingfederation.com\/en\/wp-json\/wp\/v2\/categories?post=27653"},{"taxonomy":"post_tag","embeddable":true,"href":"https:\/\/www.czechcyclingfederation.com\/en\/wp-json\/wp\/v2\/tags?post=27653"}],"curies":[{"name":"wp","href":"https:\/\/api.w.org\/{rel}","templated":true}]}}