{"id":27612,"date":"2023-11-03T17:27:12","date_gmt":"2023-11-03T16:27:12","guid":{"rendered":"https:\/\/www.czechcyclingfederation.com\/?p=27612"},"modified":"2023-11-03T17:27:37","modified_gmt":"2023-11-03T16:27:37","slug":"ceska-stafeta-cyklokrosaru-tesne-ctvrta","status":"publish","type":"post","link":"https:\/\/www.czechcyclingfederation.com\/en\/ceska-stafeta-cyklokrosaru-tesne-ctvrta\/","title":{"rendered":"\u010cesk\u00e1 \u0161tafeta cyklokrosa\u0159\u016f na ME t\u011bsn\u011b \u010dtvrt\u00e1"},"content":{"rendered":"\n<p>\u010cesk\u00e1 cyklokrosov\u00e1 reprezentace obsadila v\u00a0z\u00e1vod\u011b sm\u00ed\u0161en\u00fdch \u0161tafet, kter\u00fdm v\u00a0Pontchateau odstartovalo mistrovstv\u00ed Evropy, \u010dtvrt\u00e9 m\u00edsto. Od bronzu d\u011blilo \u010deskou sestavu pouze 6 vte\u0159in. V\u00edt\u011bzstv\u00ed vybojovala dom\u00e1c\u00ed Francie.<\/p>\n\n\n\n<p>\u010cesko startovalo ve slo\u017een\u00ed <strong>Maty\u00e1\u0161 Fiala, Kate\u0159ina Hlad\u00edkov\u00e1, Patrik Lienert, Kate\u0159ina Doud\u011brov\u00e1, Krist\u00fdna Zemanov\u00e1 a V\u00e1clav Je\u017eek.<\/strong> Podle regul\u00ed mus\u00ed startovat jeden junior, juniorka, z\u00e1stupci kategorie U23 a bu\u010f reprezentanti kategorie ELITE nebo m\u00edsto nich mohou jet dal\u0161\u00ed t\u0159iadvac\u00edtk\u00e1\u0159i. To byl i p\u0159\u00edpad \u010desk\u00e9 reprezentace, k\u00a0junior\u016fm Lienertovi a Doud\u011brov\u00e9 postavil tren\u00e9r Petr Klou\u010dek z\u00e1vodn\u00edky do 23 let.<\/p>\n\n\n\n<p><strong><em>\u201eV\u0161ichni p\u0159edvedli dobr\u00fd v\u00fdkon a zajeli zhruba to, co jsme od nich \u010dekali. Ztr\u00e1ta na t\u0159et\u00ed Belgii nebyla velk\u00e1. Ka\u010dka Doud\u011brov\u00e1 n\u00e1m bohu\u017eel spadla a p\u0159esn\u011b to n\u00e1m pak asi chyb\u011blo. Ale to se stane, jinak jela taky v\u00fdborn\u011b a zaslou\u017e\u00ed pochvalu,\u201c<\/em><\/strong> \u0159ekl Petr Klou\u010dek.<\/p>\n\n\n\n<p><strong>V&nbsp;sobotu se nepojede kv\u016fli v\u011btru<\/strong><\/p>\n\n\n\n<p>I d\u011bji\u0161t\u011b \u0161ampion\u00e1tu hodn\u011b ovliv\u0148uje nep\u0159\u00edzniv\u00e9 po\u010das\u00ed, hlavn\u011b siln\u00fd v\u00edte a d\u00e9\u0161\u0165. <strong><em>\u201eDnes ale bylo docela p\u0159\u00edjemn\u011b, sv\u00edtilo slunce a na trati \u017e\u00e1dn\u00e9 velk\u00e9 bahno nebylo. V\u00edtr to celkem vyfoukal. Ale na sobotu je p\u0159edpov\u011b\u010f daleko hor\u0161\u00ed a kompletn\u00ed program byl zru\u0161en na p\u0159\u00edkaz m\u00edstn\u00edch \u00fa\u0159ad\u016f. M\u00e1 foukat opravdu siln\u00fd v\u00edtr. Vize je takov\u00e1, \u017ee by se v\u00a0ned\u011bli, kdy se m\u00e1 po\u010das\u00ed trochu zlep\u0161it, odjely v\u0161echny z\u00e1vody. Stihnout se to ur\u010dit\u011b d\u00e1, tak uvid\u00edme,\u201c <\/em><\/strong>prozradil Klou\u010dek.<\/p>\n\n\n\n<figure class=\"wp-block-image size-large\"><img loading=\"lazy\" decoding=\"async\" width=\"1024\" height=\"683\" src=\"https:\/\/www.czechcyclingfederation.com\/wp-content\/uploads\/2023\/11\/kros-2-1024x683.jpg\" alt=\"\" class=\"wp-image-27616\" srcset=\"https:\/\/www.czechcyclingfederation.com\/wp-content\/uploads\/2023\/11\/kros-2-1024x683.jpg 1024w, https:\/\/www.czechcyclingfederation.com\/wp-content\/uploads\/2023\/11\/kros-2-300x200.jpg 300w, https:\/\/www.czechcyclingfederation.com\/wp-content\/uploads\/2023\/11\/kros-2-768x512.jpg 768w, https:\/\/www.czechcyclingfederation.com\/wp-content\/uploads\/2023\/11\/kros-2-1536x1024.jpg 1536w, https:\/\/www.czechcyclingfederation.com\/wp-content\/uploads\/2023\/11\/kros-2-2048x1365.jpg 2048w, https:\/\/www.czechcyclingfederation.com\/wp-content\/uploads\/2023\/11\/kros-2-1320x880.jpg 1320w\" sizes=\"auto, (max-width: 1024px) 100vw, 1024px\" \/><\/figure>\n\n\n\n<p><strong>V\u00fdsledky \u0161tafet: <\/strong>1. Francie 42:47, 2. Velk\u00e1 Brit\u00e1nie +33, 3. Belgie +1:07, <strong>4. \u010cesko <\/strong>(Fiala, Hlad\u00edkov\u00e1, Lienert, Doud\u011brov\u00e1, Zemanov\u00e1, Je\u017eek) +1:13.<\/p>\n\n\n\n<p>Foto: Massimo Fulgenzi\/SprintCyclingAgency<\/p>\n","protected":false},"excerpt":{"rendered":"<p>\u010cesk\u00e1 cyklokrosov\u00e1 reprezentace obsadila v\u00a0z\u00e1vod\u011b sm\u00ed\u0161en\u00fdch \u0161tafet, kter\u00fdm v\u00a0Pontchateau odstartovalo mistrovstv\u00ed Evropy, \u010dtvrt\u00e9 m\u00edsto. Od bronzu d\u011blilo \u010deskou sestavu pouze 6 vte\u0159in. V\u00edt\u011bzstv\u00ed vybojovala dom\u00e1c\u00ed Francie. \u010cesko startovalo ve slo\u017een\u00ed Maty\u00e1\u0161 Fiala, Kate\u0159ina Hlad\u00edkov\u00e1, Patrik Lienert, Kate\u0159ina Doud\u011brov\u00e1, Krist\u00fdna Zemanov\u00e1 a V\u00e1clav Je\u017eek. Podle regul\u00ed mus\u00ed startovat jeden junior, juniorka, z\u00e1stupci kategorie U23 a bu\u010f [&hellip;]<\/p>\n","protected":false},"author":15,"featured_media":27614,"comment_status":"closed","ping_status":"open","sticky":false,"template":"","format":"standard","meta":{"footnotes":""},"categories":[58,2],"tags":[59],"class_list":["post-27612","post","type-post","status-publish","format-standard","has-post-thumbnail","hentry","category-cyklokros","category-novinky","tag-cyklokros"],"_links":{"self":[{"href":"https:\/\/www.czechcyclingfederation.com\/en\/wp-json\/wp\/v2\/posts\/27612","targetHints":{"allow":["GET"]}}],"collection":[{"href":"https:\/\/www.czechcyclingfederation.com\/en\/wp-json\/wp\/v2\/posts"}],"about":[{"href":"https:\/\/www.czechcyclingfederation.com\/en\/wp-json\/wp\/v2\/types\/post"}],"author":[{"embeddable":true,"href":"https:\/\/www.czechcyclingfederation.com\/en\/wp-json\/wp\/v2\/users\/15"}],"replies":[{"embeddable":true,"href":"https:\/\/www.czechcyclingfederation.com\/en\/wp-json\/wp\/v2\/comments?post=27612"}],"version-history":[{"count":5,"href":"https:\/\/www.czechcyclingfederation.com\/en\/wp-json\/wp\/v2\/posts\/27612\/revisions"}],"predecessor-version":[{"id":27621,"href":"https:\/\/www.czechcyclingfederation.com\/en\/wp-json\/wp\/v2\/posts\/27612\/revisions\/27621"}],"wp:featuredmedia":[{"embeddable":true,"href":"https:\/\/www.czechcyclingfederation.com\/en\/wp-json\/wp\/v2\/media\/27614"}],"wp:attachment":[{"href":"https:\/\/www.czechcyclingfederation.com\/en\/wp-json\/wp\/v2\/media?parent=27612"}],"wp:term":[{"taxonomy":"category","embeddable":true,"href":"https:\/\/www.czechcyclingfederation.com\/en\/wp-json\/wp\/v2\/categories?post=27612"},{"taxonomy":"post_tag","embeddable":true,"href":"https:\/\/www.czechcyclingfederation.com\/en\/wp-json\/wp\/v2\/tags?post=27612"}],"curies":[{"name":"wp","href":"https:\/\/api.w.org\/{rel}","templated":true}]}}