{"id":27608,"date":"2023-10-29T18:38:48","date_gmt":"2023-10-29T17:38:48","guid":{"rendered":"https:\/\/www.czechcyclingfederation.com\/?p=27608"},"modified":"2023-10-29T18:38:53","modified_gmt":"2023-10-29T17:38:53","slug":"zemanova-desata-na-svetovem-poharu-v-belgii","status":"publish","type":"post","link":"https:\/\/www.czechcyclingfederation.com\/en\/zemanova-desata-na-svetovem-poharu-v-belgii\/","title":{"rendered":"Zemanov\u00e1 des\u00e1t\u00e1 na Sv\u011btov\u00e9m poh\u00e1ru v\u00a0Belgii"},"content":{"rendered":"\n<p><strong>Krist\u00fdna Zemanov\u00e1<\/strong> vyrovnala v\u00a0belgick\u00e9m Maasmechelenu sv\u016fj nejlep\u0161\u00ed v\u00fdsledek ve Sv\u011btov\u00e9m poh\u00e1ru, kdy\u017e v\u00a0z\u00e1vod\u011b \u017eensk\u00e9 elitn\u00ed kategorie obsadila des\u00e1t\u00e9 m\u00edsto.<\/p>\n\n\n\n<p>Pokud by se zvl\u00e1\u0161\u0165 hodnotila kategorie U23, do kter\u00e9 pat\u0159\u00ed, brala by \u010derstv\u011b dvacetilet\u00e1 \u010desk\u00e1 reprezentantka t\u0159et\u00ed p\u0159\u00ed\u010dku. Je to pro ni ur\u010dit\u011b velk\u00e9 povzbuzen\u00ed p\u0159ed mistrovstv\u00edm Evropy ve francouzsk\u00e9m Pontchateau, kde se za t\u00fdden pojede i samostatn\u00fd z\u00e1vod U23.<\/p>\n\n\n\n<p>Pro Zemanovou se p\u0159itom z\u00e1vod v\u016fbec nevyv\u00edjel dob\u0159e, proto\u017ee po karambolu hned na za\u010d\u00e1tku, kdy\u017e p\u0159ed n\u00ed spadly dv\u011b soupe\u0159ky, musela vymotat kolo a propadla se. <strong><em>\u201eJe to \u0161koda, ale tyhle v\u011bci k\u00a0tomu prost\u011b ob\u010das pat\u0159\u00ed. Sna\u017eila jsem se jet s\u00a0klidnou hlavou, postupn\u011b ztr\u00e1tu stahovat a nechat na trati maximum,\u201c <\/em><\/strong>\u0159ekla z\u00e1vodnice Brilon Racing Teamu.<\/p>\n\n\n\n<p>Fam\u00f3zn\u00ed st\u00edha\u010dka j\u00ed nakonec vynesla v\u00fdborn\u00e9 des\u00e1t\u00e9 m\u00edsto. <strong><em>\u201eC\u00edtila jsem se skv\u011ble, m\u011bla jsem hodn\u011b siln\u00e9 nohy. S\u00a0des\u00edtkou a t\u0159et\u00edm m\u00edstem v\u00a0U23 jsem spokojena. Mo\u017en\u00e1 jsem m\u011bla i na v\u00edc, ale snad to uk\u00e1\u017eu v\u00a0dal\u0161\u00edch z\u00e1vodech,\u201c<\/em><\/strong> dodala Zemanov\u00e1.<\/p>\n\n\n\n<p>Druh\u00fd d\u00edl leto\u0161n\u00edho ro\u010dn\u00edku Sv\u011btov\u00e9ho poh\u00e1ru v\u00a0Belgii suver\u00e9nn\u011b ovl\u00e1dla nizozemsk\u00e1 favoritka <strong>Fem van Empelov\u00e1<\/strong>, kter\u00e1 slavila u\u017e p\u00e1t\u00e9 v\u00edt\u011bzstv\u00ed v\u00a0sezon\u011b. Druh\u00e1 \u010desk\u00e1 z\u00e1vodnice <strong>Kate\u0159ina Hlad\u00edkov\u00e1<\/strong> obsadila 25. m\u00edsto.<\/p>\n\n\n\n<p>Mezi mu\u017ei skon\u010dil z\u00a0\u010desk\u00fdch reprezentant\u016f nejl\u00e9pe <strong>Michael Boro\u0161<\/strong> 22., kdy\u017e na v\u00edt\u011bzn\u00e9ho Nizozemce <strong>Larse van der Haara <\/strong>ztratil 2:43 min. Ve vlo\u017een\u00e9m z\u00e1vod\u011b junior\u016f, kter\u00fd nebyl sou\u010d\u00e1st\u00ed Sv\u011btov\u00e9ho poh\u00e1ru, dojel <strong>Kry\u0161tof Ba\u017eant<\/strong> druh\u00fd. <strong>Daniela Hezinov\u00e1<\/strong> obsadila mezi juniorkami \u010dtvrt\u00e9 m\u00edsto.<\/p>\n\n\n\n<p><strong>V\u00fdsledky \u2013 mu\u017ei: <\/strong>Mu\u017ei: 1. van der Haar (Niz.) 1:02:43, 2. Iserbyt +21, 3. Sweeck +27, 4. Vandeputte (v\u0161ichni Belg.) +30, 5. Orts (\u0160p.) +32, y\u2026 <strong>22. Boro\u0161<\/strong> +2:43, <strong>34. Fiala<\/strong> +4:04, <strong>44. Kuba<\/strong> +6:06, <strong>46. Kerl<\/strong> +6:35, <strong>50. \u010cern\u00fd<\/strong> (v\u0161ichni \u010cR) +1 kolo.<\/p>\n\n\n\n<p><strong>Stav SP po 2 z\u00e1vodech:<\/strong> 1. van der Haar 61, 2. Iserbyt 60, 3. Nys (Belg.) 59, &#8230; <strong>33. Boro\u0161<\/strong> 4.<\/p>\n\n\n\n<p><strong>\u017deny:<\/strong> 1. van Empelov\u00e1 51:46, 2. Alvaradov\u00e1 +1:28, 3. Van Alphenov\u00e1 +1:42, 4. van der Heijdenov\u00e1 (v\u0161echny Niz.) +2:00, 5. Schreiberov\u00e1 (Luc.) +2:03, \u2026 <strong>10. Zemanov\u00e1<\/strong> +2:53, <strong>25. Hlad\u00edkov\u00e1<\/strong> (ob\u011b \u010cR) +5:27.<\/p>\n\n\n\n<p><strong>Stav SP po 2 z\u00e1vodech: 1<\/strong>. van Empelov\u00e1 80, 2. Alvaradov\u00e1 55, 3. van der Heijdenov\u00e1 37, &#8230; <strong>16. Zemanov\u00e1<\/strong> 16, <strong>43. Hlad\u00edkov\u00e1<\/strong> 1.<\/p>\n\n\n\n<p>Foto: Jan Brychta<\/p>\n","protected":false},"excerpt":{"rendered":"<p>Krist\u00fdna Zemanov\u00e1 vyrovnala v\u00a0belgick\u00e9m Maasmechelenu sv\u016fj nejlep\u0161\u00ed v\u00fdsledek ve Sv\u011btov\u00e9m poh\u00e1ru, kdy\u017e v\u00a0z\u00e1vod\u011b \u017eensk\u00e9 elitn\u00ed kategorie obsadila des\u00e1t\u00e9 m\u00edsto. Pokud by se zvl\u00e1\u0161\u0165 hodnotila kategorie U23, do kter\u00e9 pat\u0159\u00ed, brala by \u010derstv\u011b dvacetilet\u00e1 \u010desk\u00e1 reprezentantka t\u0159et\u00ed p\u0159\u00ed\u010dku. Je to pro ni ur\u010dit\u011b velk\u00e9 povzbuzen\u00ed p\u0159ed mistrovstv\u00edm Evropy ve francouzsk\u00e9m Pontchateau, kde se za t\u00fdden pojede [&hellip;]<\/p>\n","protected":false},"author":15,"featured_media":27609,"comment_status":"closed","ping_status":"open","sticky":false,"template":"","format":"standard","meta":{"footnotes":""},"categories":[58,2],"tags":[59],"class_list":["post-27608","post","type-post","status-publish","format-standard","has-post-thumbnail","hentry","category-cyklokros","category-novinky","tag-cyklokros"],"_links":{"self":[{"href":"https:\/\/www.czechcyclingfederation.com\/en\/wp-json\/wp\/v2\/posts\/27608","targetHints":{"allow":["GET"]}}],"collection":[{"href":"https:\/\/www.czechcyclingfederation.com\/en\/wp-json\/wp\/v2\/posts"}],"about":[{"href":"https:\/\/www.czechcyclingfederation.com\/en\/wp-json\/wp\/v2\/types\/post"}],"author":[{"embeddable":true,"href":"https:\/\/www.czechcyclingfederation.com\/en\/wp-json\/wp\/v2\/users\/15"}],"replies":[{"embeddable":true,"href":"https:\/\/www.czechcyclingfederation.com\/en\/wp-json\/wp\/v2\/comments?post=27608"}],"version-history":[{"count":1,"href":"https:\/\/www.czechcyclingfederation.com\/en\/wp-json\/wp\/v2\/posts\/27608\/revisions"}],"predecessor-version":[{"id":27611,"href":"https:\/\/www.czechcyclingfederation.com\/en\/wp-json\/wp\/v2\/posts\/27608\/revisions\/27611"}],"wp:featuredmedia":[{"embeddable":true,"href":"https:\/\/www.czechcyclingfederation.com\/en\/wp-json\/wp\/v2\/media\/27609"}],"wp:attachment":[{"href":"https:\/\/www.czechcyclingfederation.com\/en\/wp-json\/wp\/v2\/media?parent=27608"}],"wp:term":[{"taxonomy":"category","embeddable":true,"href":"https:\/\/www.czechcyclingfederation.com\/en\/wp-json\/wp\/v2\/categories?post=27608"},{"taxonomy":"post_tag","embeddable":true,"href":"https:\/\/www.czechcyclingfederation.com\/en\/wp-json\/wp\/v2\/tags?post=27608"}],"curies":[{"name":"wp","href":"https:\/\/api.w.org\/{rel}","templated":true}]}}