{"id":276,"date":"2020-05-28T02:37:34","date_gmt":"2020-05-28T00:37:34","guid":{"rendered":"http:\/\/www.czechcyclingfederation.com\/?p=276"},"modified":"2020-07-16T13:41:21","modified_gmt":"2020-07-16T11:41:21","slug":"trenuj-s-repre-bmx-5-dil-eliska-bartunkova","status":"publish","type":"post","link":"https:\/\/www.czechcyclingfederation.com\/en\/trenuj-s-repre-bmx-5-dil-eliska-bartunkova\/","title":{"rendered":"Tr\u00e9nuj s repre BMX &#8211; 5. d\u00edl Eli\u0161ka Bartu\u0148kov\u00e1"},"content":{"rendered":"\n<p>Dne\u0161n\u00edm hostem projektu \u201eTr\u00e9nuj s repre BMX\u201c je Eli\u0161ka Bartu\u0148kov\u00e1.<\/p>\n\n\n\n<p>\u00dasp\u011b\u0161n\u00e1 \u010desk\u00e1 reprezentantka BMX Eli\u0161ka Bartu\u0148kov\u00e1 v\u00e1m uk\u00e1\u017ee, jak nacvi\u010dit skok p\u0159es lavici.<\/p>\n\n\n\n<p>Dal\u0161\u00ed informace naleznete n\u00ed\u017ee v p\u0159\u00edsp\u011bvku na Facebooku.<\/p>\n\n\n\n<figure><iframe loading=\"lazy\" src=\"https:\/\/www.facebook.com\/plugins\/video.php?href=https%3A%2F%2Fwww.facebook.com%2Fczechcyclingfederation%2Fvideos%2F2583492701923274%2F&amp;show_text=0&amp;width=326\" width=\"326\" height=\"476\" allowfullscreen=\"true\"><\/iframe><\/figure>\n","protected":false},"excerpt":{"rendered":"<p>Dne\u0161n\u00edm hostem projektu \u201eTr\u00e9nuj s repre BMX\u201c je Eli\u0161ka Bartu\u0148kov\u00e1. \u00dasp\u011b\u0161n\u00e1 \u010desk\u00e1 reprezentantka BMX Eli\u0161ka Bartu\u0148kov\u00e1 v\u00e1m uk\u00e1\u017ee, jak nacvi\u010dit skok p\u0159es lavici. Dal\u0161\u00ed informace naleznete n\u00ed\u017ee v p\u0159\u00edsp\u011bvku na Facebooku.<\/p>\n","protected":false},"author":1,"featured_media":277,"comment_status":"closed","ping_status":"open","sticky":false,"template":"","format":"standard","meta":{"footnotes":""},"categories":[57,2],"tags":[55],"class_list":["post-276","post","type-post","status-publish","format-standard","has-post-thumbnail","hentry","category-bmx","category-novinky","tag-bmx"],"_links":{"self":[{"href":"https:\/\/www.czechcyclingfederation.com\/en\/wp-json\/wp\/v2\/posts\/276","targetHints":{"allow":["GET"]}}],"collection":[{"href":"https:\/\/www.czechcyclingfederation.com\/en\/wp-json\/wp\/v2\/posts"}],"about":[{"href":"https:\/\/www.czechcyclingfederation.com\/en\/wp-json\/wp\/v2\/types\/post"}],"author":[{"embeddable":true,"href":"https:\/\/www.czechcyclingfederation.com\/en\/wp-json\/wp\/v2\/users\/1"}],"replies":[{"embeddable":true,"href":"https:\/\/www.czechcyclingfederation.com\/en\/wp-json\/wp\/v2\/comments?post=276"}],"version-history":[{"count":1,"href":"https:\/\/www.czechcyclingfederation.com\/en\/wp-json\/wp\/v2\/posts\/276\/revisions"}],"predecessor-version":[{"id":278,"href":"https:\/\/www.czechcyclingfederation.com\/en\/wp-json\/wp\/v2\/posts\/276\/revisions\/278"}],"wp:featuredmedia":[{"embeddable":true,"href":"https:\/\/www.czechcyclingfederation.com\/en\/wp-json\/wp\/v2\/media\/277"}],"wp:attachment":[{"href":"https:\/\/www.czechcyclingfederation.com\/en\/wp-json\/wp\/v2\/media?parent=276"}],"wp:term":[{"taxonomy":"category","embeddable":true,"href":"https:\/\/www.czechcyclingfederation.com\/en\/wp-json\/wp\/v2\/categories?post=276"},{"taxonomy":"post_tag","embeddable":true,"href":"https:\/\/www.czechcyclingfederation.com\/en\/wp-json\/wp\/v2\/tags?post=276"}],"curies":[{"name":"wp","href":"https:\/\/api.w.org\/{rel}","templated":true}]}}