{"id":27552,"date":"2023-10-12T14:34:46","date_gmt":"2023-10-12T12:34:46","guid":{"rendered":"https:\/\/www.czechcyclingfederation.com\/?p=27552"},"modified":"2023-10-12T14:34:48","modified_gmt":"2023-10-12T12:34:48","slug":"skoleni-treneru-iii-tridy-rychlostni-cyklistiky","status":"publish","type":"post","link":"https:\/\/www.czechcyclingfederation.com\/en\/skoleni-treneru-iii-tridy-rychlostni-cyklistiky\/","title":{"rendered":"\u0160kolen\u00ed tren\u00e9r\u016f III. t\u0159\u00eddy rychlostn\u00ed cyklistiky"},"content":{"rendered":"\n<p>Z pov\u011b\u0159en\u00ed \u010cesk\u00e9ho svazu cyklistiky, po\u0159\u00e1d\u00e1 OCA z.s. \u0160kolen\u00ed tren\u00e9r\u016f III. t\u0159\u00eddy rychlostn\u00ed cyklistiky v Brn\u011b, kter\u00e9 se uskute\u010dn\u00ed v sobotu 18. listopadu 2023 od 9:00 do ned\u011ble 19. listopadu 2023 do 17:00. \u0160kolen\u00ed se uskute\u010dn\u00ed v klubovn\u011b na adrese TJ Favorit Brno, K\u0159\u00ed\u017ekovsk\u00e9ho 22.<\/p>\n\n\n\n<p>Organiz\u00e1tor \u0161kolen\u00ed je Mgr. Luk\u00e1\u0161 Petr, p\u0159ihl\u00e1\u0161ky je pot\u0159eba zaslat emailem do 12. listopadu 2023 na adresu po\u0159adatele: lukas_petr@seznam.cz. Poplatek za \u0161kolen\u00ed je 1600 K\u010d.<\/p>\n\n\n\n<p>Program: Teoretick\u00e9 p\u0159edn\u00e1\u0161ky a praktick\u00e9 uk\u00e1zky dle osnovy programu pro uchaze\u010de o tren\u00e9rskou licenci III. t\u0159\u00eddy. \u0160kolen\u00ed bude zakon\u010deno teoretickou zkou\u0161kou (test).<\/p>\n\n\n<div class=\"wp-block-file\">\r\n                <a target=\"_blank\" rel=\"noopener\" href=\"https:\/\/www.czechcyclingfederation.com\/wp-content\/uploads\/2023\/10\/Rozvrh-hodin2023.xlsx\" class=\"wp-block-file__button wp-element-button\">\r\n                    <span class=\"wp-block-file__icon\"><\/span>\r\n                    Rozvrh-hodin2023\r\n                <\/a>\r\n            <\/div>","protected":false},"excerpt":{"rendered":"<p>Z pov\u011b\u0159en\u00ed \u010cesk\u00e9ho svazu cyklistiky, po\u0159\u00e1d\u00e1 OCA z.s. \u0160kolen\u00ed tren\u00e9r\u016f III. t\u0159\u00eddy rychlostn\u00ed cyklistiky v Brn\u011b, kter\u00e9 se uskute\u010dn\u00ed v sobotu 18. listopadu 2023 od 9:00 do ned\u011ble 19. listopadu 2023 do 17:00. \u0160kolen\u00ed se uskute\u010dn\u00ed v klubovn\u011b na adrese TJ Favorit Brno, K\u0159\u00ed\u017ekovsk\u00e9ho 22. Organiz\u00e1tor \u0161kolen\u00ed je Mgr. Luk\u00e1\u0161 Petr, p\u0159ihl\u00e1\u0161ky je pot\u0159eba zaslat [&hellip;]<\/p>\n","protected":false},"author":8,"featured_media":27494,"comment_status":"closed","ping_status":"open","sticky":false,"template":"","format":"standard","meta":{"footnotes":""},"categories":[54,2,92,18,65],"tags":[9,11],"class_list":["post-27552","post","type-post","status-publish","format-standard","has-post-thumbnail","hentry","category-draha","category-novinky","category-rozhodci-kontakty","category-silnice","category-subdisciplina","tag-draha","tag-silnice"],"_links":{"self":[{"href":"https:\/\/www.czechcyclingfederation.com\/en\/wp-json\/wp\/v2\/posts\/27552","targetHints":{"allow":["GET"]}}],"collection":[{"href":"https:\/\/www.czechcyclingfederation.com\/en\/wp-json\/wp\/v2\/posts"}],"about":[{"href":"https:\/\/www.czechcyclingfederation.com\/en\/wp-json\/wp\/v2\/types\/post"}],"author":[{"embeddable":true,"href":"https:\/\/www.czechcyclingfederation.com\/en\/wp-json\/wp\/v2\/users\/8"}],"replies":[{"embeddable":true,"href":"https:\/\/www.czechcyclingfederation.com\/en\/wp-json\/wp\/v2\/comments?post=27552"}],"version-history":[{"count":1,"href":"https:\/\/www.czechcyclingfederation.com\/en\/wp-json\/wp\/v2\/posts\/27552\/revisions"}],"predecessor-version":[{"id":27555,"href":"https:\/\/www.czechcyclingfederation.com\/en\/wp-json\/wp\/v2\/posts\/27552\/revisions\/27555"}],"wp:featuredmedia":[{"embeddable":true,"href":"https:\/\/www.czechcyclingfederation.com\/en\/wp-json\/wp\/v2\/media\/27494"}],"wp:attachment":[{"href":"https:\/\/www.czechcyclingfederation.com\/en\/wp-json\/wp\/v2\/media?parent=27552"}],"wp:term":[{"taxonomy":"category","embeddable":true,"href":"https:\/\/www.czechcyclingfederation.com\/en\/wp-json\/wp\/v2\/categories?post=27552"},{"taxonomy":"post_tag","embeddable":true,"href":"https:\/\/www.czechcyclingfederation.com\/en\/wp-json\/wp\/v2\/tags?post=27552"}],"curies":[{"name":"wp","href":"https:\/\/api.w.org\/{rel}","templated":true}]}}