{"id":27509,"date":"2023-10-09T09:04:56","date_gmt":"2023-10-09T07:04:56","guid":{"rendered":"https:\/\/www.czechcyclingfederation.com\/?p=27509"},"modified":"2023-10-10T08:48:41","modified_gmt":"2023-10-10T06:48:41","slug":"cesti-drahari-na-ms-masters-ziskali-tri-zlata","status":"publish","type":"post","link":"https:\/\/www.czechcyclingfederation.com\/en\/cesti-drahari-na-ms-masters-ziskali-tri-zlata\/","title":{"rendered":"\u010ce\u0161t\u00ed dr\u00e1ha\u0159i na MS masters z\u00edskali t\u0159i zlata"},"content":{"rendered":"\n<p>Na mistrovstv\u00ed sv\u011bta v dr\u00e1hov\u00e9 cyklistice masters, kter\u00e9 se uskute\u010dnilo v britsk\u00e9m Manchesteru za \u00fa\u010dasti t\u00e9m\u011b\u0159 500 cyklist\u016f z v\u00edce ne\u017e 30 zem\u00ed, se v\u00fdrazn\u011b prosadili i \u010de\u0161t\u00ed z\u00e1stupci. \u010ceskou hv\u011bzdou \u0161ampion\u00e1tu byla Zuzana Rychnovsk\u00e1 z Akademie Dr\u00e1hov\u00e9 Cyklistiky, kter\u00e1 z\u00edskala dva tituly mistryn\u011b sv\u011bta v kategorii W35-39, kdy\u017e vyhr\u00e1la sprint a z\u00e1vod na 500 m s pevn\u00fdm startem. Nav\u00edc vytvo\u0159ila sv\u011btov\u00fd rekord na letm\u00fdch 200 metr\u016f sv\u00e9 kategorie \u010dasem 11,509.<\/p>\n\n\n\n<figure class=\"wp-block-image size-large\"><img loading=\"lazy\" decoding=\"async\" width=\"1024\" height=\"544\" src=\"http:\/\/www.czechcyclingfederation.com\/wp-content\/uploads\/2023\/10\/Zuzka-1024x544.jpg\" alt=\"\" class=\"wp-image-27512\" srcset=\"https:\/\/www.czechcyclingfederation.com\/wp-content\/uploads\/2023\/10\/Zuzka-1024x544.jpg 1024w, https:\/\/www.czechcyclingfederation.com\/wp-content\/uploads\/2023\/10\/Zuzka-300x159.jpg 300w, https:\/\/www.czechcyclingfederation.com\/wp-content\/uploads\/2023\/10\/Zuzka-768x408.jpg 768w, https:\/\/www.czechcyclingfederation.com\/wp-content\/uploads\/2023\/10\/Zuzka-1536x816.jpg 1536w, https:\/\/www.czechcyclingfederation.com\/wp-content\/uploads\/2023\/10\/Zuzka-2048x1088.jpg 2048w, https:\/\/www.czechcyclingfederation.com\/wp-content\/uploads\/2023\/10\/Zuzka-1320x701.jpg 1320w\" sizes=\"auto, (max-width: 1024px) 100vw, 1024px\" \/><\/figure>\n\n\n\n<p>David Gotthard (ADC) obsadil v kategorii M45-49 p\u00e1t\u00e9 m\u00edsto ve sprintu a \u0161est\u00e9&nbsp; na 750 m s pevn\u00fdm startem. Petr Neuvirt z Rexonix Kovo Praha se v kategorii M50-54 probojoval a\u017e do \u010dtvrtfin\u00e1le fin\u00e1le ve sprintu a nakonec skon\u010dil osm\u00fd. T\u00fdmov\u00fd sprint kategorie M45-54 ve slo\u017een\u00ed Neuvirt, Petr Mal\u00e1\u0161ek a Gotthard v nap\u00ednav\u00e9m fin\u00e1le porazili t\u00fdm USA a z\u00edskali titul mistr\u016f sv\u011bta.<\/p>\n\n\n\n<figure class=\"wp-block-image size-large\"><img loading=\"lazy\" decoding=\"async\" width=\"1024\" height=\"768\" src=\"http:\/\/www.czechcyclingfederation.com\/wp-content\/uploads\/2023\/10\/TS-1024x768.jpeg\" alt=\"\" class=\"wp-image-27510\" srcset=\"https:\/\/www.czechcyclingfederation.com\/wp-content\/uploads\/2023\/10\/TS-1024x768.jpeg 1024w, https:\/\/www.czechcyclingfederation.com\/wp-content\/uploads\/2023\/10\/TS-267x200.jpeg 267w, https:\/\/www.czechcyclingfederation.com\/wp-content\/uploads\/2023\/10\/TS-768x576.jpeg 768w, https:\/\/www.czechcyclingfederation.com\/wp-content\/uploads\/2023\/10\/TS-1536x1152.jpeg 1536w, https:\/\/www.czechcyclingfederation.com\/wp-content\/uploads\/2023\/10\/TS-2048x1536.jpeg 2048w, https:\/\/www.czechcyclingfederation.com\/wp-content\/uploads\/2023\/10\/TS-1320x990.jpeg 1320w\" sizes=\"auto, (max-width: 1024px) 100vw, 1024px\" \/><\/figure>\n\n\n\n<p>Mistrovstv\u00ed sv\u011bta v Manchesteru potvrdilo o rostouc\u00edm z\u00e1jmu a vysok\u00e9m standardu dr\u00e1hov\u00e9 cyklistiky v \u010cesk\u00e9 republice v hobby a masters kategori\u00edch. Je z\u0159ejm\u00e9, \u017ee \u010desk\u00e1 dr\u00e1hov\u00e1 cyklistika si vybudovala siln\u00e9 postaven\u00ed na mezin\u00e1rodn\u00edm poli a jej\u00ed v\u00fdznam st\u00e1le roste. Tento trend je inspiruj\u00edc\u00ed pro v\u0161echny, kte\u0159\u00ed tento sport aktivn\u011b provozuj\u00ed nebo jej s nad\u0161en\u00edm sleduj\u00ed.<\/p>\n\n\n\n<p>Takov\u00e9 zviditeln\u011bn\u00ed a uzn\u00e1n\u00ed doufejme poskytne dal\u0161\u00ed motivaci a inspiraci pro nastupuj\u00edc\u00ed generaci \u010desk\u00fdch cyklist\u016f. A jak \u0159\u00edkaj\u00ed zakladatel\u00e9 Akademie Dr\u00e1hov\u00e9 Cyklistiky, Robin Wagner a Tom\u00e1\u0161 B\u00e1bek: &#8220;dr\u00e1ha je pro ka\u017ed\u00e9ho&#8221;.<\/p>\n\n\n\n<p>FOTO Erik Kimmel, Martin \u010cech, Petr Mal\u00e1\u0161ek<\/p>\n","protected":false},"excerpt":{"rendered":"<p>Na mistrovstv\u00ed sv\u011bta v dr\u00e1hov\u00e9 cyklistice masters, kter\u00e9 se uskute\u010dnilo v britsk\u00e9m Manchesteru za \u00fa\u010dasti t\u00e9m\u011b\u0159 500 cyklist\u016f z v\u00edce ne\u017e 30 zem\u00ed, se v\u00fdrazn\u011b prosadili i \u010de\u0161t\u00ed z\u00e1stupci. \u010ceskou hv\u011bzdou \u0161ampion\u00e1tu byla Zuzana Rychnovsk\u00e1 z Akademie Dr\u00e1hov\u00e9 Cyklistiky, kter\u00e1 z\u00edskala dva tituly mistryn\u011b sv\u011bta v kategorii W35-39, kdy\u017e vyhr\u00e1la sprint a z\u00e1vod na 500 [&hellip;]<\/p>\n","protected":false},"author":8,"featured_media":27514,"comment_status":"closed","ping_status":"open","sticky":false,"template":"","format":"standard","meta":{"footnotes":""},"categories":[54,2],"tags":[9],"class_list":["post-27509","post","type-post","status-publish","format-standard","has-post-thumbnail","hentry","category-draha","category-novinky","tag-draha"],"_links":{"self":[{"href":"https:\/\/www.czechcyclingfederation.com\/en\/wp-json\/wp\/v2\/posts\/27509","targetHints":{"allow":["GET"]}}],"collection":[{"href":"https:\/\/www.czechcyclingfederation.com\/en\/wp-json\/wp\/v2\/posts"}],"about":[{"href":"https:\/\/www.czechcyclingfederation.com\/en\/wp-json\/wp\/v2\/types\/post"}],"author":[{"embeddable":true,"href":"https:\/\/www.czechcyclingfederation.com\/en\/wp-json\/wp\/v2\/users\/8"}],"replies":[{"embeddable":true,"href":"https:\/\/www.czechcyclingfederation.com\/en\/wp-json\/wp\/v2\/comments?post=27509"}],"version-history":[{"count":2,"href":"https:\/\/www.czechcyclingfederation.com\/en\/wp-json\/wp\/v2\/posts\/27509\/revisions"}],"predecessor-version":[{"id":27551,"href":"https:\/\/www.czechcyclingfederation.com\/en\/wp-json\/wp\/v2\/posts\/27509\/revisions\/27551"}],"wp:featuredmedia":[{"embeddable":true,"href":"https:\/\/www.czechcyclingfederation.com\/en\/wp-json\/wp\/v2\/media\/27514"}],"wp:attachment":[{"href":"https:\/\/www.czechcyclingfederation.com\/en\/wp-json\/wp\/v2\/media?parent=27509"}],"wp:term":[{"taxonomy":"category","embeddable":true,"href":"https:\/\/www.czechcyclingfederation.com\/en\/wp-json\/wp\/v2\/categories?post=27509"},{"taxonomy":"post_tag","embeddable":true,"href":"https:\/\/www.czechcyclingfederation.com\/en\/wp-json\/wp\/v2\/tags?post=27509"}],"curies":[{"name":"wp","href":"https:\/\/api.w.org\/{rel}","templated":true}]}}