{"id":27462,"date":"2023-10-05T17:47:38","date_gmt":"2023-10-05T15:47:38","guid":{"rendered":"https:\/\/www.czechcyclingfederation.com\/?p=27462"},"modified":"2023-10-08T19:15:56","modified_gmt":"2023-10-08T17:15:56","slug":"skoleni-rozhodcich-pro-discipliny-draha-a-silnice","status":"publish","type":"post","link":"https:\/\/www.czechcyclingfederation.com\/en\/skoleni-rozhodcich-pro-discipliny-draha-a-silnice\/","title":{"rendered":"\u0160kolen\u00ed rozhod\u010d\u00edch pro discipl\u00edny dr\u00e1ha a silnice"},"content":{"rendered":"\n<p>Komise rozhod\u010d\u00edch \u010cSC uspo\u0159\u00e1d\u00e1 dv\u011b \u0161kolen\u00ed rozhod\u010d\u00edch 2023 pro discipl\u00edny silnice\/dr\u00e1ha. Prvn\u00ed term\u00edn je 3. &#8211; 5. listopadu 2023 na velodromu v Praze &#8211; T\u0159ebe\u0161\u00edn\u011b a druh\u00fd 1. &#8211; 3. prosince 2023 na velodromu v Prost\u011bjov\u011b.<\/p>\n\n\n\n<p>Zah\u00e1jen\u00ed se uskute\u010dn\u00ed nejd\u0159\u00edve kolem 16:00, p\u0159\u00edpadn\u011b m\u016f\u017ee b\u00fdt je\u0161t\u011b trochu&nbsp; posunuto. Ukon\u010den\u00ed je pl\u00e1nov\u00e1no na ned\u011bli mezi 15:00 a\u017e 16:00.<\/p>\n\n\n\n<p>N\u00e1klady na \u0161kolen\u00ed budou cca. 2000 K\u010d. Je v nich zahrnuto 2x ubytov\u00e1n\u00ed, p\u0159edn\u00e1\u0161ky, studijn\u00ed materi\u00e1ly a nep\u0159ebern\u00e9 mno\u017estv\u00ed informac\u00ed a zku\u0161enost\u00ed, kter\u00e9 se budou organiz\u00e1to\u0159i sna\u017eit p\u0159edat.<\/p>\n\n\n\n<p>V p\u0159\u00edpad\u011b, \u017ee n\u011bkdo p\u0159ijede vlakem \u010di autobusem, lze se domluvit a na prost\u011bjovsk\u00fd velodrom zajist\u00edme odvoz.<\/p>\n\n\n\n<p>V dob\u011b \u0161kolen\u00ed budou probr\u00e1na nejd\u016fle\u017eit\u011bj\u0161\u00ed pravidla, ale hlavn\u011b praktick\u00e1 \u010dinnost rozhod\u010d\u00edho a nast\u00edn\u011bn\u00ed situac\u00ed, do kter\u00fdch se m\u016f\u017ee rozhod\u010d\u00ed dostat. Zkou\u0161ka nebude prob\u00edhat p\u0159\u00edmo na kurzu, test bude p\u0159ibli\u017en\u011b po m\u011bs\u00edci \u0159e\u0161en on-line formou.<\/p>\n\n\n\n<p>D\u00e1le budou \u00fa\u010dastn\u00edci kurz\u016f v prvn\u00ed polovin\u011b sez\u00f3ny p\u0159izv\u00e1ni na z\u00e1vody a pokud v\u0161e prob\u011bhne hladce, tak po slo\u017een\u00ed t\u00e9to &#8220;praktick\u00e9 zkou\u0161ky&#8221; z\u00edskaj\u00ed \u00fa\u010dastn\u00edci licenci n\u00e1rodn\u00edho \u010di region\u00e1ln\u00edho rozhod\u010d\u00edho.<\/p>\n\n\n\n<p>Z\u00e1jemci o kurz pros\u00edm kontaktujte Ond\u0159eje Va\u010dk\u00e1\u0159e (mail: ondra@vackar.cz, p\u0159\u00edpadn\u011b na tel: 777 822 527, nejl\u00e9pe po 17:00.<\/p>\n","protected":false},"excerpt":{"rendered":"<p>Komise rozhod\u010d\u00edch \u010cSC uspo\u0159\u00e1d\u00e1 dv\u011b \u0161kolen\u00ed rozhod\u010d\u00edch 2023 pro discipl\u00edny silnice\/dr\u00e1ha. Prvn\u00ed term\u00edn je 3. &#8211; 5. listopadu 2023 na velodromu v Praze &#8211; T\u0159ebe\u0161\u00edn\u011b a druh\u00fd 1. &#8211; 3. prosince 2023 na velodromu v Prost\u011bjov\u011b. Zah\u00e1jen\u00ed se uskute\u010dn\u00ed nejd\u0159\u00edve kolem 16:00, p\u0159\u00edpadn\u011b m\u016f\u017ee b\u00fdt je\u0161t\u011b trochu&nbsp; posunuto. Ukon\u010den\u00ed je pl\u00e1nov\u00e1no na ned\u011bli mezi 15:00 [&hellip;]<\/p>\n","protected":false},"author":8,"featured_media":27494,"comment_status":"closed","ping_status":"open","sticky":false,"template":"","format":"standard","meta":{"footnotes":""},"categories":[28,2,92,65],"tags":[9,11,174],"class_list":["post-27462","post","type-post","status-publish","format-standard","has-post-thumbnail","hentry","category-cesky-svaz-cyklistiky","category-novinky","category-rozhodci-kontakty","category-subdisciplina","tag-draha","tag-silnice","tag-vzdelavani"],"_links":{"self":[{"href":"https:\/\/www.czechcyclingfederation.com\/en\/wp-json\/wp\/v2\/posts\/27462","targetHints":{"allow":["GET"]}}],"collection":[{"href":"https:\/\/www.czechcyclingfederation.com\/en\/wp-json\/wp\/v2\/posts"}],"about":[{"href":"https:\/\/www.czechcyclingfederation.com\/en\/wp-json\/wp\/v2\/types\/post"}],"author":[{"embeddable":true,"href":"https:\/\/www.czechcyclingfederation.com\/en\/wp-json\/wp\/v2\/users\/8"}],"replies":[{"embeddable":true,"href":"https:\/\/www.czechcyclingfederation.com\/en\/wp-json\/wp\/v2\/comments?post=27462"}],"version-history":[{"count":2,"href":"https:\/\/www.czechcyclingfederation.com\/en\/wp-json\/wp\/v2\/posts\/27462\/revisions"}],"predecessor-version":[{"id":27496,"href":"https:\/\/www.czechcyclingfederation.com\/en\/wp-json\/wp\/v2\/posts\/27462\/revisions\/27496"}],"wp:featuredmedia":[{"embeddable":true,"href":"https:\/\/www.czechcyclingfederation.com\/en\/wp-json\/wp\/v2\/media\/27494"}],"wp:attachment":[{"href":"https:\/\/www.czechcyclingfederation.com\/en\/wp-json\/wp\/v2\/media?parent=27462"}],"wp:term":[{"taxonomy":"category","embeddable":true,"href":"https:\/\/www.czechcyclingfederation.com\/en\/wp-json\/wp\/v2\/categories?post=27462"},{"taxonomy":"post_tag","embeddable":true,"href":"https:\/\/www.czechcyclingfederation.com\/en\/wp-json\/wp\/v2\/tags?post=27462"}],"curies":[{"name":"wp","href":"https:\/\/api.w.org\/{rel}","templated":true}]}}