{"id":2746,"date":"2020-10-25T15:59:57","date_gmt":"2020-10-25T14:59:57","guid":{"rendered":"http:\/\/www.czechcyclingfederation.com\/?p=2746"},"modified":"2020-10-29T21:09:39","modified_gmt":"2020-10-29T20:09:39","slug":"stosek-treti-na-mistrovstvi-sveta-v-maratonu","status":"publish","type":"post","link":"https:\/\/www.czechcyclingfederation.com\/en\/stosek-treti-na-mistrovstvi-sveta-v-maratonu\/","title":{"rendered":"Sto\u0161ek t\u0159et\u00ed na mistrovstv\u00ed sv\u011bta v maratonu!"},"content":{"rendered":"\n<h2 class=\"wp-block-heading\"><strong>Martin Sto\u0161ek m\u00e1 sv\u011btov\u00fd bronz z&nbsp;tureck\u00e9 Sakarye!<\/strong><\/h2>\n\n\n\n<p>Biker Martin Sto\u0161ek zaznamenal zat\u00edm sv\u016fj nejv\u011bt\u0161\u00ed \u017eivotn\u00ed \u00fasp\u011bch, kdy\u017e v&nbsp;tureck\u00e9 Sakaryi vybojoval bronz na mistrovstv\u00ed sv\u011bta v&nbsp;maratonu horsk\u00fdch kol.<\/p>\n\n\n\n<p>Lo\u0148sk\u00fd vicemistr sv\u011bta Kristian Hynek obsadil \u0161est\u00e9 m\u00edsto. V&nbsp;z\u00e1vod\u011b \u017een zaznamenala velmi dobr\u00fd v\u00fdsledek Karla \u0160t\u011bp\u00e1nov\u00e1, kter\u00e1 dokon\u010dila z\u00e1vod na 11. pozici. &nbsp;<\/p>\n\n\n\n<p>Jezdci t\u00fdmu Future Cycling \u2013 Northwave, Martin Sto\u0161ek a Kristian Hynek se pohybovali od za\u010d\u00e1tku z\u00e1vodu na \u010deln\u00edch m\u00edstech. P\u0159i n\u00e1jezdu do posledn\u00edch 40 kilometr\u016f z\u00e1vodu se na \u010dele odd\u011blila skupinka \u0161esti jezdc\u016f i s&nbsp;ob\u011bma \u010cechy.&nbsp;<\/p>\n\n\n\n<p>V z\u00e1v\u011bre\u010dn\u00e9m&nbsp;nejdel\u0161\u00edm a tak\u00e9 nejt\u011b\u017e\u0161\u00edm stoup\u00e1n\u00ed na trati nastal boj o celkov\u00e9 po\u0159ad\u00ed, kdy\u017e v&nbsp;polovin\u011b stoup\u00e1n\u00ed za\u00fato\u010dil Kolumbiec Hector Leonardo Paez Leon. Rychle si vybudoval v\u00edce ne\u017e dvou minutov\u00fd n\u00e1skok a ten n\u00e1sledn\u011b udr\u017eel a\u017e do c\u00edle. Za n\u00edm prob\u00edhal tuh\u00fd souboj o st\u0159\u00edbrnou medaili mezi Portugalcem Tiago Ferreirou a na\u0161im Martinem Sto\u0161kem. Zku\u0161en\u011bj\u0161\u00ed Portugalec m\u011bl v\u00edce sil v&nbsp;z\u00e1v\u011bre\u010dn\u00e9 silni\u010dn\u00ed \u010d\u00e1sti trat\u011b vedouc\u00ed na stadion v&nbsp;Sakaryi a s odstupem 15 sekund vybojoval st\u0159\u00edbrnou medaili p\u0159ed na\u0161\u00edm reprezentantem. Na 25. pozici dokon\u010dil z\u00e1vod t\u0159et\u00ed z&nbsp;\u010cech\u016f, Filip Adel.<\/p>\n\n\n\n<p>V&nbsp;z\u00e1vod\u011b \u017een obsadila v\u00fdborn\u00e9 11. m\u00edsto bikerka Karla \u0160t\u011bp\u00e1nov\u00e1. Dob\u0159e zvl\u00e1dly atypickou a n\u00e1ro\u010dnou tra\u0165 i dal\u0161\u00ed \u010desk\u00e9 z\u00e1vodnice. 14. p\u0159\u00ed\u010dku obsadila Jana Czeczinkarov\u00e1 a 16. m\u00edsto vybojovala d\u00edky dobr\u00e9mu z\u00e1v\u011bru Jana Pichl\u00edkov\u00e1.<\/p>\n\n\n\n<p><strong>V\u00fdsledky:&nbsp;<\/strong><\/p>\n\n\n\n<p>\u017deny (81 km):&nbsp;<\/p>\n\n\n\n<p>1. Ramona Forchini (\u0160v\u00fdc.) 3:42:18, 2. Maja Wloszczowska (Pol) 3:42:19, 3. Ariane L\u00fcthi (\u0160v\u00fdc.) 3:43:40 &#8230; <strong>11. Karla \u0160t\u011bp\u00e1nov\u00e1 3:55:46, 14. Jana Czeczinkarov\u00e1 4:06:50, 16. Jana Pichl\u00edkov\u00e1 4:07:00 (v\u0161echny \u010cR).<\/strong><\/p>\n\n\n\n<p>Mu\u017ei (110 km):<\/p>\n\n\n\n<p>&nbsp;1. Hector Leonardo Paez (Kol.) 4:10:50, 2. Tiago Ferreira (Por.) 4:22:10,<strong> 3. Martin Sto\u0161ek 4:22:25 (\u010cR)<\/strong>, \u2026 <strong>6. Kristi\u00e1n Hynek 4:29:29, 26. Filip Adel 4:50:13 (oba \u010cR).<\/strong><\/p>\n\n\n\n<figure class=\"wp-block-gallery columns-2 is-cropped wp-block-gallery-1 is-layout-flex wp-block-gallery-is-layout-flex\"><ul class=\"blocks-gallery-grid\"><li class=\"blocks-gallery-item\"><figure><img loading=\"lazy\" decoding=\"async\" width=\"1024\" height=\"683\" src=\"http:\/\/www.czechcyclingfederation.com\/wp-content\/uploads\/2020\/10\/WCh-XCM-2020_01-1024x683.jpg\" alt=\"\" data-id=\"2752\" data-full-url=\"http:\/\/www.czechcyclingfederation.com\/wp-content\/uploads\/2020\/10\/WCh-XCM-2020_01.jpg\" data-link=\"http:\/\/www.czechcyclingfederation.com\/stosek-treti-na-mistrovstvi-sveta-v-maratonu\/wch-xcm-2020_01\/\" class=\"wp-image-2752\" srcset=\"https:\/\/www.czechcyclingfederation.com\/wp-content\/uploads\/2020\/10\/WCh-XCM-2020_01-1024x683.jpg 1024w, https:\/\/www.czechcyclingfederation.com\/wp-content\/uploads\/2020\/10\/WCh-XCM-2020_01-300x200.jpg 300w, https:\/\/www.czechcyclingfederation.com\/wp-content\/uploads\/2020\/10\/WCh-XCM-2020_01-768x512.jpg 768w, https:\/\/www.czechcyclingfederation.com\/wp-content\/uploads\/2020\/10\/WCh-XCM-2020_01-1536x1024.jpg 1536w, https:\/\/www.czechcyclingfederation.com\/wp-content\/uploads\/2020\/10\/WCh-XCM-2020_01-1320x880.jpg 1320w, https:\/\/www.czechcyclingfederation.com\/wp-content\/uploads\/2020\/10\/WCh-XCM-2020_01.jpg 1600w\" sizes=\"auto, (max-width: 1024px) 100vw, 1024px\" \/><\/figure><\/li><li class=\"blocks-gallery-item\"><figure><img loading=\"lazy\" decoding=\"async\" width=\"1024\" height=\"683\" src=\"http:\/\/www.czechcyclingfederation.com\/wp-content\/uploads\/2020\/10\/WCh-XCM-2020_02-1024x683.jpg\" alt=\"\" data-id=\"2753\" data-full-url=\"http:\/\/www.czechcyclingfederation.com\/wp-content\/uploads\/2020\/10\/WCh-XCM-2020_02.jpg\" data-link=\"http:\/\/www.czechcyclingfederation.com\/stosek-treti-na-mistrovstvi-sveta-v-maratonu\/wch-xcm-2020_02\/\" class=\"wp-image-2753\" srcset=\"https:\/\/www.czechcyclingfederation.com\/wp-content\/uploads\/2020\/10\/WCh-XCM-2020_02-1024x683.jpg 1024w, https:\/\/www.czechcyclingfederation.com\/wp-content\/uploads\/2020\/10\/WCh-XCM-2020_02-300x200.jpg 300w, https:\/\/www.czechcyclingfederation.com\/wp-content\/uploads\/2020\/10\/WCh-XCM-2020_02-768x512.jpg 768w, https:\/\/www.czechcyclingfederation.com\/wp-content\/uploads\/2020\/10\/WCh-XCM-2020_02-1536x1024.jpg 1536w, https:\/\/www.czechcyclingfederation.com\/wp-content\/uploads\/2020\/10\/WCh-XCM-2020_02-1320x880.jpg 1320w, https:\/\/www.czechcyclingfederation.com\/wp-content\/uploads\/2020\/10\/WCh-XCM-2020_02.jpg 1600w\" sizes=\"auto, (max-width: 1024px) 100vw, 1024px\" \/><\/figure><\/li><li class=\"blocks-gallery-item\"><figure><img loading=\"lazy\" decoding=\"async\" width=\"1024\" height=\"683\" src=\"http:\/\/www.czechcyclingfederation.com\/wp-content\/uploads\/2020\/10\/WCh-XCM-2020_03-1024x683.jpg\" alt=\"\" data-id=\"2754\" data-full-url=\"http:\/\/www.czechcyclingfederation.com\/wp-content\/uploads\/2020\/10\/WCh-XCM-2020_03.jpg\" data-link=\"http:\/\/www.czechcyclingfederation.com\/stosek-treti-na-mistrovstvi-sveta-v-maratonu\/wch-xcm-2020_03\/\" class=\"wp-image-2754\" srcset=\"https:\/\/www.czechcyclingfederation.com\/wp-content\/uploads\/2020\/10\/WCh-XCM-2020_03-1024x683.jpg 1024w, https:\/\/www.czechcyclingfederation.com\/wp-content\/uploads\/2020\/10\/WCh-XCM-2020_03-300x200.jpg 300w, https:\/\/www.czechcyclingfederation.com\/wp-content\/uploads\/2020\/10\/WCh-XCM-2020_03-768x512.jpg 768w, https:\/\/www.czechcyclingfederation.com\/wp-content\/uploads\/2020\/10\/WCh-XCM-2020_03-1536x1024.jpg 1536w, https:\/\/www.czechcyclingfederation.com\/wp-content\/uploads\/2020\/10\/WCh-XCM-2020_03-1320x880.jpg 1320w, https:\/\/www.czechcyclingfederation.com\/wp-content\/uploads\/2020\/10\/WCh-XCM-2020_03.jpg 1600w\" sizes=\"auto, (max-width: 1024px) 100vw, 1024px\" \/><\/figure><\/li><li class=\"blocks-gallery-item\"><figure><img loading=\"lazy\" decoding=\"async\" width=\"1024\" height=\"683\" src=\"http:\/\/www.czechcyclingfederation.com\/wp-content\/uploads\/2020\/10\/WCh-XCM-2020_04-1024x683.jpg\" alt=\"\" data-id=\"2755\" data-full-url=\"http:\/\/www.czechcyclingfederation.com\/wp-content\/uploads\/2020\/10\/WCh-XCM-2020_04.jpg\" data-link=\"http:\/\/www.czechcyclingfederation.com\/stosek-treti-na-mistrovstvi-sveta-v-maratonu\/wch-xcm-2020_04\/\" class=\"wp-image-2755\" srcset=\"https:\/\/www.czechcyclingfederation.com\/wp-content\/uploads\/2020\/10\/WCh-XCM-2020_04-1024x683.jpg 1024w, https:\/\/www.czechcyclingfederation.com\/wp-content\/uploads\/2020\/10\/WCh-XCM-2020_04-300x200.jpg 300w, https:\/\/www.czechcyclingfederation.com\/wp-content\/uploads\/2020\/10\/WCh-XCM-2020_04-768x512.jpg 768w, https:\/\/www.czechcyclingfederation.com\/wp-content\/uploads\/2020\/10\/WCh-XCM-2020_04-1536x1024.jpg 1536w, https:\/\/www.czechcyclingfederation.com\/wp-content\/uploads\/2020\/10\/WCh-XCM-2020_04-1320x880.jpg 1320w, https:\/\/www.czechcyclingfederation.com\/wp-content\/uploads\/2020\/10\/WCh-XCM-2020_04.jpg 1600w\" sizes=\"auto, (max-width: 1024px) 100vw, 1024px\" \/><\/figure><\/li><li class=\"blocks-gallery-item\"><figure><img loading=\"lazy\" decoding=\"async\" width=\"1024\" height=\"683\" src=\"http:\/\/www.czechcyclingfederation.com\/wp-content\/uploads\/2020\/10\/WCh-XCM-2020_05-1024x683.jpg\" alt=\"\" data-id=\"2756\" data-full-url=\"http:\/\/www.czechcyclingfederation.com\/wp-content\/uploads\/2020\/10\/WCh-XCM-2020_05.jpg\" data-link=\"http:\/\/www.czechcyclingfederation.com\/stosek-treti-na-mistrovstvi-sveta-v-maratonu\/wch-xcm-2020_05\/\" class=\"wp-image-2756\" srcset=\"https:\/\/www.czechcyclingfederation.com\/wp-content\/uploads\/2020\/10\/WCh-XCM-2020_05-1024x683.jpg 1024w, https:\/\/www.czechcyclingfederation.com\/wp-content\/uploads\/2020\/10\/WCh-XCM-2020_05-300x200.jpg 300w, https:\/\/www.czechcyclingfederation.com\/wp-content\/uploads\/2020\/10\/WCh-XCM-2020_05-768x512.jpg 768w, https:\/\/www.czechcyclingfederation.com\/wp-content\/uploads\/2020\/10\/WCh-XCM-2020_05-1536x1024.jpg 1536w, https:\/\/www.czechcyclingfederation.com\/wp-content\/uploads\/2020\/10\/WCh-XCM-2020_05-1320x880.jpg 1320w, https:\/\/www.czechcyclingfederation.com\/wp-content\/uploads\/2020\/10\/WCh-XCM-2020_05.jpg 1600w\" sizes=\"auto, (max-width: 1024px) 100vw, 1024px\" \/><\/figure><\/li><li class=\"blocks-gallery-item\"><figure><img loading=\"lazy\" decoding=\"async\" width=\"1024\" height=\"683\" src=\"http:\/\/www.czechcyclingfederation.com\/wp-content\/uploads\/2020\/10\/WCh-XCM-2020_06-1024x683.jpg\" alt=\"\" data-id=\"2757\" data-full-url=\"http:\/\/www.czechcyclingfederation.com\/wp-content\/uploads\/2020\/10\/WCh-XCM-2020_06.jpg\" data-link=\"http:\/\/www.czechcyclingfederation.com\/stosek-treti-na-mistrovstvi-sveta-v-maratonu\/wch-xcm-2020_06\/\" class=\"wp-image-2757\" srcset=\"https:\/\/www.czechcyclingfederation.com\/wp-content\/uploads\/2020\/10\/WCh-XCM-2020_06-1024x683.jpg 1024w, https:\/\/www.czechcyclingfederation.com\/wp-content\/uploads\/2020\/10\/WCh-XCM-2020_06-300x200.jpg 300w, https:\/\/www.czechcyclingfederation.com\/wp-content\/uploads\/2020\/10\/WCh-XCM-2020_06-768x512.jpg 768w, https:\/\/www.czechcyclingfederation.com\/wp-content\/uploads\/2020\/10\/WCh-XCM-2020_06-1536x1024.jpg 1536w, https:\/\/www.czechcyclingfederation.com\/wp-content\/uploads\/2020\/10\/WCh-XCM-2020_06-1320x880.jpg 1320w, https:\/\/www.czechcyclingfederation.com\/wp-content\/uploads\/2020\/10\/WCh-XCM-2020_06.jpg 1600w\" sizes=\"auto, (max-width: 1024px) 100vw, 1024px\" \/><\/figure><\/li><li class=\"blocks-gallery-item\"><figure><img loading=\"lazy\" decoding=\"async\" width=\"1024\" height=\"683\" src=\"http:\/\/www.czechcyclingfederation.com\/wp-content\/uploads\/2020\/10\/WCh-XCM-2020_07-1024x683.jpg\" alt=\"\" data-id=\"2758\" data-full-url=\"http:\/\/www.czechcyclingfederation.com\/wp-content\/uploads\/2020\/10\/WCh-XCM-2020_07.jpg\" data-link=\"http:\/\/www.czechcyclingfederation.com\/stosek-treti-na-mistrovstvi-sveta-v-maratonu\/wch-xcm-2020_07\/\" class=\"wp-image-2758\" srcset=\"https:\/\/www.czechcyclingfederation.com\/wp-content\/uploads\/2020\/10\/WCh-XCM-2020_07-1024x683.jpg 1024w, https:\/\/www.czechcyclingfederation.com\/wp-content\/uploads\/2020\/10\/WCh-XCM-2020_07-300x200.jpg 300w, https:\/\/www.czechcyclingfederation.com\/wp-content\/uploads\/2020\/10\/WCh-XCM-2020_07-768x512.jpg 768w, https:\/\/www.czechcyclingfederation.com\/wp-content\/uploads\/2020\/10\/WCh-XCM-2020_07-1536x1024.jpg 1536w, https:\/\/www.czechcyclingfederation.com\/wp-content\/uploads\/2020\/10\/WCh-XCM-2020_07-1320x880.jpg 1320w, https:\/\/www.czechcyclingfederation.com\/wp-content\/uploads\/2020\/10\/WCh-XCM-2020_07.jpg 1600w\" sizes=\"auto, (max-width: 1024px) 100vw, 1024px\" \/><\/figure><\/li><li class=\"blocks-gallery-item\"><figure><img loading=\"lazy\" decoding=\"async\" width=\"1024\" height=\"683\" src=\"http:\/\/www.czechcyclingfederation.com\/wp-content\/uploads\/2020\/10\/WCh-XCM-2020_08-1024x683.jpg\" alt=\"\" data-id=\"2759\" data-full-url=\"http:\/\/www.czechcyclingfederation.com\/wp-content\/uploads\/2020\/10\/WCh-XCM-2020_08.jpg\" data-link=\"http:\/\/www.czechcyclingfederation.com\/stosek-treti-na-mistrovstvi-sveta-v-maratonu\/wch-xcm-2020_08\/\" class=\"wp-image-2759\" srcset=\"https:\/\/www.czechcyclingfederation.com\/wp-content\/uploads\/2020\/10\/WCh-XCM-2020_08-1024x683.jpg 1024w, https:\/\/www.czechcyclingfederation.com\/wp-content\/uploads\/2020\/10\/WCh-XCM-2020_08-300x200.jpg 300w, https:\/\/www.czechcyclingfederation.com\/wp-content\/uploads\/2020\/10\/WCh-XCM-2020_08-768x512.jpg 768w, https:\/\/www.czechcyclingfederation.com\/wp-content\/uploads\/2020\/10\/WCh-XCM-2020_08-1536x1024.jpg 1536w, https:\/\/www.czechcyclingfederation.com\/wp-content\/uploads\/2020\/10\/WCh-XCM-2020_08-1320x880.jpg 1320w, https:\/\/www.czechcyclingfederation.com\/wp-content\/uploads\/2020\/10\/WCh-XCM-2020_08.jpg 1600w\" sizes=\"auto, (max-width: 1024px) 100vw, 1024px\" \/><\/figure><\/li><li class=\"blocks-gallery-item\"><figure><img loading=\"lazy\" decoding=\"async\" width=\"1024\" height=\"683\" src=\"http:\/\/www.czechcyclingfederation.com\/wp-content\/uploads\/2020\/10\/WCh-XCM-2020_09-1024x683.jpg\" alt=\"\" data-id=\"2760\" data-full-url=\"http:\/\/www.czechcyclingfederation.com\/wp-content\/uploads\/2020\/10\/WCh-XCM-2020_09.jpg\" data-link=\"http:\/\/www.czechcyclingfederation.com\/stosek-treti-na-mistrovstvi-sveta-v-maratonu\/wch-xcm-2020_09\/\" class=\"wp-image-2760\" srcset=\"https:\/\/www.czechcyclingfederation.com\/wp-content\/uploads\/2020\/10\/WCh-XCM-2020_09-1024x683.jpg 1024w, https:\/\/www.czechcyclingfederation.com\/wp-content\/uploads\/2020\/10\/WCh-XCM-2020_09-300x200.jpg 300w, https:\/\/www.czechcyclingfederation.com\/wp-content\/uploads\/2020\/10\/WCh-XCM-2020_09-768x512.jpg 768w, https:\/\/www.czechcyclingfederation.com\/wp-content\/uploads\/2020\/10\/WCh-XCM-2020_09-1536x1024.jpg 1536w, https:\/\/www.czechcyclingfederation.com\/wp-content\/uploads\/2020\/10\/WCh-XCM-2020_09-1320x880.jpg 1320w, https:\/\/www.czechcyclingfederation.com\/wp-content\/uploads\/2020\/10\/WCh-XCM-2020_09.jpg 1600w\" sizes=\"auto, (max-width: 1024px) 100vw, 1024px\" \/><\/figure><\/li><li class=\"blocks-gallery-item\"><figure><img loading=\"lazy\" decoding=\"async\" width=\"1024\" height=\"683\" src=\"http:\/\/www.czechcyclingfederation.com\/wp-content\/uploads\/2020\/10\/WCh-XCM-2020_10-1024x683.jpg\" alt=\"\" data-id=\"2761\" data-full-url=\"http:\/\/www.czechcyclingfederation.com\/wp-content\/uploads\/2020\/10\/WCh-XCM-2020_10.jpg\" data-link=\"http:\/\/www.czechcyclingfederation.com\/stosek-treti-na-mistrovstvi-sveta-v-maratonu\/wch-xcm-2020_10\/\" class=\"wp-image-2761\" srcset=\"https:\/\/www.czechcyclingfederation.com\/wp-content\/uploads\/2020\/10\/WCh-XCM-2020_10-1024x683.jpg 1024w, https:\/\/www.czechcyclingfederation.com\/wp-content\/uploads\/2020\/10\/WCh-XCM-2020_10-300x200.jpg 300w, https:\/\/www.czechcyclingfederation.com\/wp-content\/uploads\/2020\/10\/WCh-XCM-2020_10-768x512.jpg 768w, https:\/\/www.czechcyclingfederation.com\/wp-content\/uploads\/2020\/10\/WCh-XCM-2020_10-1536x1024.jpg 1536w, https:\/\/www.czechcyclingfederation.com\/wp-content\/uploads\/2020\/10\/WCh-XCM-2020_10-1320x880.jpg 1320w, https:\/\/www.czechcyclingfederation.com\/wp-content\/uploads\/2020\/10\/WCh-XCM-2020_10.jpg 1600w\" sizes=\"auto, (max-width: 1024px) 100vw, 1024px\" \/><\/figure><\/li><li class=\"blocks-gallery-item\"><figure><img loading=\"lazy\" decoding=\"async\" width=\"1024\" height=\"683\" src=\"http:\/\/www.czechcyclingfederation.com\/wp-content\/uploads\/2020\/10\/WCh-XCM-2020_11-1024x683.jpg\" alt=\"\" data-id=\"2762\" data-full-url=\"http:\/\/www.czechcyclingfederation.com\/wp-content\/uploads\/2020\/10\/WCh-XCM-2020_11.jpg\" data-link=\"http:\/\/www.czechcyclingfederation.com\/stosek-treti-na-mistrovstvi-sveta-v-maratonu\/wch-xcm-2020_11\/\" class=\"wp-image-2762\" srcset=\"https:\/\/www.czechcyclingfederation.com\/wp-content\/uploads\/2020\/10\/WCh-XCM-2020_11-1024x683.jpg 1024w, https:\/\/www.czechcyclingfederation.com\/wp-content\/uploads\/2020\/10\/WCh-XCM-2020_11-300x200.jpg 300w, https:\/\/www.czechcyclingfederation.com\/wp-content\/uploads\/2020\/10\/WCh-XCM-2020_11-768x512.jpg 768w, https:\/\/www.czechcyclingfederation.com\/wp-content\/uploads\/2020\/10\/WCh-XCM-2020_11-1536x1024.jpg 1536w, https:\/\/www.czechcyclingfederation.com\/wp-content\/uploads\/2020\/10\/WCh-XCM-2020_11-1320x880.jpg 1320w, https:\/\/www.czechcyclingfederation.com\/wp-content\/uploads\/2020\/10\/WCh-XCM-2020_11.jpg 1600w\" sizes=\"auto, (max-width: 1024px) 100vw, 1024px\" \/><\/figure><\/li><li class=\"blocks-gallery-item\"><figure><img loading=\"lazy\" decoding=\"async\" width=\"1024\" height=\"683\" src=\"http:\/\/www.czechcyclingfederation.com\/wp-content\/uploads\/2020\/10\/WCh-XCM-2020_12-1024x683.jpg\" alt=\"\" data-id=\"2763\" data-full-url=\"http:\/\/www.czechcyclingfederation.com\/wp-content\/uploads\/2020\/10\/WCh-XCM-2020_12.jpg\" data-link=\"http:\/\/www.czechcyclingfederation.com\/stosek-treti-na-mistrovstvi-sveta-v-maratonu\/wch-xcm-2020_12\/\" class=\"wp-image-2763\" srcset=\"https:\/\/www.czechcyclingfederation.com\/wp-content\/uploads\/2020\/10\/WCh-XCM-2020_12-1024x683.jpg 1024w, https:\/\/www.czechcyclingfederation.com\/wp-content\/uploads\/2020\/10\/WCh-XCM-2020_12-300x200.jpg 300w, https:\/\/www.czechcyclingfederation.com\/wp-content\/uploads\/2020\/10\/WCh-XCM-2020_12-768x512.jpg 768w, https:\/\/www.czechcyclingfederation.com\/wp-content\/uploads\/2020\/10\/WCh-XCM-2020_12-1536x1024.jpg 1536w, https:\/\/www.czechcyclingfederation.com\/wp-content\/uploads\/2020\/10\/WCh-XCM-2020_12-1320x880.jpg 1320w, https:\/\/www.czechcyclingfederation.com\/wp-content\/uploads\/2020\/10\/WCh-XCM-2020_12.jpg 1600w\" sizes=\"auto, (max-width: 1024px) 100vw, 1024px\" \/><\/figure><\/li><li class=\"blocks-gallery-item\"><figure><img decoding=\"async\" src=\"http:\/\/www.czechcyclingfederation.com\/wp-content\/uploads\/2020\/10\/WCh-XCM-2020_13-821x1024.jpg\" alt=\"\" data-id=\"2764\" data-full-url=\"http:\/\/www.czechcyclingfederation.com\/wp-content\/uploads\/2020\/10\/WCh-XCM-2020_13.jpg\" data-link=\"http:\/\/www.czechcyclingfederation.com\/stosek-treti-na-mistrovstvi-sveta-v-maratonu\/wch-xcm-2020_13\/\" class=\"wp-image-2764\"\/><\/figure><\/li><li class=\"blocks-gallery-item\"><figure><img loading=\"lazy\" decoding=\"async\" width=\"1024\" height=\"683\" src=\"http:\/\/www.czechcyclingfederation.com\/wp-content\/uploads\/2020\/10\/WCh-XCM-2020_14-1024x683.jpg\" alt=\"\" data-id=\"2765\" data-full-url=\"http:\/\/www.czechcyclingfederation.com\/wp-content\/uploads\/2020\/10\/WCh-XCM-2020_14.jpg\" data-link=\"http:\/\/www.czechcyclingfederation.com\/stosek-treti-na-mistrovstvi-sveta-v-maratonu\/wch-xcm-2020_14\/\" class=\"wp-image-2765\" srcset=\"https:\/\/www.czechcyclingfederation.com\/wp-content\/uploads\/2020\/10\/WCh-XCM-2020_14-1024x683.jpg 1024w, https:\/\/www.czechcyclingfederation.com\/wp-content\/uploads\/2020\/10\/WCh-XCM-2020_14-300x200.jpg 300w, https:\/\/www.czechcyclingfederation.com\/wp-content\/uploads\/2020\/10\/WCh-XCM-2020_14-768x512.jpg 768w, https:\/\/www.czechcyclingfederation.com\/wp-content\/uploads\/2020\/10\/WCh-XCM-2020_14-1536x1024.jpg 1536w, https:\/\/www.czechcyclingfederation.com\/wp-content\/uploads\/2020\/10\/WCh-XCM-2020_14-1320x880.jpg 1320w, https:\/\/www.czechcyclingfederation.com\/wp-content\/uploads\/2020\/10\/WCh-XCM-2020_14.jpg 1600w\" sizes=\"auto, (max-width: 1024px) 100vw, 1024px\" \/><\/figure><\/li><li class=\"blocks-gallery-item\"><figure><img loading=\"lazy\" decoding=\"async\" width=\"1024\" height=\"683\" src=\"http:\/\/www.czechcyclingfederation.com\/wp-content\/uploads\/2020\/10\/WCh-XCM-2020_15-1024x683.jpg\" alt=\"\" data-id=\"2766\" data-full-url=\"http:\/\/www.czechcyclingfederation.com\/wp-content\/uploads\/2020\/10\/WCh-XCM-2020_15.jpg\" data-link=\"http:\/\/www.czechcyclingfederation.com\/stosek-treti-na-mistrovstvi-sveta-v-maratonu\/wch-xcm-2020_15\/\" class=\"wp-image-2766\" srcset=\"https:\/\/www.czechcyclingfederation.com\/wp-content\/uploads\/2020\/10\/WCh-XCM-2020_15-1024x683.jpg 1024w, https:\/\/www.czechcyclingfederation.com\/wp-content\/uploads\/2020\/10\/WCh-XCM-2020_15-300x200.jpg 300w, https:\/\/www.czechcyclingfederation.com\/wp-content\/uploads\/2020\/10\/WCh-XCM-2020_15-768x512.jpg 768w, https:\/\/www.czechcyclingfederation.com\/wp-content\/uploads\/2020\/10\/WCh-XCM-2020_15-1536x1024.jpg 1536w, https:\/\/www.czechcyclingfederation.com\/wp-content\/uploads\/2020\/10\/WCh-XCM-2020_15-1320x880.jpg 1320w, https:\/\/www.czechcyclingfederation.com\/wp-content\/uploads\/2020\/10\/WCh-XCM-2020_15.jpg 1600w\" sizes=\"auto, (max-width: 1024px) 100vw, 1024px\" \/><\/figure><\/li><li class=\"blocks-gallery-item\"><figure><img loading=\"lazy\" decoding=\"async\" width=\"819\" height=\"1024\" src=\"http:\/\/www.czechcyclingfederation.com\/wp-content\/uploads\/2020\/10\/WCh-XCM-2020_16-819x1024.jpg\" alt=\"\" data-id=\"2767\" data-full-url=\"http:\/\/www.czechcyclingfederation.com\/wp-content\/uploads\/2020\/10\/WCh-XCM-2020_16.jpg\" data-link=\"http:\/\/www.czechcyclingfederation.com\/stosek-treti-na-mistrovstvi-sveta-v-maratonu\/wch-xcm-2020_16\/\" class=\"wp-image-2767\" srcset=\"https:\/\/www.czechcyclingfederation.com\/wp-content\/uploads\/2020\/10\/WCh-XCM-2020_16-819x1024.jpg 819w, https:\/\/www.czechcyclingfederation.com\/wp-content\/uploads\/2020\/10\/WCh-XCM-2020_16-160x200.jpg 160w, https:\/\/www.czechcyclingfederation.com\/wp-content\/uploads\/2020\/10\/WCh-XCM-2020_16-768x960.jpg 768w, https:\/\/www.czechcyclingfederation.com\/wp-content\/uploads\/2020\/10\/WCh-XCM-2020_16.jpg 1200w\" sizes=\"auto, (max-width: 819px) 100vw, 819px\" \/><\/figure><\/li><\/ul><\/figure>\n\n\n\n<p><em>Foto: Michal \u010cerven\u00fd<\/em><\/p>\n","protected":false},"excerpt":{"rendered":"<p>Martin Sto\u0161ek m\u00e1 sv\u011btov\u00fd bronz z&nbsp;tureck\u00e9 Sakarye! Biker Martin Sto\u0161ek zaznamenal zat\u00edm sv\u016fj nejv\u011bt\u0161\u00ed \u017eivotn\u00ed \u00fasp\u011bch, kdy\u017e v&nbsp;tureck\u00e9 Sakaryi vybojoval bronz na mistrovstv\u00ed sv\u011bta v&nbsp;maratonu horsk\u00fdch kol. Lo\u0148sk\u00fd vicemistr sv\u011bta Kristian Hynek obsadil \u0161est\u00e9 m\u00edsto. V&nbsp;z\u00e1vod\u011b \u017een zaznamenala velmi dobr\u00fd v\u00fdsledek Karla \u0160t\u011bp\u00e1nov\u00e1, kter\u00e1 dokon\u010dila z\u00e1vod na 11. pozici. &nbsp; Jezdci t\u00fdmu Future Cycling \u2013 [&hellip;]<\/p>\n","protected":false},"author":9,"featured_media":2766,"comment_status":"closed","ping_status":"open","sticky":false,"template":"","format":"standard","meta":{"footnotes":""},"categories":[6,2,103],"tags":[10],"class_list":["post-2746","post","type-post","status-publish","format-standard","has-post-thumbnail","hentry","category-mtb","category-novinky","category-reprezentace","tag-mtb"],"_links":{"self":[{"href":"https:\/\/www.czechcyclingfederation.com\/en\/wp-json\/wp\/v2\/posts\/2746","targetHints":{"allow":["GET"]}}],"collection":[{"href":"https:\/\/www.czechcyclingfederation.com\/en\/wp-json\/wp\/v2\/posts"}],"about":[{"href":"https:\/\/www.czechcyclingfederation.com\/en\/wp-json\/wp\/v2\/types\/post"}],"author":[{"embeddable":true,"href":"https:\/\/www.czechcyclingfederation.com\/en\/wp-json\/wp\/v2\/users\/9"}],"replies":[{"embeddable":true,"href":"https:\/\/www.czechcyclingfederation.com\/en\/wp-json\/wp\/v2\/comments?post=2746"}],"version-history":[{"count":7,"href":"https:\/\/www.czechcyclingfederation.com\/en\/wp-json\/wp\/v2\/posts\/2746\/revisions"}],"predecessor-version":[{"id":2782,"href":"https:\/\/www.czechcyclingfederation.com\/en\/wp-json\/wp\/v2\/posts\/2746\/revisions\/2782"}],"wp:featuredmedia":[{"embeddable":true,"href":"https:\/\/www.czechcyclingfederation.com\/en\/wp-json\/wp\/v2\/media\/2766"}],"wp:attachment":[{"href":"https:\/\/www.czechcyclingfederation.com\/en\/wp-json\/wp\/v2\/media?parent=2746"}],"wp:term":[{"taxonomy":"category","embeddable":true,"href":"https:\/\/www.czechcyclingfederation.com\/en\/wp-json\/wp\/v2\/categories?post=2746"},{"taxonomy":"post_tag","embeddable":true,"href":"https:\/\/www.czechcyclingfederation.com\/en\/wp-json\/wp\/v2\/tags?post=2746"}],"curies":[{"name":"wp","href":"https:\/\/api.w.org\/{rel}","templated":true}]}}