{"id":27436,"date":"2023-10-01T20:40:31","date_gmt":"2023-10-01T18:40:31","guid":{"rendered":"https:\/\/www.czechcyclingfederation.com\/?p=27436"},"modified":"2023-10-01T20:40:33","modified_gmt":"2023-10-01T18:40:33","slug":"vakoc-sesty-na-me-v-gravelu-titul-ma-stuyven","status":"publish","type":"post","link":"https:\/\/www.czechcyclingfederation.com\/en\/vakoc-sesty-na-me-v-gravelu-titul-ma-stuyven\/","title":{"rendered":"Vako\u010d \u0161est\u00fd na ME v\u00a0gravelu, titul m\u00e1 Stuyven"},"content":{"rendered":"\n<p><strong>Petr Vako\u010d<\/strong> obsadil \u0161est\u00e9 m\u00edsto na mistrovstv\u00ed Evropy v&nbsp;discipl\u00edn\u011b gravel, kter\u00e9 se uskute\u010dnilo v&nbsp;belgick\u00e9m Oud-Heverlee. Titul z\u00edskal belgick\u00fd silni\u010d\u00e1\u0159 st\u00e1je Lidl-Trek <strong>Jasper Stuyven<\/strong>.<\/p>\n\n\n\n<p>Vako\u010d se na z\u00e1vod t\u011b\u0161il, ale tu\u0161il, \u017ee profilov\u011b to nebude \u00fapln\u011b pro n\u011bj. <em>\u201eZ\u00e1vod se jel bl\u00edzko \u00fazem\u00ed, kde se kon\u00e1 silni\u010dn\u00ed klasika Brabantsk\u00fd \u0161\u00edp, kterou jsem v&nbsp;roce 2016 vyhr\u00e1l. N\u011bkter\u00e9 pas\u00e1\u017ee jsme dokonce k\u0159i\u017eovali. Bohu\u017eel tam nebylo moc prudk\u00fdch kopc\u016f, kter\u00e9 by mi nahr\u00e1valy,\u201c<\/em> uvedl Vako\u010d.<\/p>\n\n\n\n<p>Z\u00e1vod se jel z\u00e1rove\u0148 jako belgick\u00fd \u0161ampion\u00e1t v&nbsp;gravelu, tak\u017ee dom\u00e1c\u00ed jezdci m\u011bli dvojn\u00e1sobnou motivaci. Stuyven p\u0159ijel po \u00fasp\u011b\u0161n\u00e9m ataku z&nbsp;vedouc\u00ed skupiny do c\u00edle 159 km dlouh\u00e9ho z\u00e1vodu osamocen s&nbsp;n\u00e1skokem v\u00edce ne\u017e minuty.<\/p>\n\n\n\n<figure class=\"wp-block-image size-large\"><img loading=\"lazy\" decoding=\"async\" width=\"1024\" height=\"969\" src=\"https:\/\/www.czechcyclingfederation.com\/wp-content\/uploads\/2023\/10\/Screenshot_20231001_195030_Instagram-1024x969.jpg\" alt=\"\" class=\"wp-image-27439\" srcset=\"https:\/\/www.czechcyclingfederation.com\/wp-content\/uploads\/2023\/10\/Screenshot_20231001_195030_Instagram-1024x969.jpg 1024w, https:\/\/www.czechcyclingfederation.com\/wp-content\/uploads\/2023\/10\/Screenshot_20231001_195030_Instagram-211x200.jpg 211w, https:\/\/www.czechcyclingfederation.com\/wp-content\/uploads\/2023\/10\/Screenshot_20231001_195030_Instagram-768x727.jpg 768w, https:\/\/www.czechcyclingfederation.com\/wp-content\/uploads\/2023\/10\/Screenshot_20231001_195030_Instagram.jpg 1080w\" sizes=\"auto, (max-width: 1024px) 100vw, 1024px\" \/><\/figure>\n\n\n\n<p>O st\u0159\u00edbro spurtovala skupinka p\u011bti z\u00e1vodn\u00edk\u016f, v\u00a0n\u00ed\u017e byl i Vako\u010d, jen\u017e zrovna nen\u00ed excelentn\u00edm sprinterem. Titul vicemistra Evropy vybojoval dal\u0161\u00ed Belgi\u010dan Tim Merlier, bronz z\u00edskal N\u011bmec Paul Vos.<\/p>\n\n\n\n<p>Mezi \u017eenami z\u00edskala evropsk\u00fd titul Lorena Wiebesov\u00e1 z\u00a0Nizozemska.<\/p>\n\n\n\n<p><strong>V\u00fdsledky <\/strong>(159 km): 1. Stuyven 4:16:27, 2. Merlier (oba Belg.), 3. Vos (N\u011bm.), 4. G. Vermeersch v\u0161. +1:21, 5. F. Vermeersch (oba Belg.) +1:22, <strong>6. Vako\u010d (\u010cR) <\/strong>+1:23.<\/p>\n\n\n\n<p><strong>\u017deny <\/strong>(131 km): 1. Wiebesov\u00e1 2:59:33, 2. van Empleov\u00e1 (ob\u011b Niz.) stejn\u00fd \u010das, 3. Cecchiniov\u00e1 (It.) +1.<\/p>\n\n\n\n<p>Foto: UEC a Instagram Petra Vako\u010de<\/p>\n","protected":false},"excerpt":{"rendered":"<p>Petr Vako\u010d obsadil \u0161est\u00e9 m\u00edsto na mistrovstv\u00ed Evropy v&nbsp;discipl\u00edn\u011b gravel, kter\u00e9 se uskute\u010dnilo v&nbsp;belgick\u00e9m Oud-Heverlee. Titul z\u00edskal belgick\u00fd silni\u010d\u00e1\u0159 st\u00e1je Lidl-Trek Jasper Stuyven. Vako\u010d se na z\u00e1vod t\u011b\u0161il, ale tu\u0161il, \u017ee profilov\u011b to nebude \u00fapln\u011b pro n\u011bj. \u201eZ\u00e1vod se jel bl\u00edzko \u00fazem\u00ed, kde se kon\u00e1 silni\u010dn\u00ed klasika Brabantsk\u00fd \u0161\u00edp, kterou jsem v&nbsp;roce 2016 vyhr\u00e1l. N\u011bkter\u00e9 [&hellip;]<\/p>\n","protected":false},"author":15,"featured_media":27437,"comment_status":"closed","ping_status":"open","sticky":false,"template":"","format":"standard","meta":{"footnotes":""},"categories":[201,2],"tags":[196],"class_list":["post-27436","post","type-post","status-publish","format-standard","has-post-thumbnail","hentry","category-cyklistika-pro-vsechny","category-novinky","tag-gravel"],"_links":{"self":[{"href":"https:\/\/www.czechcyclingfederation.com\/en\/wp-json\/wp\/v2\/posts\/27436","targetHints":{"allow":["GET"]}}],"collection":[{"href":"https:\/\/www.czechcyclingfederation.com\/en\/wp-json\/wp\/v2\/posts"}],"about":[{"href":"https:\/\/www.czechcyclingfederation.com\/en\/wp-json\/wp\/v2\/types\/post"}],"author":[{"embeddable":true,"href":"https:\/\/www.czechcyclingfederation.com\/en\/wp-json\/wp\/v2\/users\/15"}],"replies":[{"embeddable":true,"href":"https:\/\/www.czechcyclingfederation.com\/en\/wp-json\/wp\/v2\/comments?post=27436"}],"version-history":[{"count":2,"href":"https:\/\/www.czechcyclingfederation.com\/en\/wp-json\/wp\/v2\/posts\/27436\/revisions"}],"predecessor-version":[{"id":27442,"href":"https:\/\/www.czechcyclingfederation.com\/en\/wp-json\/wp\/v2\/posts\/27436\/revisions\/27442"}],"wp:featuredmedia":[{"embeddable":true,"href":"https:\/\/www.czechcyclingfederation.com\/en\/wp-json\/wp\/v2\/media\/27437"}],"wp:attachment":[{"href":"https:\/\/www.czechcyclingfederation.com\/en\/wp-json\/wp\/v2\/media?parent=27436"}],"wp:term":[{"taxonomy":"category","embeddable":true,"href":"https:\/\/www.czechcyclingfederation.com\/en\/wp-json\/wp\/v2\/categories?post=27436"},{"taxonomy":"post_tag","embeddable":true,"href":"https:\/\/www.czechcyclingfederation.com\/en\/wp-json\/wp\/v2\/tags?post=27436"}],"curies":[{"name":"wp","href":"https:\/\/api.w.org\/{rel}","templated":true}]}}