{"id":27430,"date":"2023-10-01T19:34:42","date_gmt":"2023-10-01T17:34:42","guid":{"rendered":"https:\/\/www.czechcyclingfederation.com\/?p=27430"},"modified":"2023-10-01T19:34:44","modified_gmt":"2023-10-01T17:34:44","slug":"miculycova-porazila-ve-svycarsku-i-olympijskou-vitezku","status":"publish","type":"post","link":"https:\/\/www.czechcyclingfederation.com\/en\/miculycova-porazila-ve-svycarsku-i-olympijskou-vitezku\/","title":{"rendered":"Miculy\u010dov\u00e1 porazila ve \u0160v\u00fdcarsku i olympijskou v\u00edt\u011bzku"},"content":{"rendered":"\n<p>\u00da\u0159aduj\u00edc\u00ed evropsk\u00e1 \u0161ampionka ve freestyle BMX <strong>Iveta Miculy\u010dov\u00e1<\/strong> ovl\u00e1dla z\u00e1vody kategorie C1 v&nbsp;discipl\u00edn\u011b Park ve \u0161v\u00fdcarsk\u00e9m Aigle, kter\u00e9 jsou d\u016fle\u017eit\u00e9 s v\u00fdhledem na jarn\u00ed olympijskou kvalifikaci.<\/p>\n\n\n\n<p><em>\u201eBylo to tady \u00fa\u017easn\u00e9, kr\u00e1sn\u00e9 prost\u0159ed\u00ed a skv\u011bl\u00fd park, kter\u00fd mi fakt sedl,\u201c<\/em> \u0159ekla \u010derstv\u011b osmn\u00e1ctilet\u00e1 \u010desk\u00e1 reprezentantka. P\u0159itom do \u0160v\u00fdcarska se sjely elitn\u00ed z\u00e1vodnice v \u010dele s Britkou Worthingtonovou, olympijskou v\u00edt\u011bzkou z Tokia. <em>\u201eKonkurence tady byla fakt velk\u00e1. Z\u00e1vodila tu i bronzov\u00e1 z&nbsp;Tokia, \u0160v\u00fdcarka Ducarrozov\u00e1,\u201d<\/em> prozradila Miculy\u010dov\u00e1.<\/p>\n\n\n\n<p>Ve fin\u00e1lov\u00e9 j\u00edzd\u011b p\u0159edvedla n\u00e1ro\u010dn\u00e9 triky. <em>\u201eZvl\u00e1dla jsem backflip condor, co\u017e je salto vzad, p\u0159i kter\u00e9m pust\u00edm \u0159\u00edd\u00edtka. Ud\u011blala jsem i cannonball, p\u0159i kter\u00e9m se dr\u017e\u00edm se jen sedla. Stihla jsem je\u0161t\u011b i 360 barspin, co\u017e je oto\u010dka o 360 stup\u0148\u016f s proto\u010den\u00edm \u0159\u00edd\u00edtek. A taky se mi povedl je\u0161t\u011b nothing. To je \u00fapln\u00e9 pu\u0161t\u011bn\u00ed kola ve vzduchu,\u201c<\/em> popsala.<\/p>\n\n\n\n<figure class=\"wp-block-image size-large\"><img loading=\"lazy\" decoding=\"async\" width=\"1024\" height=\"1024\" src=\"https:\/\/www.czechcyclingfederation.com\/wp-content\/uploads\/2023\/10\/bikeri-1024x1024.jpg\" alt=\"\" class=\"wp-image-27431\" srcset=\"https:\/\/www.czechcyclingfederation.com\/wp-content\/uploads\/2023\/10\/bikeri-1024x1024.jpg 1024w, https:\/\/www.czechcyclingfederation.com\/wp-content\/uploads\/2023\/10\/bikeri-200x200.jpg 200w, https:\/\/www.czechcyclingfederation.com\/wp-content\/uploads\/2023\/10\/bikeri-150x150.jpg 150w, https:\/\/www.czechcyclingfederation.com\/wp-content\/uploads\/2023\/10\/bikeri-768x768.jpg 768w, https:\/\/www.czechcyclingfederation.com\/wp-content\/uploads\/2023\/10\/bikeri-1320x1320.jpg 1320w, https:\/\/www.czechcyclingfederation.com\/wp-content\/uploads\/2023\/10\/bikeri.jpg 1440w\" sizes=\"auto, (max-width: 1024px) 100vw, 1024px\" \/><\/figure>\n\n\n\n<p>Miculy\u010dov\u00e1 d\u00edky v\u00edt\u011bzstv\u00ed z\u00edskala d\u016fle\u017eit\u00e9 body do \u017eeb\u0159\u00ed\u010dku a zase se posune bl\u00ed\u017ee k nomina\u010dn\u00edm z\u00e1vod\u016fm na olympi\u00e1du do Pa\u0159\u00ed\u017ee. Ty jsou na programu b\u011bhem jara p\u0159\u00ed\u0161t\u00edho roku. P\u0159\u00edmo ze \u0160v\u00fdcarska se \u010desk\u00e1 reprezentantka spole\u010dn\u011b s tren\u00e9rem Michaelem Beranem vydala do Lond\u00fdna, kde ji \u010dek\u00e1 soust\u0159ed\u011bn\u00ed p\u0159ed dal\u0161\u00edm z\u00e1vodem kategorie C1 v \u010c\u00edn\u011b.<\/p>\n\n\n\n<p>Foto Jan Brychta a Czech Freestyle BMX Association<\/p>\n","protected":false},"excerpt":{"rendered":"<p>\u00da\u0159aduj\u00edc\u00ed evropsk\u00e1 \u0161ampionka ve freestyle BMX Iveta Miculy\u010dov\u00e1 ovl\u00e1dla z\u00e1vody kategorie C1 v&nbsp;discipl\u00edn\u011b Park ve \u0161v\u00fdcarsk\u00e9m Aigle, kter\u00e9 jsou d\u016fle\u017eit\u00e9 s v\u00fdhledem na jarn\u00ed olympijskou kvalifikaci. \u201eBylo to tady \u00fa\u017easn\u00e9, kr\u00e1sn\u00e9 prost\u0159ed\u00ed a skv\u011bl\u00fd park, kter\u00fd mi fakt sedl,\u201c \u0159ekla \u010derstv\u011b osmn\u00e1ctilet\u00e1 \u010desk\u00e1 reprezentantka. P\u0159itom do \u0160v\u00fdcarska se sjely elitn\u00ed z\u00e1vodnice v \u010dele s Britkou [&hellip;]<\/p>\n","protected":false},"author":15,"featured_media":27433,"comment_status":"closed","ping_status":"open","sticky":false,"template":"","format":"standard","meta":{"footnotes":""},"categories":[57,2],"tags":[55],"class_list":["post-27430","post","type-post","status-publish","format-standard","has-post-thumbnail","hentry","category-bmx","category-novinky","tag-bmx"],"_links":{"self":[{"href":"https:\/\/www.czechcyclingfederation.com\/en\/wp-json\/wp\/v2\/posts\/27430","targetHints":{"allow":["GET"]}}],"collection":[{"href":"https:\/\/www.czechcyclingfederation.com\/en\/wp-json\/wp\/v2\/posts"}],"about":[{"href":"https:\/\/www.czechcyclingfederation.com\/en\/wp-json\/wp\/v2\/types\/post"}],"author":[{"embeddable":true,"href":"https:\/\/www.czechcyclingfederation.com\/en\/wp-json\/wp\/v2\/users\/15"}],"replies":[{"embeddable":true,"href":"https:\/\/www.czechcyclingfederation.com\/en\/wp-json\/wp\/v2\/comments?post=27430"}],"version-history":[{"count":1,"href":"https:\/\/www.czechcyclingfederation.com\/en\/wp-json\/wp\/v2\/posts\/27430\/revisions"}],"predecessor-version":[{"id":27435,"href":"https:\/\/www.czechcyclingfederation.com\/en\/wp-json\/wp\/v2\/posts\/27430\/revisions\/27435"}],"wp:featuredmedia":[{"embeddable":true,"href":"https:\/\/www.czechcyclingfederation.com\/en\/wp-json\/wp\/v2\/media\/27433"}],"wp:attachment":[{"href":"https:\/\/www.czechcyclingfederation.com\/en\/wp-json\/wp\/v2\/media?parent=27430"}],"wp:term":[{"taxonomy":"category","embeddable":true,"href":"https:\/\/www.czechcyclingfederation.com\/en\/wp-json\/wp\/v2\/categories?post=27430"},{"taxonomy":"post_tag","embeddable":true,"href":"https:\/\/www.czechcyclingfederation.com\/en\/wp-json\/wp\/v2\/tags?post=27430"}],"curies":[{"name":"wp","href":"https:\/\/api.w.org\/{rel}","templated":true}]}}