{"id":27425,"date":"2023-10-01T18:56:42","date_gmt":"2023-10-01T16:56:42","guid":{"rendered":"https:\/\/www.czechcyclingfederation.com\/?p=27425"},"modified":"2023-10-01T18:56:45","modified_gmt":"2023-10-01T16:56:45","slug":"neuzil-ovladl-dva-posledni-zavody-bmx-i-celkove-poradi","status":"publish","type":"post","link":"https:\/\/www.czechcyclingfederation.com\/en\/neuzil-ovladl-dva-posledni-zavody-bmx-i-celkove-poradi\/","title":{"rendered":"Neu\u017eil ovl\u00e1dl dva posledn\u00ed z\u00e1vody BMX i celkov\u00e9 po\u0159ad\u00ed"},"content":{"rendered":"\n<p>Dva z\u00e1v\u011bre\u010dn\u00e9, dev\u00e1t\u00fd a des\u00e1t\u00fd z\u00e1vod SAZKA \u010cesk\u00e9ho poh\u00e1ru v bikrosu, se uskute\u010dnily o v\u00edkend na dr\u00e1ze v Pardubic\u00edch. A po absenci v p\u0159ede\u0161l\u00fdch z\u00e1vodech v T\u0159inci se op\u011bt postavil na start Marek Neu\u017eil (TJ Slovan Bohnice-BMX) a op\u011bt nena\u0161el p\u0159emo\u017eitele.<\/p>\n\n\n\n<p>Z&nbsp;celkov\u00fdch osmi start\u016f sedmkr\u00e1t kraloval, jednou po p\u00e1du skon\u010dil ve fin\u00e1le osm\u00fd a zcela jasn\u011b ovl\u00e1dl celkov\u00e9 po\u0159ad\u00ed. Druh\u00fd skon\u010dil celkov\u011b Jakub Veseck\u00fd (SC BMX Ben\u00e1tky) a t\u0159et\u00ed Jakub Klement z SK Jantar Opava.<\/p>\n\n\n\n<p>Celkem se v Pardubic\u00edch p\u0159edstavilo v sobotu 270 jezdc\u016f, v ned\u011bli jelo 250 biker\u016f.<\/p>\n\n\n\n<p>V sobotn\u00edm z\u00e1vodu byl druh\u00fd Jakub Cidlinsk\u00fd (SC BMX Ben\u00e1tky) a t\u0159et\u00ed Jakub Veseck\u00fd (SC BMX Ben\u00e1tky). V ned\u011bli za Neu\u017eilem skon\u010dili Cidlinsk\u00fd a t\u0159et\u00ed Adam B\u00e1bek z Bike team Uni\u010dov.<\/p>\n\n\n\n<p>V\u00fdsledky:<\/p>\n\n\n\n<p>9. z\u00e1vod:<\/p>\n\n\n\n<p>1. Neu\u017eil (TJ Slovan Bohnice-BMX), 2. Cidlinsk\u00fd (SC BMX Ben\u00e1tky), 3. Veseck\u00fd (SC BMX Ben\u00e1tky), 4. Chalupn\u00fd (Bike team Uni\u010dov), 5. Polesk\u00fd (Bikrosclub \u0158epy), 6. B\u00e1bek (Bike team Uni\u010dov), 7. Huf (Utopia bikes Z\u00e1b\u0159eh), 8. Klement (SK Jantar Opava).<\/p>\n\n\n\n<p>10. z\u00e1vod:<\/p>\n\n\n\n<p>1. Neu\u017eil, 2. Cidlinsk\u00fd, 3. B\u00e1bek, 4.&nbsp; Veseck\u00fd, 5. Chalupn\u00fd, 6 Polesn\u00fd, 7. \u0160vub (Bikros Klub Jesen\u00edk), 8. Klement.<\/p>\n\n\n\n<p>Kone\u010dn\u00e9 po\u0159ad\u00ed:<\/p>\n\n\n\n<p>1. Neu\u017eil 354, 2. Veseck\u00fd 324, 3. Klement 311, 4. Polesn\u00fd 280, 5. Chalupn\u00fd 243, 6. B\u00e1bek 240, 7. Huf 216, 8. Sokol (TJ BMX Pardubice) 142.<\/p>\n\n\n\n<p>FOTO Nico van Dartel<\/p>\n","protected":false},"excerpt":{"rendered":"<p>Dva z\u00e1v\u011bre\u010dn\u00e9, dev\u00e1t\u00fd a des\u00e1t\u00fd z\u00e1vod SAZKA \u010cesk\u00e9ho poh\u00e1ru v bikrosu, se uskute\u010dnily o v\u00edkend na dr\u00e1ze v Pardubic\u00edch. A po absenci v p\u0159ede\u0161l\u00fdch z\u00e1vodech v T\u0159inci se op\u011bt postavil na start Marek Neu\u017eil (TJ Slovan Bohnice-BMX) a op\u011bt nena\u0161el p\u0159emo\u017eitele. Z&nbsp;celkov\u00fdch osmi start\u016f sedmkr\u00e1t kraloval, jednou po p\u00e1du skon\u010dil ve fin\u00e1le osm\u00fd a zcela [&hellip;]<\/p>\n","protected":false},"author":8,"featured_media":27426,"comment_status":"closed","ping_status":"open","sticky":false,"template":"","format":"standard","meta":{"footnotes":""},"categories":[57,2],"tags":[55],"class_list":["post-27425","post","type-post","status-publish","format-standard","has-post-thumbnail","hentry","category-bmx","category-novinky","tag-bmx"],"_links":{"self":[{"href":"https:\/\/www.czechcyclingfederation.com\/en\/wp-json\/wp\/v2\/posts\/27425","targetHints":{"allow":["GET"]}}],"collection":[{"href":"https:\/\/www.czechcyclingfederation.com\/en\/wp-json\/wp\/v2\/posts"}],"about":[{"href":"https:\/\/www.czechcyclingfederation.com\/en\/wp-json\/wp\/v2\/types\/post"}],"author":[{"embeddable":true,"href":"https:\/\/www.czechcyclingfederation.com\/en\/wp-json\/wp\/v2\/users\/8"}],"replies":[{"embeddable":true,"href":"https:\/\/www.czechcyclingfederation.com\/en\/wp-json\/wp\/v2\/comments?post=27425"}],"version-history":[{"count":1,"href":"https:\/\/www.czechcyclingfederation.com\/en\/wp-json\/wp\/v2\/posts\/27425\/revisions"}],"predecessor-version":[{"id":27428,"href":"https:\/\/www.czechcyclingfederation.com\/en\/wp-json\/wp\/v2\/posts\/27425\/revisions\/27428"}],"wp:featuredmedia":[{"embeddable":true,"href":"https:\/\/www.czechcyclingfederation.com\/en\/wp-json\/wp\/v2\/media\/27426"}],"wp:attachment":[{"href":"https:\/\/www.czechcyclingfederation.com\/en\/wp-json\/wp\/v2\/media?parent=27425"}],"wp:term":[{"taxonomy":"category","embeddable":true,"href":"https:\/\/www.czechcyclingfederation.com\/en\/wp-json\/wp\/v2\/categories?post=27425"},{"taxonomy":"post_tag","embeddable":true,"href":"https:\/\/www.czechcyclingfederation.com\/en\/wp-json\/wp\/v2\/tags?post=27425"}],"curies":[{"name":"wp","href":"https:\/\/api.w.org\/{rel}","templated":true}]}}