{"id":27334,"date":"2023-09-24T17:48:52","date_gmt":"2023-09-24T15:48:52","guid":{"rendered":"https:\/\/www.czechcyclingfederation.com\/?p=27334"},"modified":"2023-09-24T17:48:54","modified_gmt":"2023-09-24T15:48:54","slug":"otruba-vyhral-finale-v-lovosicich-i-cely-skoda-cup","status":"publish","type":"post","link":"https:\/\/www.czechcyclingfederation.com\/en\/otruba-vyhral-finale-v-lovosicich-i-cely-skoda-cup\/","title":{"rendered":"Otruba vyhr\u00e1l fin\u00e1le v\u00a0Lovosic\u00edch i cel\u00fd \u0160koda Cup"},"content":{"rendered":"\n<p><strong>Jakub Otruba<\/strong> z&nbsp;t\u00fdmu ATT Investments vyhr\u00e1l fin\u00e1lov\u00fd z\u00e1vod \u010cesk\u00e9ho poh\u00e1ru v&nbsp;silni\u010dn\u00ed cyklistice \u0160koda Cupu v&nbsp;Lovosic\u00edch a stal se i celkov\u00fdm v\u00edt\u011bzem seri\u00e1lu.<\/p>\n\n\n\n<p><em>\u201eSplnili jsme jedin\u00fd c\u00edl, se kter\u00fdm jsme do fin\u00e1le poh\u00e1ru \u0161li. Byl to z&nbsp;na\u0161\u00ed strany super z\u00e1vod. Cht\u011bli jsme ho ud\u011blat co nejt\u011b\u017e\u0161\u00ed hned od startu, ale ve fin\u00e1le n\u00e1m tam z\u016fstali lidi, kter\u00e9 jsme tam \u00fapln\u011b nepot\u0159ebovali. Tak\u017ee to nakonec rozhodl a\u017e samotn\u00fd z\u00e1v\u011br,\u201c<\/em> popsal Otruba.<\/p>\n\n\n\n<figure class=\"wp-block-image size-large\"><img loading=\"lazy\" decoding=\"async\" width=\"1024\" height=\"681\" src=\"https:\/\/www.czechcyclingfederation.com\/wp-content\/uploads\/2023\/09\/IMG-20230924-WA0004-1024x681.jpg\" alt=\"\" class=\"wp-image-27339\" srcset=\"https:\/\/www.czechcyclingfederation.com\/wp-content\/uploads\/2023\/09\/IMG-20230924-WA0004-1024x681.jpg 1024w, https:\/\/www.czechcyclingfederation.com\/wp-content\/uploads\/2023\/09\/IMG-20230924-WA0004-300x200.jpg 300w, https:\/\/www.czechcyclingfederation.com\/wp-content\/uploads\/2023\/09\/IMG-20230924-WA0004-768x511.jpg 768w, https:\/\/www.czechcyclingfederation.com\/wp-content\/uploads\/2023\/09\/IMG-20230924-WA0004-1536x1021.jpg 1536w, https:\/\/www.czechcyclingfederation.com\/wp-content\/uploads\/2023\/09\/IMG-20230924-WA0004-1320x878.jpg 1320w, https:\/\/www.czechcyclingfederation.com\/wp-content\/uploads\/2023\/09\/IMG-20230924-WA0004.jpg 1600w\" sizes=\"auto, (max-width: 1024px) 100vw, 1024px\" \/><\/figure>\n\n\n\n<p>Kl\u00ed\u010dov\u00fd moment z\u00e1vodu p\u0159i\u0161el, kdy se na \u010dele utvo\u0159ila \u0161esti\u010dlenn\u00e1 skupina, kde byl krom\u011b Otruby jeho st\u00e1jov\u00fd kolega <strong>Karel Camrda<\/strong>, jezdci st\u00e1je Elkov Kasper <strong>Adam \u0164oupal\u00edk<\/strong> a <strong>Daniel Mr\u00e1z, Michael Kukrle<\/strong> (Felbermayr Simplon Wels) a <strong>Martin Voltr<\/strong> (RRK group &#8211; PierreBaguette \u2013 Benzinol).<\/p>\n\n\n\n<p>V&nbsp;posledn\u00edm stoup\u00e1n\u00ed atakovala trojice Otruba, \u0164oupal\u00edk a Kukrle, postupn\u011b se na n\u011b ale dot\u00e1hli i Voltr a Camrda. Zanedlouho p\u0159i\u0161el dal\u0161\u00ed n\u00e1stup a ten u\u017e byl kl\u00ed\u010dov\u00fd.<\/p>\n\n\n\n<figure class=\"wp-block-image size-large\"><img loading=\"lazy\" decoding=\"async\" width=\"1024\" height=\"681\" src=\"https:\/\/www.czechcyclingfederation.com\/wp-content\/uploads\/2023\/09\/IMG-20230924-WA0009-1024x681.jpg\" alt=\"\" class=\"wp-image-27341\" srcset=\"https:\/\/www.czechcyclingfederation.com\/wp-content\/uploads\/2023\/09\/IMG-20230924-WA0009-1024x681.jpg 1024w, https:\/\/www.czechcyclingfederation.com\/wp-content\/uploads\/2023\/09\/IMG-20230924-WA0009-300x200.jpg 300w, https:\/\/www.czechcyclingfederation.com\/wp-content\/uploads\/2023\/09\/IMG-20230924-WA0009-768x511.jpg 768w, https:\/\/www.czechcyclingfederation.com\/wp-content\/uploads\/2023\/09\/IMG-20230924-WA0009-1536x1021.jpg 1536w, https:\/\/www.czechcyclingfederation.com\/wp-content\/uploads\/2023\/09\/IMG-20230924-WA0009-1320x878.jpg 1320w, https:\/\/www.czechcyclingfederation.com\/wp-content\/uploads\/2023\/09\/IMG-20230924-WA0009.jpg 1600w\" sizes=\"auto, (max-width: 1024px) 100vw, 1024px\" \/><\/figure>\n\n\n\n<p>Odjela trojice Otruba, \u0164oupal\u00edk a Voltr a pokra\u010dovali a\u017e do c\u00edle. Otrubovi za t\u00e9to situace sta\u010dilo skon\u010dit druh\u00fd, aby v&nbsp;kone\u010dn\u00e9m po\u0159ad\u00ed p\u0159esko\u010dil dosavadn\u00edho l\u00eddra Boro\u0161e (Elkov Kasper), kter\u00fd nemohl startovat kv\u016fli nemoci.<\/p>\n\n\n\n<p>Nakonec do\u0161lo na spurt, v&nbsp;n\u011bm\u017e m\u011bl v&nbsp;souboji s&nbsp;\u0164oupal\u00edkem o trochu v\u00edce sil Otruba, Voltr dojel s&nbsp;m\u00edrn\u00fdm odstupem za nimi. <em>\u201eMartin Voltr tahal cel\u00fd sjezd, tak jsem si v\u011b\u0159il, \u017ee bych mohl b\u00fdt druh\u00fd. No a \u017ee jsem ospurtoval Adama, to je kr\u00e1sn\u00fd bonus,\u201c<\/em> p\u0159iznal v\u00edt\u011bz.<\/p>\n\n\n\n<figure class=\"wp-block-image size-large\"><img loading=\"lazy\" decoding=\"async\" width=\"1024\" height=\"681\" src=\"https:\/\/www.czechcyclingfederation.com\/wp-content\/uploads\/2023\/09\/IMG-20230924-WA0008-1024x681.jpg\" alt=\"\" class=\"wp-image-27343\" srcset=\"https:\/\/www.czechcyclingfederation.com\/wp-content\/uploads\/2023\/09\/IMG-20230924-WA0008-1024x681.jpg 1024w, https:\/\/www.czechcyclingfederation.com\/wp-content\/uploads\/2023\/09\/IMG-20230924-WA0008-300x200.jpg 300w, https:\/\/www.czechcyclingfederation.com\/wp-content\/uploads\/2023\/09\/IMG-20230924-WA0008-768x511.jpg 768w, https:\/\/www.czechcyclingfederation.com\/wp-content\/uploads\/2023\/09\/IMG-20230924-WA0008-1536x1021.jpg 1536w, https:\/\/www.czechcyclingfederation.com\/wp-content\/uploads\/2023\/09\/IMG-20230924-WA0008-1320x878.jpg 1320w, https:\/\/www.czechcyclingfederation.com\/wp-content\/uploads\/2023\/09\/IMG-20230924-WA0008.jpg 1600w\" sizes=\"auto, (max-width: 1024px) 100vw, 1024px\" \/><\/figure>\n\n\n\n<p>I kategorii do 23 let ovl\u00e1dl t\u00fdm ATT Investments d\u00edky Karlu Camrdovi, kter\u00fd vyhr\u00e1l celkov\u00e9 po\u0159ad\u00ed p\u0159ed Martinem Voltrem a Tom\u00e1\u0161em Obdr\u017e\u00e1lkem (Elkov Kasper). Nejlep\u0161\u00edm t\u00fdmem je ATT Investments, nejlep\u0161\u00edm nov\u00e1\u010dkem Tom\u00e1\u0161 P\u0159idal (Elkov Kasper).<\/p>\n\n\n\n<figure class=\"wp-block-image size-large\"><img loading=\"lazy\" decoding=\"async\" width=\"1024\" height=\"681\" src=\"https:\/\/www.czechcyclingfederation.com\/wp-content\/uploads\/2023\/09\/IMG-20230924-WA0007-1024x681.jpg\" alt=\"\" class=\"wp-image-27345\" srcset=\"https:\/\/www.czechcyclingfederation.com\/wp-content\/uploads\/2023\/09\/IMG-20230924-WA0007-1024x681.jpg 1024w, https:\/\/www.czechcyclingfederation.com\/wp-content\/uploads\/2023\/09\/IMG-20230924-WA0007-300x200.jpg 300w, https:\/\/www.czechcyclingfederation.com\/wp-content\/uploads\/2023\/09\/IMG-20230924-WA0007-768x511.jpg 768w, https:\/\/www.czechcyclingfederation.com\/wp-content\/uploads\/2023\/09\/IMG-20230924-WA0007-1536x1021.jpg 1536w, https:\/\/www.czechcyclingfederation.com\/wp-content\/uploads\/2023\/09\/IMG-20230924-WA0007-1320x878.jpg 1320w, https:\/\/www.czechcyclingfederation.com\/wp-content\/uploads\/2023\/09\/IMG-20230924-WA0007.jpg 1600w\" sizes=\"auto, (max-width: 1024px) 100vw, 1024px\" \/><\/figure>\n\n\n\n<p><strong>V\u00fdsledky <\/strong>(152 km): 1. Otruba (ATT Inmvestments), 2. A. \u0164oupal\u00edk (Elkov Kasper) stejn\u00fd \u010das, 3. Voltr (RRK group &#8211; PierreBaguette &#8211; Benzinol) +2, 4. Camrda (ATT Inmvestments) +18, 5. Kukrle (Felbermayr Simplon Wels) +20, 6. Mr\u00e1z (Elkov Kasper) +2:33.<\/p>\n\n\n\n<p><strong>Kone\u010dn\u00e9 po\u0159ad\u00ed \u0160koda Cupu: <\/strong>1. Otruba 187, 2. Boro\u0161 169, 3. M. Zah\u00e1lka (oba Elkov Kasper) 150, 4. Van\u00ed\u010dek (\u010cEZ Cykloteam T\u00e1bor) 136, 5. \u0164oupal\u00edk 135, 6. Neuman (Elkov Kasper) 129.<\/p>\n\n\n\n<p>Foto: Jan Brychta<\/p>\n","protected":false},"excerpt":{"rendered":"<p>Jakub Otruba z&nbsp;t\u00fdmu ATT Investments vyhr\u00e1l fin\u00e1lov\u00fd z\u00e1vod \u010cesk\u00e9ho poh\u00e1ru v&nbsp;silni\u010dn\u00ed cyklistice \u0160koda Cupu v&nbsp;Lovosic\u00edch a stal se i celkov\u00fdm v\u00edt\u011bzem seri\u00e1lu. \u201eSplnili jsme jedin\u00fd c\u00edl, se kter\u00fdm jsme do fin\u00e1le poh\u00e1ru \u0161li. Byl to z&nbsp;na\u0161\u00ed strany super z\u00e1vod. Cht\u011bli jsme ho ud\u011blat co nejt\u011b\u017e\u0161\u00ed hned od startu, ale ve fin\u00e1le n\u00e1m tam z\u016fstali lidi, [&hellip;]<\/p>\n","protected":false},"author":15,"featured_media":27336,"comment_status":"closed","ping_status":"open","sticky":false,"template":"","format":"standard","meta":{"footnotes":""},"categories":[2,18],"tags":[11],"class_list":["post-27334","post","type-post","status-publish","format-standard","has-post-thumbnail","hentry","category-novinky","category-silnice","tag-silnice"],"_links":{"self":[{"href":"https:\/\/www.czechcyclingfederation.com\/en\/wp-json\/wp\/v2\/posts\/27334","targetHints":{"allow":["GET"]}}],"collection":[{"href":"https:\/\/www.czechcyclingfederation.com\/en\/wp-json\/wp\/v2\/posts"}],"about":[{"href":"https:\/\/www.czechcyclingfederation.com\/en\/wp-json\/wp\/v2\/types\/post"}],"author":[{"embeddable":true,"href":"https:\/\/www.czechcyclingfederation.com\/en\/wp-json\/wp\/v2\/users\/15"}],"replies":[{"embeddable":true,"href":"https:\/\/www.czechcyclingfederation.com\/en\/wp-json\/wp\/v2\/comments?post=27334"}],"version-history":[{"count":3,"href":"https:\/\/www.czechcyclingfederation.com\/en\/wp-json\/wp\/v2\/posts\/27334\/revisions"}],"predecessor-version":[{"id":27347,"href":"https:\/\/www.czechcyclingfederation.com\/en\/wp-json\/wp\/v2\/posts\/27334\/revisions\/27347"}],"wp:featuredmedia":[{"embeddable":true,"href":"https:\/\/www.czechcyclingfederation.com\/en\/wp-json\/wp\/v2\/media\/27336"}],"wp:attachment":[{"href":"https:\/\/www.czechcyclingfederation.com\/en\/wp-json\/wp\/v2\/media?parent=27334"}],"wp:term":[{"taxonomy":"category","embeddable":true,"href":"https:\/\/www.czechcyclingfederation.com\/en\/wp-json\/wp\/v2\/categories?post=27334"},{"taxonomy":"post_tag","embeddable":true,"href":"https:\/\/www.czechcyclingfederation.com\/en\/wp-json\/wp\/v2\/tags?post=27334"}],"curies":[{"name":"wp","href":"https:\/\/api.w.org\/{rel}","templated":true}]}}