{"id":27324,"date":"2023-09-24T16:20:52","date_gmt":"2023-09-24T14:20:52","guid":{"rendered":"https:\/\/www.czechcyclingfederation.com\/?p=27324"},"modified":"2023-09-25T09:56:41","modified_gmt":"2023-09-25T07:56:41","slug":"koblizek-ma-zlato-ve-scratchi-i-stihacim-zavodu","status":"publish","type":"post","link":"https:\/\/www.czechcyclingfederation.com\/en\/koblizek-ma-zlato-ve-scratchi-i-stihacim-zavodu\/","title":{"rendered":"Kobl\u00ed\u017eek m\u00e1 zlato ve scratchi i st\u00edhac\u00edm z\u00e1vodu"},"content":{"rendered":"\n<p>Dv\u011b zlat\u00e9 medaile vybojoval v z\u00e1v\u011bre\u010dn\u00fd den dom\u00e1c\u00edho dr\u00e1hov\u00e9ho \u0161ampion\u00e1tu &#8211; \u0160KODA Cupu v Prost\u011bjov\u011b dom\u00e1c\u00ed mlad\u00edk Maty\u00e1\u0161 Kobl\u00ed\u017eek. Nejlep\u0161\u00ed byl ve scratchi a ve velice vyrovnan\u00e9m fin\u00e1le porazil t\u011bsn\u011b ve st\u00edhac\u00edm z\u00e1vodu na 4 km Adama K\u0159enka (TJ Favorit Brno) 4:44,554, bronz z\u00edskal Radovan \u0160tec (Israel Premiet Tech). Ve scratchi bral st\u0159\u00edbro K\u0159enek, t\u0159et\u00ed byl \u0160t\u011bp\u00e1n \u0160irok\u00fd (TJ Favorit Brno).<\/p>\n\n\n\n<p>Z\u00e1vodnice Dukly Praha kralovaly ve scratchi i st\u00edha\u010dce. Zlato ve st\u00edhac\u00edm z\u00e1vodu m\u00e1 Kate\u0159ina Kohoutkov\u00e1 4:02,611, ve fin\u00e1le si poradila s Petrou \u0160ev\u010d\u00edkovou, t\u0159et\u00ed byla Hana He\u0159manovsk\u00e1 (Team ECW). Ta skon\u010dila druh\u00e1 za \u0160ev\u010d\u00edkovou ve scratchi, bronzov\u00e1 byla Kohoutkov\u00e1.<\/p>\n\n\n\n<p>V\u00fdsledky:<\/p>\n\n\n\n<p>\u017deny:<\/p>\n\n\n\n<p>St\u00edhac\u00ed z\u00e1vod:<\/p>\n\n\n\n<p>Fin\u00e1le: Kohoutkov\u00e1 4:02,611 &#8211; \u0160ev\u010d\u00edkov\u00e1 (ob\u011b Dukla Praha) 4:08,501, o 3. m\u00edsto: He\u0159manovsk\u00e1 (Team ECW) 4:07,014 &#8211; B\u00e1rtov\u00e1 (Dukla Praha) 3:59,106.<\/p>\n\n\n\n<p>Scratch:<\/p>\n\n\n\n<p>1. \u0160ev\u010d\u00edkov\u00e1, 2. He\u0159manovsk\u00e1, 3. Kohoutkov\u00e1, 4. Barton\u00edkov\u00e1, 5. B\u00e1rtov\u00e1, 6. Runtov\u00e1 (Dukla Praha).<\/p>\n\n\n\n<p>St\u00edhac\u00ed z\u00e1vod dru\u017estev:<\/p>\n\n\n\n<p>1. Barton\u00edkov\u00e1, B\u00e1rtov\u00e1, Kohoutkov\u00e1, \u0160ev\u010d\u00edkov\u00e1 (Dukla Praha) 5:12,619.<\/p>\n\n\n\n<p>Mu\u017ei:<\/p>\n\n\n\n<p>St\u00edhac\u00ed z\u00e1vod:<\/p>\n\n\n\n<p>Fin\u00e1le: Kobl\u00ed\u017eek (TUFO Pardus Prost\u011bjov) 4:44,194 &#8211; K\u0159enek (TJ Favorit Brno) 4:44,554, o 3. m\u00edsto: \u0160tec (Israel Premiet Tech) 4:49,615 &#8211; Vone\u0161 (TUFO Pardus Prost\u011bjov) 4:47,958.<\/p>\n\n\n\n<p>Scratch:<\/p>\n\n\n\n<p>1. M. Kobl\u00ed\u017eek, 2. K\u0159enek, 3. \u0160irok\u00fd (TJ Favorit Brno) 4. \u0160tec, 5. Vone\u0161, 6. Van\u00ed\u010dek (TJ Favorit Brno).<\/p>\n\n\n\n<p>Kadeti:<\/p>\n\n\n\n<p>Madison:<\/p>\n\n\n\n<p>1. Richter, Mat\u011bjek (Dukla Brno\/TJ Favorit Brno) 65, 2. la Carbonara, Va\u0161ina (TJ Favorit Brno) 48, 3. Frajbi\u0161, Icha (Dukla Praha) 23.<\/p>\n\n\n\n<p>\u017d\u00e1ci:<\/p>\n\n\n\n<p>Madison:<\/p>\n\n\n\n<p>1. Ciboch, Hasal (Rexonic KOVO Praha) 34, 2. Brad\u00e1\u010d, Strakat\u00fd (Dukla Praha) 33, 3. Dedek, Kani\u0161\u010dev (TUFO Pardus Prost\u011bjov) 18.<\/p>\n\n\n\n<p>Kadetky:<\/p>\n\n\n\n<p>Madison:<\/p>\n\n\n\n<p>1. Strakat\u00e1, Hermanov\u00e1 (Dukla Praha\/Sportcomplex B\u0159eclav) 41, 2. E. Lazarov\u00e1, Jaro\u0161ov\u00e1 (Dukla Brno) 29, 3. Bene\u0161ov\u00e1, N\u011bmcov\u00e1 (Sportcomplex B\u0159eclav) 16.<\/p>\n\n\n\n<figure class=\"wp-block-image size-full\"><img loading=\"lazy\" decoding=\"async\" width=\"640\" height=\"427\" src=\"https:\/\/www.czechcyclingfederation.com\/wp-content\/uploads\/2023\/09\/MC_R-scratch-z_eny.jpeg\" alt=\"\" class=\"wp-image-27327\" srcset=\"https:\/\/www.czechcyclingfederation.com\/wp-content\/uploads\/2023\/09\/MC_R-scratch-z_eny.jpeg 640w, https:\/\/www.czechcyclingfederation.com\/wp-content\/uploads\/2023\/09\/MC_R-scratch-z_eny-300x200.jpeg 300w\" sizes=\"auto, (max-width: 640px) 100vw, 640px\" \/><\/figure>\n\n\n\n<figure class=\"wp-block-image size-full\"><img loading=\"lazy\" decoding=\"async\" width=\"640\" height=\"384\" src=\"https:\/\/www.czechcyclingfederation.com\/wp-content\/uploads\/2023\/09\/MC_R-Proste_jov.jpeg\" alt=\"\" class=\"wp-image-27329\" srcset=\"https:\/\/www.czechcyclingfederation.com\/wp-content\/uploads\/2023\/09\/MC_R-Proste_jov.jpeg 640w, https:\/\/www.czechcyclingfederation.com\/wp-content\/uploads\/2023\/09\/MC_R-Proste_jov-300x180.jpeg 300w\" sizes=\"auto, (max-width: 640px) 100vw, 640px\" \/><\/figure>\n\n\n\n<figure class=\"wp-block-image size-full\"><img loading=\"lazy\" decoding=\"async\" width=\"640\" height=\"426\" src=\"https:\/\/www.czechcyclingfederation.com\/wp-content\/uploads\/2023\/09\/MC_R-scratch-muz_i.jpeg\" alt=\"\" class=\"wp-image-27331\" srcset=\"https:\/\/www.czechcyclingfederation.com\/wp-content\/uploads\/2023\/09\/MC_R-scratch-muz_i.jpeg 640w, https:\/\/www.czechcyclingfederation.com\/wp-content\/uploads\/2023\/09\/MC_R-scratch-muz_i-300x200.jpeg 300w\" sizes=\"auto, (max-width: 640px) 100vw, 640px\" \/><\/figure>\n","protected":false},"excerpt":{"rendered":"<p>Dv\u011b zlat\u00e9 medaile vybojoval v z\u00e1v\u011bre\u010dn\u00fd den dom\u00e1c\u00edho dr\u00e1hov\u00e9ho \u0161ampion\u00e1tu &#8211; \u0160KODA Cupu v Prost\u011bjov\u011b dom\u00e1c\u00ed mlad\u00edk Maty\u00e1\u0161 Kobl\u00ed\u017eek. Nejlep\u0161\u00ed byl ve scratchi a ve velice vyrovnan\u00e9m fin\u00e1le porazil t\u011bsn\u011b ve st\u00edhac\u00edm z\u00e1vodu na 4 km Adama K\u0159enka (TJ Favorit Brno) 4:44,554, bronz z\u00edskal Radovan \u0160tec (Israel Premiet Tech). Ve scratchi bral st\u0159\u00edbro K\u0159enek, t\u0159et\u00ed [&hellip;]<\/p>\n","protected":false},"author":8,"featured_media":27363,"comment_status":"closed","ping_status":"open","sticky":false,"template":"","format":"standard","meta":{"footnotes":""},"categories":[54,2],"tags":[9],"class_list":["post-27324","post","type-post","status-publish","format-standard","has-post-thumbnail","hentry","category-draha","category-novinky","tag-draha"],"_links":{"self":[{"href":"https:\/\/www.czechcyclingfederation.com\/en\/wp-json\/wp\/v2\/posts\/27324","targetHints":{"allow":["GET"]}}],"collection":[{"href":"https:\/\/www.czechcyclingfederation.com\/en\/wp-json\/wp\/v2\/posts"}],"about":[{"href":"https:\/\/www.czechcyclingfederation.com\/en\/wp-json\/wp\/v2\/types\/post"}],"author":[{"embeddable":true,"href":"https:\/\/www.czechcyclingfederation.com\/en\/wp-json\/wp\/v2\/users\/8"}],"replies":[{"embeddable":true,"href":"https:\/\/www.czechcyclingfederation.com\/en\/wp-json\/wp\/v2\/comments?post=27324"}],"version-history":[{"count":1,"href":"https:\/\/www.czechcyclingfederation.com\/en\/wp-json\/wp\/v2\/posts\/27324\/revisions"}],"predecessor-version":[{"id":27333,"href":"https:\/\/www.czechcyclingfederation.com\/en\/wp-json\/wp\/v2\/posts\/27324\/revisions\/27333"}],"wp:featuredmedia":[{"embeddable":true,"href":"https:\/\/www.czechcyclingfederation.com\/en\/wp-json\/wp\/v2\/media\/27363"}],"wp:attachment":[{"href":"https:\/\/www.czechcyclingfederation.com\/en\/wp-json\/wp\/v2\/media?parent=27324"}],"wp:term":[{"taxonomy":"category","embeddable":true,"href":"https:\/\/www.czechcyclingfederation.com\/en\/wp-json\/wp\/v2\/categories?post=27324"},{"taxonomy":"post_tag","embeddable":true,"href":"https:\/\/www.czechcyclingfederation.com\/en\/wp-json\/wp\/v2\/tags?post=27324"}],"curies":[{"name":"wp","href":"https:\/\/api.w.org\/{rel}","templated":true}]}}