{"id":27313,"date":"2023-09-23T19:12:06","date_gmt":"2023-09-23T17:12:06","guid":{"rendered":"https:\/\/www.czechcyclingfederation.com\/?p=27313"},"modified":"2023-09-23T23:14:29","modified_gmt":"2023-09-23T21:14:29","slug":"neumanova-na-me-osmadvacata","status":"publish","type":"post","link":"https:\/\/www.czechcyclingfederation.com\/en\/neumanova-na-me-osmadvacata\/","title":{"rendered":"Neumanov\u00e1 na ME osmadvac\u00e1t\u00e1"},"content":{"rendered":"\n<p>Tereza Neumanov\u00e1&nbsp;dojela&nbsp;jako nejlep\u0161\u00ed \u010desk\u00e1 reprezentantka na mistrovstv\u00ed Evropy v&nbsp;silni\u010dn\u00ed cyklistice v&nbsp;Nizozemsku p\u0159i z\u00e1vod\u011b s&nbsp;hromadn\u00fdm startem&nbsp;osmadvac\u00e1t\u00e1. \u00da\u0159aduj\u00edc\u00ed \u010desk\u00e1 \u0161ampionka Jarmila Macha\u010dov\u00e1 z\u00e1vod nedokon\u010dila, Nikola&nbsp;Bajgerov\u00e1&nbsp;byla klasifikov\u00e1na na&nbsp;coby osma\u0161edes\u00e1t\u00e1.<\/p>\n\n\n\n<p>Novou evropskou \u0161ampionkou je&nbsp;Mischa&nbsp;Bredewoldz&nbsp;Nizozemska, kter\u00e1 z\u00e1vod ovl\u00e1dla po \u00faniku v&nbsp;posledn\u00edm okruhu.&nbsp;Pro nizozemskou z\u00e1vodnici se jednalo&nbsp;o sedm\u00e9 profesion\u00e1ln\u00ed v\u00edt\u011bzstv\u00ed v&nbsp;kari\u00e9\u0159e.&nbsp;Nav\u00edc prodlou\u017eila dominanci Nizozemska, kter\u00e9 m\u00e1 sedm z&nbsp;osmi dosud ud\u011blen\u00fdch titul\u016f.<\/p>\n\n\n\n<p>Mischa&nbsp;Bredewold&nbsp;se&nbsp;stala&nbsp;nejmlad\u0161\u00ed v\u00edt\u011bzkou v&nbsp;historii mistrovstv\u00ed Evropy \u017een. V&nbsp;sobotu j\u00ed bylo pouh\u00fdch t\u0159iadvacet let a 95 dn\u016f. P\u0159ekonala tak krajanku&nbsp;Lorenu&nbsp;Wiebes, kter\u00e9 bylo minul\u00fd rok p\u0159i zisku trikotu \u0161ampionky star\u00e9ho kontinentu o&nbsp;63 dn\u016f v\u00edce.<\/p>\n\n\n\n<p>Rovinat\u00fd z\u00e1vod na&nbsp;129,6 kilometr\u016f s&nbsp;p\u0159ev\u00fd\u0161en\u00edm 452 metr\u016f zvl\u00e1dla v\u00edt\u011bzka pr\u016fm\u011brem 42,215 kilometr\u016f v&nbsp;hodin\u011b.&nbsp;Z&nbsp;hlavn\u00edho pole unikla deset kilometr\u016f p\u0159ed c\u00edlem. Vybudovala si slu\u0161n\u00fd n\u00e1skok i proto, \u017ee mezi skupinou pron\u00e1sledovatelek&nbsp;m\u011bla \u0159adu krajanek, kter\u00e9 tempo sp\u00ed\u0161e naru\u0161ovaly.<\/p>\n\n\n\n<p>Pro mladou nizozemskou&nbsp;z\u00e1vodnici&nbsp;jde o \u017eivotn\u00ed \u00fasp\u011bch. P\u0159ed p\u011bti lety ji srazil n\u00e1kladn\u00ed automobil. Utrp\u011bla zran\u011bn\u00ed mozku,&nbsp;zlomeninu t\u0159\u00ed obratl\u016f, \u0161esti \u017eeber a p\u00e1nve. Ale po n\u00e1ro\u010dn\u00e9 rehabilitaci se vr\u00e1tila k&nbsp;cyklistice a od roku 2020 z\u00e1vod\u00ed profesion\u00e1ln\u011b.<\/p>\n\n\n\n<p>Nejlep\u0161\u00ed z&nbsp;\u010desk\u00fdch z\u00e1vodnic fini\u0161ovala osmadvac\u00e1t\u00e1 Tereza Neumanov\u00e1 se ztr\u00e1tou 1:54 minuty na v\u00edt\u011bzku.&nbsp;Nikola&nbsp;Bajgerov\u00e1&nbsp;dojela osma\u0161edes\u00e1t\u00e1 se ztr\u00e1tou t\u00e9m\u011b\u0159 dev\u011bt minut.<\/p>\n\n\n\n<p>\u201eMacha\u010dov\u00e9 z\u00e1vod nesedl. Neumanov\u00e9 chyb\u011blo v&nbsp;rozhoduj\u00edc\u00edm okam\u017eiku p\u00e1r metr\u016f, aby se udr\u017eela v&nbsp;prvn\u00ed nebo druh\u00e9 skupin\u011b. V\u00fdsledky kop\u00edruj\u00ed realitu,\u201c hodnotil vystoupen\u00ed \u017een na mistrovstv\u00ed Evropy Ren\u00e9 Andrle, reprezenta\u010dn\u00ed tren\u00e9r.<\/p>\n\n\n\n<p>V&nbsp;z\u00e1vod\u011b junior\u016f se \u010desk\u00fdm nad\u011bj\u00edm nepoda\u0159ilo proniknout mezi \u00faplnou elitu. Nejlep\u0161\u00ed byl \u010dty\u0159iadvac\u00e1t\u00fd&nbsp;Pavel&nbsp;\u0160ump\u00edk. Do prvn\u00ed pades\u00e1tky se ve\u0161li je\u0161t\u011b \u0160t\u011bp\u00e1n Zah\u00e1lka a Martin B\u00e1rta.<\/p>\n\n\n\n<p>\u201eNa\u0161\u00edm l\u00eddrem pro z\u00e1vod junior\u016f byl Kr\u00e1l. Dr\u017eel se celou dobu v&nbsp;prvn\u00ed des\u00edtce, ale dv\u011b kola p\u0159ed koncem m\u011bl p\u00e1d. Spadl na hlavu, rozbil helmu a zdemoloval kolo. Nemohl pokra\u010dovat. M\u011bli jsme to dob\u0159e rozjet\u00e9, tak\u017ee panovala nespokojenost,\u201c posteskl si Ren\u00e9 Andrle.<\/p>\n\n\n\n<p><strong>V\u00fdsledky &#8211; \u017eeny<\/strong><strong>&nbsp;<\/strong><strong>elite<\/strong><strong>&nbsp;(129,6 km)<\/strong>: 1.&nbsp;Bredewoldov\u00e1&nbsp;3:04:12, 2.&nbsp;Wiebesov\u00e1&nbsp;(ob\u011b&nbsp;Niz.), 3. Kopeck\u00e1 (Belg.) ob\u011b&nbsp;+4, &#8230;28. Neumanov\u00e1&nbsp;+1:54, 68.&nbsp;Bajgerov\u00e1&nbsp;+8:52, Macha\u010dov\u00e1 (v\u0161echny \u010cR) nedokon\u010dila.<\/p>\n\n\n\n<p><strong>Junio\u0159i (111 km<\/strong>): 1.&nbsp;Ravbar&nbsp;(Slovin.) 2:38:50, 2.&nbsp;Grisel&nbsp;(Fr.), 3.&nbsp;Er\u017een&nbsp;(Slovin.) oba&nbsp;+2, &#8230;24.&nbsp;\u0160ump\u00edk&nbsp;+10, 42. Zah\u00e1lka, 46. M. B\u00e1rta oba&nbsp;+20, 82. Poda\u0159il&nbsp;+5:26, Kr\u00e1l, Rube\u0161 (v\u0161ichni \u010cR) nedokon\u010dili.<\/p>\n","protected":false},"excerpt":{"rendered":"<p>Tereza Neumanov\u00e1&nbsp;dojela&nbsp;jako nejlep\u0161\u00ed \u010desk\u00e1 reprezentantka na mistrovstv\u00ed Evropy v&nbsp;silni\u010dn\u00ed cyklistice v&nbsp;Nizozemsku p\u0159i z\u00e1vod\u011b s&nbsp;hromadn\u00fdm startem&nbsp;osmadvac\u00e1t\u00e1. \u00da\u0159aduj\u00edc\u00ed \u010desk\u00e1 \u0161ampionka Jarmila Macha\u010dov\u00e1 z\u00e1vod nedokon\u010dila, Nikola&nbsp;Bajgerov\u00e1&nbsp;byla klasifikov\u00e1na na&nbsp;coby osma\u0161edes\u00e1t\u00e1. Novou evropskou \u0161ampionkou je&nbsp;Mischa&nbsp;Bredewoldz&nbsp;Nizozemska, kter\u00e1 z\u00e1vod ovl\u00e1dla po \u00faniku v&nbsp;posledn\u00edm okruhu.&nbsp;Pro nizozemskou z\u00e1vodnici se jednalo&nbsp;o sedm\u00e9 profesion\u00e1ln\u00ed v\u00edt\u011bzstv\u00ed v&nbsp;kari\u00e9\u0159e.&nbsp;Nav\u00edc prodlou\u017eila dominanci Nizozemska, kter\u00e9 m\u00e1 sedm z&nbsp;osmi dosud ud\u011blen\u00fdch titul\u016f. [&hellip;]<\/p>\n","protected":false},"author":1,"featured_media":27319,"comment_status":"closed","ping_status":"open","sticky":false,"template":"","format":"standard","meta":{"footnotes":""},"categories":[2,18],"tags":[11],"class_list":["post-27313","post","type-post","status-publish","format-standard","has-post-thumbnail","hentry","category-novinky","category-silnice","tag-silnice"],"_links":{"self":[{"href":"https:\/\/www.czechcyclingfederation.com\/en\/wp-json\/wp\/v2\/posts\/27313","targetHints":{"allow":["GET"]}}],"collection":[{"href":"https:\/\/www.czechcyclingfederation.com\/en\/wp-json\/wp\/v2\/posts"}],"about":[{"href":"https:\/\/www.czechcyclingfederation.com\/en\/wp-json\/wp\/v2\/types\/post"}],"author":[{"embeddable":true,"href":"https:\/\/www.czechcyclingfederation.com\/en\/wp-json\/wp\/v2\/users\/1"}],"replies":[{"embeddable":true,"href":"https:\/\/www.czechcyclingfederation.com\/en\/wp-json\/wp\/v2\/comments?post=27313"}],"version-history":[{"count":2,"href":"https:\/\/www.czechcyclingfederation.com\/en\/wp-json\/wp\/v2\/posts\/27313\/revisions"}],"predecessor-version":[{"id":27323,"href":"https:\/\/www.czechcyclingfederation.com\/en\/wp-json\/wp\/v2\/posts\/27313\/revisions\/27323"}],"wp:featuredmedia":[{"embeddable":true,"href":"https:\/\/www.czechcyclingfederation.com\/en\/wp-json\/wp\/v2\/media\/27319"}],"wp:attachment":[{"href":"https:\/\/www.czechcyclingfederation.com\/en\/wp-json\/wp\/v2\/media?parent=27313"}],"wp:term":[{"taxonomy":"category","embeddable":true,"href":"https:\/\/www.czechcyclingfederation.com\/en\/wp-json\/wp\/v2\/categories?post=27313"},{"taxonomy":"post_tag","embeddable":true,"href":"https:\/\/www.czechcyclingfederation.com\/en\/wp-json\/wp\/v2\/tags?post=27313"}],"curies":[{"name":"wp","href":"https:\/\/api.w.org\/{rel}","templated":true}]}}