{"id":27300,"date":"2023-09-22T22:53:44","date_gmt":"2023-09-22T20:53:44","guid":{"rendered":"https:\/\/www.czechcyclingfederation.com\/?p=27300"},"modified":"2023-09-23T11:29:40","modified_gmt":"2023-09-23T09:29:40","slug":"sevcikova-druha-v-omniu-na-prilbe-moravy","status":"publish","type":"post","link":"https:\/\/www.czechcyclingfederation.com\/en\/sevcikova-druha-v-omniu-na-prilbe-moravy\/","title":{"rendered":"\u0160ev\u010d\u00edkov\u00e1 druh\u00e1 v omniu na P\u0159ilb\u011b Moravy"},"content":{"rendered":"\n<p>Druh\u00e9 m\u00edsto vybojovala Petra \u0160ev\u010d\u00edkov\u00e1 z Dukly Praha ve druh\u00e9m dnu z\u00e1vod\u016f Grand Prix Favorit &#8211; P\u0159ilba Moravy, je\u017e je sou\u010d\u00e1st\u00ed \u0160KODA Cupu a je za\u0159azen jako podnik do mezin\u00e1rodn\u00edho kalend\u00e1\u0159e UCI v nejvy\u0161\u0161\u00ed kategorii Class1, v olympijsk\u00e9 discipl\u00edn\u011b omniu. Nesta\u010dila pouze na Italku Martinu Alziniovou, p\u00e1t\u00e1 je\u0161t\u011b skon\u010dila druh\u00e1 cyklistka Dukly Praha Kate\u0159ina Kohoutkov\u00e1.<\/p>\n\n\n\n<figure class=\"wp-block-image size-large\"><img loading=\"lazy\" decoding=\"async\" width=\"1024\" height=\"681\" src=\"https:\/\/www.czechcyclingfederation.com\/wp-content\/uploads\/2023\/09\/BrychtaJan_GP_Favorit_Brno_Prilba_Moravy_20230922_134103_DSC_8508-1024x681.jpg\" alt=\"\" class=\"wp-image-27303\" srcset=\"https:\/\/www.czechcyclingfederation.com\/wp-content\/uploads\/2023\/09\/BrychtaJan_GP_Favorit_Brno_Prilba_Moravy_20230922_134103_DSC_8508-1024x681.jpg 1024w, https:\/\/www.czechcyclingfederation.com\/wp-content\/uploads\/2023\/09\/BrychtaJan_GP_Favorit_Brno_Prilba_Moravy_20230922_134103_DSC_8508-300x200.jpg 300w, https:\/\/www.czechcyclingfederation.com\/wp-content\/uploads\/2023\/09\/BrychtaJan_GP_Favorit_Brno_Prilba_Moravy_20230922_134103_DSC_8508-768x511.jpg 768w, https:\/\/www.czechcyclingfederation.com\/wp-content\/uploads\/2023\/09\/BrychtaJan_GP_Favorit_Brno_Prilba_Moravy_20230922_134103_DSC_8508-1536x1022.jpg 1536w, https:\/\/www.czechcyclingfederation.com\/wp-content\/uploads\/2023\/09\/BrychtaJan_GP_Favorit_Brno_Prilba_Moravy_20230922_134103_DSC_8508-1320x878.jpg 1320w, https:\/\/www.czechcyclingfederation.com\/wp-content\/uploads\/2023\/09\/BrychtaJan_GP_Favorit_Brno_Prilba_Moravy_20230922_134103_DSC_8508.jpg 2000w\" sizes=\"auto, (max-width: 1024px) 100vw, 1024px\" \/><\/figure>\n\n\n\n<p>I sout\u011b\u017e mu\u017e\u016f vyhr\u00e1l Ital &#8211; nejlep\u0161\u00ed ve startovn\u00edm poli byl Davide Boscaro. Nejlep\u0161\u00edm \u010cechem byl na sedm\u00e9m m\u00edst\u011b Radovan \u0160tec jezd\u00edc\u00ed v barv\u00e1ch st\u00e1le Israel Premier Tech Academy.<\/p>\n\n\n\n<p>V\u00fdsledky:<\/p>\n\n\n\n<p>Mu\u017ei:<\/p>\n\n\n\n<p>Omnium:<\/p>\n\n\n\n<p>1. Boscaro (It.) 128, 2. Schr\u00f6der (N\u011bm.) 128, 3. Donega (It.) 119, 4. Navas (\u0160p.) 97, 5. Parra (Kol.) 94, 6. Pszczolarski (Pol.\/TUFO Pardus Prost\u011bjov) 89, 7. \u0160tec (Israel Premier Tech Academy) 86.<\/p>\n\n\n\n<p>\u017deny:<\/p>\n\n\n\n<p>Omnium:<\/p>\n\n\n\n<p>1. Alziniov\u00e1 (It.) 137, 2. \u0160ev\u010d\u00edkov\u00e1 (Dukla Praha) 118, 3. Gomezov\u00e1 (Kol.) 117, &#8230;5. Kohoutkov\u00e1 (Dukla Praha) 109.<\/p>\n\n\n\n<p>Junio\u0159i:<\/p>\n\n\n\n<p>Omnium:<\/p>\n\n\n\n<p>1. Peterlin (Slovin.) 141, 2. Rich. Kobr (Roman Kreuziger Cycling Academy) 126, 3. Galdyn (Pol.) 119.<\/p>\n\n\n\n<p>FOTO Jan Brychta<\/p>\n\n\n\n<figure class=\"wp-block-image size-large\"><img loading=\"lazy\" decoding=\"async\" width=\"1024\" height=\"681\" src=\"https:\/\/www.czechcyclingfederation.com\/wp-content\/uploads\/2023\/09\/BrychtaJan_GP_Favorit_Brno_Prilba_Moravy_20230922_193757_DSC_9790-1024x681.jpg\" alt=\"\" class=\"wp-image-27305\" srcset=\"https:\/\/www.czechcyclingfederation.com\/wp-content\/uploads\/2023\/09\/BrychtaJan_GP_Favorit_Brno_Prilba_Moravy_20230922_193757_DSC_9790-1024x681.jpg 1024w, https:\/\/www.czechcyclingfederation.com\/wp-content\/uploads\/2023\/09\/BrychtaJan_GP_Favorit_Brno_Prilba_Moravy_20230922_193757_DSC_9790-300x200.jpg 300w, https:\/\/www.czechcyclingfederation.com\/wp-content\/uploads\/2023\/09\/BrychtaJan_GP_Favorit_Brno_Prilba_Moravy_20230922_193757_DSC_9790-768x511.jpg 768w, https:\/\/www.czechcyclingfederation.com\/wp-content\/uploads\/2023\/09\/BrychtaJan_GP_Favorit_Brno_Prilba_Moravy_20230922_193757_DSC_9790-1536x1022.jpg 1536w, https:\/\/www.czechcyclingfederation.com\/wp-content\/uploads\/2023\/09\/BrychtaJan_GP_Favorit_Brno_Prilba_Moravy_20230922_193757_DSC_9790-1320x878.jpg 1320w, https:\/\/www.czechcyclingfederation.com\/wp-content\/uploads\/2023\/09\/BrychtaJan_GP_Favorit_Brno_Prilba_Moravy_20230922_193757_DSC_9790.jpg 2000w\" sizes=\"auto, (max-width: 1024px) 100vw, 1024px\" \/><\/figure>\n\n\n\n<figure class=\"wp-block-image size-large\"><img loading=\"lazy\" decoding=\"async\" width=\"1024\" height=\"681\" src=\"https:\/\/www.czechcyclingfederation.com\/wp-content\/uploads\/2023\/09\/BrychtaJan_GP_Favorit_Brno_Prilba_Moravy_20230922_135117_DSC_8556-1024x681.jpg\" alt=\"\" class=\"wp-image-27307\" srcset=\"https:\/\/www.czechcyclingfederation.com\/wp-content\/uploads\/2023\/09\/BrychtaJan_GP_Favorit_Brno_Prilba_Moravy_20230922_135117_DSC_8556-1024x681.jpg 1024w, https:\/\/www.czechcyclingfederation.com\/wp-content\/uploads\/2023\/09\/BrychtaJan_GP_Favorit_Brno_Prilba_Moravy_20230922_135117_DSC_8556-300x200.jpg 300w, https:\/\/www.czechcyclingfederation.com\/wp-content\/uploads\/2023\/09\/BrychtaJan_GP_Favorit_Brno_Prilba_Moravy_20230922_135117_DSC_8556-768x511.jpg 768w, https:\/\/www.czechcyclingfederation.com\/wp-content\/uploads\/2023\/09\/BrychtaJan_GP_Favorit_Brno_Prilba_Moravy_20230922_135117_DSC_8556-1536x1022.jpg 1536w, https:\/\/www.czechcyclingfederation.com\/wp-content\/uploads\/2023\/09\/BrychtaJan_GP_Favorit_Brno_Prilba_Moravy_20230922_135117_DSC_8556-1320x878.jpg 1320w, https:\/\/www.czechcyclingfederation.com\/wp-content\/uploads\/2023\/09\/BrychtaJan_GP_Favorit_Brno_Prilba_Moravy_20230922_135117_DSC_8556.jpg 2000w\" sizes=\"auto, (max-width: 1024px) 100vw, 1024px\" \/><\/figure>\n","protected":false},"excerpt":{"rendered":"<p>Druh\u00e9 m\u00edsto vybojovala Petra \u0160ev\u010d\u00edkov\u00e1 z Dukly Praha ve druh\u00e9m dnu z\u00e1vod\u016f Grand Prix Favorit &#8211; P\u0159ilba Moravy, je\u017e je sou\u010d\u00e1st\u00ed \u0160KODA Cupu a je za\u0159azen jako podnik do mezin\u00e1rodn\u00edho kalend\u00e1\u0159e UCI v nejvy\u0161\u0161\u00ed kategorii Class1, v olympijsk\u00e9 discipl\u00edn\u011b omniu. Nesta\u010dila pouze na Italku Martinu Alziniovou, p\u00e1t\u00e1 je\u0161t\u011b skon\u010dila druh\u00e1 cyklistka Dukly Praha Kate\u0159ina Kohoutkov\u00e1. [&hellip;]<\/p>\n","protected":false},"author":8,"featured_media":27301,"comment_status":"closed","ping_status":"open","sticky":false,"template":"","format":"standard","meta":{"footnotes":""},"categories":[54,2],"tags":[9],"class_list":["post-27300","post","type-post","status-publish","format-standard","has-post-thumbnail","hentry","category-draha","category-novinky","tag-draha"],"_links":{"self":[{"href":"https:\/\/www.czechcyclingfederation.com\/en\/wp-json\/wp\/v2\/posts\/27300","targetHints":{"allow":["GET"]}}],"collection":[{"href":"https:\/\/www.czechcyclingfederation.com\/en\/wp-json\/wp\/v2\/posts"}],"about":[{"href":"https:\/\/www.czechcyclingfederation.com\/en\/wp-json\/wp\/v2\/types\/post"}],"author":[{"embeddable":true,"href":"https:\/\/www.czechcyclingfederation.com\/en\/wp-json\/wp\/v2\/users\/8"}],"replies":[{"embeddable":true,"href":"https:\/\/www.czechcyclingfederation.com\/en\/wp-json\/wp\/v2\/comments?post=27300"}],"version-history":[{"count":2,"href":"https:\/\/www.czechcyclingfederation.com\/en\/wp-json\/wp\/v2\/posts\/27300\/revisions"}],"predecessor-version":[{"id":27310,"href":"https:\/\/www.czechcyclingfederation.com\/en\/wp-json\/wp\/v2\/posts\/27300\/revisions\/27310"}],"wp:featuredmedia":[{"embeddable":true,"href":"https:\/\/www.czechcyclingfederation.com\/en\/wp-json\/wp\/v2\/media\/27301"}],"wp:attachment":[{"href":"https:\/\/www.czechcyclingfederation.com\/en\/wp-json\/wp\/v2\/media?parent=27300"}],"wp:term":[{"taxonomy":"category","embeddable":true,"href":"https:\/\/www.czechcyclingfederation.com\/en\/wp-json\/wp\/v2\/categories?post=27300"},{"taxonomy":"post_tag","embeddable":true,"href":"https:\/\/www.czechcyclingfederation.com\/en\/wp-json\/wp\/v2\/tags?post=27300"}],"curies":[{"name":"wp","href":"https:\/\/api.w.org\/{rel}","templated":true}]}}