{"id":2730,"date":"2020-10-25T06:36:30","date_gmt":"2020-10-25T05:36:30","guid":{"rendered":"http:\/\/www.czechcyclingfederation.com\/?p=2730"},"modified":"2020-10-29T21:10:29","modified_gmt":"2020-10-29T20:10:29","slug":"obrazem-trenink-pred-ms-xcm","status":"publish","type":"post","link":"https:\/\/www.czechcyclingfederation.com\/en\/obrazem-trenink-pred-ms-xcm\/","title":{"rendered":"Obrazem: Tr\u00e9nink p\u0159ed MS XCM"},"content":{"rendered":"\n<p><strong>Fotografie Michala \u010cerven\u00e9ho ze sobotn\u00edho tr\u00e9ninku \u010desk\u00e9 reprezentace na sv\u011btov\u00e9m \u0161ampion\u00e1tu v maratonu v tureck\u00e9 Sakaryi.<\/strong><\/p>\n\n\n\n<figure class=\"wp-block-gallery aligncenter columns-2 wp-block-gallery-1 is-layout-flex wp-block-gallery-is-layout-flex\"><ul class=\"blocks-gallery-grid\"><li class=\"blocks-gallery-item\"><figure><img loading=\"lazy\" decoding=\"async\" width=\"1024\" height=\"682\" src=\"https:\/\/www.czechcyclingfederation.com\/wp-content\/uploads\/2020\/10\/RepreMTB_Sakarya_sobota_02-1024x682.jpg\" alt=\"\" data-id=\"2731\" data-full-url=\"https:\/\/www.czechcyclingfederation.com\/wp-content\/uploads\/2020\/10\/RepreMTB_Sakarya_sobota_02.jpg\" data-link=\"https:\/\/www.czechcyclingfederation.com\/?attachment_id=2731\" class=\"wp-image-2731\" srcset=\"https:\/\/www.czechcyclingfederation.com\/wp-content\/uploads\/2020\/10\/RepreMTB_Sakarya_sobota_02-1024x682.jpg 1024w, https:\/\/www.czechcyclingfederation.com\/wp-content\/uploads\/2020\/10\/RepreMTB_Sakarya_sobota_02-300x200.jpg 300w, https:\/\/www.czechcyclingfederation.com\/wp-content\/uploads\/2020\/10\/RepreMTB_Sakarya_sobota_02-768x512.jpg 768w, https:\/\/www.czechcyclingfederation.com\/wp-content\/uploads\/2020\/10\/RepreMTB_Sakarya_sobota_02-1536x1024.jpg 1536w, https:\/\/www.czechcyclingfederation.com\/wp-content\/uploads\/2020\/10\/RepreMTB_Sakarya_sobota_02-1320x880.jpg 1320w, https:\/\/www.czechcyclingfederation.com\/wp-content\/uploads\/2020\/10\/RepreMTB_Sakarya_sobota_02.jpg 2000w\" sizes=\"auto, (max-width: 1024px) 100vw, 1024px\" \/><\/figure><\/li><li class=\"blocks-gallery-item\"><figure><img loading=\"lazy\" decoding=\"async\" width=\"1024\" height=\"682\" src=\"https:\/\/www.czechcyclingfederation.com\/wp-content\/uploads\/2020\/10\/RepreMTB_Sakarya_sobota_03-1024x682.jpg\" alt=\"\" data-id=\"2732\" data-full-url=\"https:\/\/www.czechcyclingfederation.com\/wp-content\/uploads\/2020\/10\/RepreMTB_Sakarya_sobota_03.jpg\" data-link=\"https:\/\/www.czechcyclingfederation.com\/?attachment_id=2732\" class=\"wp-image-2732\" srcset=\"https:\/\/www.czechcyclingfederation.com\/wp-content\/uploads\/2020\/10\/RepreMTB_Sakarya_sobota_03-1024x682.jpg 1024w, https:\/\/www.czechcyclingfederation.com\/wp-content\/uploads\/2020\/10\/RepreMTB_Sakarya_sobota_03-300x200.jpg 300w, https:\/\/www.czechcyclingfederation.com\/wp-content\/uploads\/2020\/10\/RepreMTB_Sakarya_sobota_03-768x512.jpg 768w, https:\/\/www.czechcyclingfederation.com\/wp-content\/uploads\/2020\/10\/RepreMTB_Sakarya_sobota_03-1536x1024.jpg 1536w, https:\/\/www.czechcyclingfederation.com\/wp-content\/uploads\/2020\/10\/RepreMTB_Sakarya_sobota_03-1320x880.jpg 1320w, https:\/\/www.czechcyclingfederation.com\/wp-content\/uploads\/2020\/10\/RepreMTB_Sakarya_sobota_03.jpg 2000w\" sizes=\"auto, (max-width: 1024px) 100vw, 1024px\" \/><\/figure><\/li><li class=\"blocks-gallery-item\"><figure><img loading=\"lazy\" decoding=\"async\" width=\"1024\" height=\"682\" src=\"https:\/\/www.czechcyclingfederation.com\/wp-content\/uploads\/2020\/10\/RepreMTB_Sakarya_sobota_04-1024x682.jpg\" alt=\"\" data-id=\"2733\" data-full-url=\"https:\/\/www.czechcyclingfederation.com\/wp-content\/uploads\/2020\/10\/RepreMTB_Sakarya_sobota_04.jpg\" data-link=\"https:\/\/www.czechcyclingfederation.com\/?attachment_id=2733\" class=\"wp-image-2733\" srcset=\"https:\/\/www.czechcyclingfederation.com\/wp-content\/uploads\/2020\/10\/RepreMTB_Sakarya_sobota_04-1024x682.jpg 1024w, https:\/\/www.czechcyclingfederation.com\/wp-content\/uploads\/2020\/10\/RepreMTB_Sakarya_sobota_04-300x200.jpg 300w, https:\/\/www.czechcyclingfederation.com\/wp-content\/uploads\/2020\/10\/RepreMTB_Sakarya_sobota_04-768x512.jpg 768w, https:\/\/www.czechcyclingfederation.com\/wp-content\/uploads\/2020\/10\/RepreMTB_Sakarya_sobota_04-1536x1024.jpg 1536w, https:\/\/www.czechcyclingfederation.com\/wp-content\/uploads\/2020\/10\/RepreMTB_Sakarya_sobota_04-1320x880.jpg 1320w, https:\/\/www.czechcyclingfederation.com\/wp-content\/uploads\/2020\/10\/RepreMTB_Sakarya_sobota_04.jpg 2000w\" sizes=\"auto, (max-width: 1024px) 100vw, 1024px\" \/><\/figure><\/li><li class=\"blocks-gallery-item\"><figure><img loading=\"lazy\" decoding=\"async\" width=\"1024\" height=\"682\" src=\"https:\/\/www.czechcyclingfederation.com\/wp-content\/uploads\/2020\/10\/RepreMTB_Sakarya_sobota_05-1024x682.jpg\" alt=\"\" data-id=\"2734\" data-full-url=\"https:\/\/www.czechcyclingfederation.com\/wp-content\/uploads\/2020\/10\/RepreMTB_Sakarya_sobota_05.jpg\" data-link=\"https:\/\/www.czechcyclingfederation.com\/?attachment_id=2734\" class=\"wp-image-2734\" srcset=\"https:\/\/www.czechcyclingfederation.com\/wp-content\/uploads\/2020\/10\/RepreMTB_Sakarya_sobota_05-1024x682.jpg 1024w, https:\/\/www.czechcyclingfederation.com\/wp-content\/uploads\/2020\/10\/RepreMTB_Sakarya_sobota_05-300x200.jpg 300w, https:\/\/www.czechcyclingfederation.com\/wp-content\/uploads\/2020\/10\/RepreMTB_Sakarya_sobota_05-768x512.jpg 768w, https:\/\/www.czechcyclingfederation.com\/wp-content\/uploads\/2020\/10\/RepreMTB_Sakarya_sobota_05-1536x1024.jpg 1536w, https:\/\/www.czechcyclingfederation.com\/wp-content\/uploads\/2020\/10\/RepreMTB_Sakarya_sobota_05-1320x880.jpg 1320w, https:\/\/www.czechcyclingfederation.com\/wp-content\/uploads\/2020\/10\/RepreMTB_Sakarya_sobota_05.jpg 2000w\" sizes=\"auto, (max-width: 1024px) 100vw, 1024px\" \/><\/figure><\/li><li class=\"blocks-gallery-item\"><figure><img loading=\"lazy\" decoding=\"async\" width=\"1024\" height=\"682\" src=\"https:\/\/www.czechcyclingfederation.com\/wp-content\/uploads\/2020\/10\/RepreMTB_Sakarya_sobota_06-1024x682.jpg\" alt=\"\" data-id=\"2735\" data-full-url=\"https:\/\/www.czechcyclingfederation.com\/wp-content\/uploads\/2020\/10\/RepreMTB_Sakarya_sobota_06.jpg\" data-link=\"https:\/\/www.czechcyclingfederation.com\/?attachment_id=2735\" class=\"wp-image-2735\" srcset=\"https:\/\/www.czechcyclingfederation.com\/wp-content\/uploads\/2020\/10\/RepreMTB_Sakarya_sobota_06-1024x682.jpg 1024w, https:\/\/www.czechcyclingfederation.com\/wp-content\/uploads\/2020\/10\/RepreMTB_Sakarya_sobota_06-300x200.jpg 300w, https:\/\/www.czechcyclingfederation.com\/wp-content\/uploads\/2020\/10\/RepreMTB_Sakarya_sobota_06-768x512.jpg 768w, https:\/\/www.czechcyclingfederation.com\/wp-content\/uploads\/2020\/10\/RepreMTB_Sakarya_sobota_06-1536x1024.jpg 1536w, https:\/\/www.czechcyclingfederation.com\/wp-content\/uploads\/2020\/10\/RepreMTB_Sakarya_sobota_06-1320x880.jpg 1320w, https:\/\/www.czechcyclingfederation.com\/wp-content\/uploads\/2020\/10\/RepreMTB_Sakarya_sobota_06.jpg 2000w\" sizes=\"auto, (max-width: 1024px) 100vw, 1024px\" \/><\/figure><\/li><li class=\"blocks-gallery-item\"><figure><img loading=\"lazy\" decoding=\"async\" width=\"1024\" height=\"682\" src=\"https:\/\/www.czechcyclingfederation.com\/wp-content\/uploads\/2020\/10\/RepreMTB_Sakarya_sobota_07-1024x682.jpg\" alt=\"\" data-id=\"2736\" data-full-url=\"https:\/\/www.czechcyclingfederation.com\/wp-content\/uploads\/2020\/10\/RepreMTB_Sakarya_sobota_07.jpg\" data-link=\"https:\/\/www.czechcyclingfederation.com\/?attachment_id=2736\" class=\"wp-image-2736\" srcset=\"https:\/\/www.czechcyclingfederation.com\/wp-content\/uploads\/2020\/10\/RepreMTB_Sakarya_sobota_07-1024x682.jpg 1024w, https:\/\/www.czechcyclingfederation.com\/wp-content\/uploads\/2020\/10\/RepreMTB_Sakarya_sobota_07-300x200.jpg 300w, https:\/\/www.czechcyclingfederation.com\/wp-content\/uploads\/2020\/10\/RepreMTB_Sakarya_sobota_07-768x512.jpg 768w, https:\/\/www.czechcyclingfederation.com\/wp-content\/uploads\/2020\/10\/RepreMTB_Sakarya_sobota_07-1536x1024.jpg 1536w, https:\/\/www.czechcyclingfederation.com\/wp-content\/uploads\/2020\/10\/RepreMTB_Sakarya_sobota_07-1320x880.jpg 1320w, https:\/\/www.czechcyclingfederation.com\/wp-content\/uploads\/2020\/10\/RepreMTB_Sakarya_sobota_07.jpg 2000w\" sizes=\"auto, (max-width: 1024px) 100vw, 1024px\" \/><\/figure><\/li><li class=\"blocks-gallery-item\"><figure><img loading=\"lazy\" decoding=\"async\" width=\"1024\" height=\"682\" src=\"https:\/\/www.czechcyclingfederation.com\/wp-content\/uploads\/2020\/10\/RepreMTB_Sakarya_sobota_08-1024x682.jpg\" alt=\"\" data-id=\"2737\" data-full-url=\"https:\/\/www.czechcyclingfederation.com\/wp-content\/uploads\/2020\/10\/RepreMTB_Sakarya_sobota_08.jpg\" data-link=\"https:\/\/www.czechcyclingfederation.com\/?attachment_id=2737\" class=\"wp-image-2737\" srcset=\"https:\/\/www.czechcyclingfederation.com\/wp-content\/uploads\/2020\/10\/RepreMTB_Sakarya_sobota_08-1024x682.jpg 1024w, https:\/\/www.czechcyclingfederation.com\/wp-content\/uploads\/2020\/10\/RepreMTB_Sakarya_sobota_08-300x200.jpg 300w, https:\/\/www.czechcyclingfederation.com\/wp-content\/uploads\/2020\/10\/RepreMTB_Sakarya_sobota_08-768x512.jpg 768w, https:\/\/www.czechcyclingfederation.com\/wp-content\/uploads\/2020\/10\/RepreMTB_Sakarya_sobota_08-1536x1024.jpg 1536w, https:\/\/www.czechcyclingfederation.com\/wp-content\/uploads\/2020\/10\/RepreMTB_Sakarya_sobota_08-1320x880.jpg 1320w, https:\/\/www.czechcyclingfederation.com\/wp-content\/uploads\/2020\/10\/RepreMTB_Sakarya_sobota_08.jpg 2000w\" sizes=\"auto, (max-width: 1024px) 100vw, 1024px\" \/><\/figure><\/li><li class=\"blocks-gallery-item\"><figure><img loading=\"lazy\" decoding=\"async\" width=\"1024\" height=\"682\" src=\"https:\/\/www.czechcyclingfederation.com\/wp-content\/uploads\/2020\/10\/RepreMTB_Sakarya_sobota_09-1024x682.jpg\" alt=\"\" data-id=\"2738\" data-full-url=\"https:\/\/www.czechcyclingfederation.com\/wp-content\/uploads\/2020\/10\/RepreMTB_Sakarya_sobota_09.jpg\" data-link=\"https:\/\/www.czechcyclingfederation.com\/?attachment_id=2738\" class=\"wp-image-2738\" srcset=\"https:\/\/www.czechcyclingfederation.com\/wp-content\/uploads\/2020\/10\/RepreMTB_Sakarya_sobota_09-1024x682.jpg 1024w, https:\/\/www.czechcyclingfederation.com\/wp-content\/uploads\/2020\/10\/RepreMTB_Sakarya_sobota_09-300x200.jpg 300w, https:\/\/www.czechcyclingfederation.com\/wp-content\/uploads\/2020\/10\/RepreMTB_Sakarya_sobota_09-768x512.jpg 768w, https:\/\/www.czechcyclingfederation.com\/wp-content\/uploads\/2020\/10\/RepreMTB_Sakarya_sobota_09-1536x1024.jpg 1536w, https:\/\/www.czechcyclingfederation.com\/wp-content\/uploads\/2020\/10\/RepreMTB_Sakarya_sobota_09-1320x880.jpg 1320w, https:\/\/www.czechcyclingfederation.com\/wp-content\/uploads\/2020\/10\/RepreMTB_Sakarya_sobota_09.jpg 2000w\" sizes=\"auto, (max-width: 1024px) 100vw, 1024px\" \/><\/figure><\/li><li class=\"blocks-gallery-item\"><figure><img loading=\"lazy\" decoding=\"async\" width=\"1024\" height=\"682\" src=\"https:\/\/www.czechcyclingfederation.com\/wp-content\/uploads\/2020\/10\/RepreMTB_Sakarya_sobota_12-1024x682.jpg\" alt=\"\" data-id=\"2739\" data-full-url=\"https:\/\/www.czechcyclingfederation.com\/wp-content\/uploads\/2020\/10\/RepreMTB_Sakarya_sobota_12.jpg\" data-link=\"https:\/\/www.czechcyclingfederation.com\/?attachment_id=2739\" class=\"wp-image-2739\" srcset=\"https:\/\/www.czechcyclingfederation.com\/wp-content\/uploads\/2020\/10\/RepreMTB_Sakarya_sobota_12-1024x682.jpg 1024w, https:\/\/www.czechcyclingfederation.com\/wp-content\/uploads\/2020\/10\/RepreMTB_Sakarya_sobota_12-300x200.jpg 300w, https:\/\/www.czechcyclingfederation.com\/wp-content\/uploads\/2020\/10\/RepreMTB_Sakarya_sobota_12-768x512.jpg 768w, https:\/\/www.czechcyclingfederation.com\/wp-content\/uploads\/2020\/10\/RepreMTB_Sakarya_sobota_12-1536x1024.jpg 1536w, https:\/\/www.czechcyclingfederation.com\/wp-content\/uploads\/2020\/10\/RepreMTB_Sakarya_sobota_12-1320x880.jpg 1320w, https:\/\/www.czechcyclingfederation.com\/wp-content\/uploads\/2020\/10\/RepreMTB_Sakarya_sobota_12.jpg 2000w\" sizes=\"auto, (max-width: 1024px) 100vw, 1024px\" \/><\/figure><\/li><li class=\"blocks-gallery-item\"><figure><img loading=\"lazy\" decoding=\"async\" width=\"1024\" height=\"682\" src=\"https:\/\/www.czechcyclingfederation.com\/wp-content\/uploads\/2020\/10\/RepreMTB_Sakarya_sobota_13-1024x682.jpg\" alt=\"\" data-id=\"2740\" data-full-url=\"https:\/\/www.czechcyclingfederation.com\/wp-content\/uploads\/2020\/10\/RepreMTB_Sakarya_sobota_13.jpg\" data-link=\"https:\/\/www.czechcyclingfederation.com\/?attachment_id=2740\" class=\"wp-image-2740\" srcset=\"https:\/\/www.czechcyclingfederation.com\/wp-content\/uploads\/2020\/10\/RepreMTB_Sakarya_sobota_13-1024x682.jpg 1024w, https:\/\/www.czechcyclingfederation.com\/wp-content\/uploads\/2020\/10\/RepreMTB_Sakarya_sobota_13-300x200.jpg 300w, https:\/\/www.czechcyclingfederation.com\/wp-content\/uploads\/2020\/10\/RepreMTB_Sakarya_sobota_13-768x512.jpg 768w, https:\/\/www.czechcyclingfederation.com\/wp-content\/uploads\/2020\/10\/RepreMTB_Sakarya_sobota_13-1536x1024.jpg 1536w, https:\/\/www.czechcyclingfederation.com\/wp-content\/uploads\/2020\/10\/RepreMTB_Sakarya_sobota_13-1320x880.jpg 1320w, https:\/\/www.czechcyclingfederation.com\/wp-content\/uploads\/2020\/10\/RepreMTB_Sakarya_sobota_13.jpg 2000w\" sizes=\"auto, (max-width: 1024px) 100vw, 1024px\" \/><\/figure><\/li><li class=\"blocks-gallery-item\"><figure><img loading=\"lazy\" decoding=\"async\" width=\"1024\" height=\"682\" src=\"https:\/\/www.czechcyclingfederation.com\/wp-content\/uploads\/2020\/10\/RepreMTB_Sakarya_sobota_10-1024x682.jpg\" alt=\"\" data-id=\"2743\" data-full-url=\"https:\/\/www.czechcyclingfederation.com\/wp-content\/uploads\/2020\/10\/RepreMTB_Sakarya_sobota_10.jpg\" data-link=\"https:\/\/www.czechcyclingfederation.com\/?attachment_id=2743\" class=\"wp-image-2743\" srcset=\"https:\/\/www.czechcyclingfederation.com\/wp-content\/uploads\/2020\/10\/RepreMTB_Sakarya_sobota_10-1024x682.jpg 1024w, https:\/\/www.czechcyclingfederation.com\/wp-content\/uploads\/2020\/10\/RepreMTB_Sakarya_sobota_10-300x200.jpg 300w, https:\/\/www.czechcyclingfederation.com\/wp-content\/uploads\/2020\/10\/RepreMTB_Sakarya_sobota_10-768x512.jpg 768w, https:\/\/www.czechcyclingfederation.com\/wp-content\/uploads\/2020\/10\/RepreMTB_Sakarya_sobota_10-1536x1024.jpg 1536w, https:\/\/www.czechcyclingfederation.com\/wp-content\/uploads\/2020\/10\/RepreMTB_Sakarya_sobota_10-1320x880.jpg 1320w, https:\/\/www.czechcyclingfederation.com\/wp-content\/uploads\/2020\/10\/RepreMTB_Sakarya_sobota_10.jpg 2000w\" sizes=\"auto, (max-width: 1024px) 100vw, 1024px\" \/><\/figure><\/li><li class=\"blocks-gallery-item\"><figure><img loading=\"lazy\" decoding=\"async\" width=\"1024\" height=\"682\" src=\"https:\/\/www.czechcyclingfederation.com\/wp-content\/uploads\/2020\/10\/RepreMTB_Sakarya_sobota_11-1024x682.jpg\" alt=\"\" data-id=\"2742\" data-full-url=\"https:\/\/www.czechcyclingfederation.com\/wp-content\/uploads\/2020\/10\/RepreMTB_Sakarya_sobota_11.jpg\" data-link=\"https:\/\/www.czechcyclingfederation.com\/?attachment_id=2742\" class=\"wp-image-2742\" srcset=\"https:\/\/www.czechcyclingfederation.com\/wp-content\/uploads\/2020\/10\/RepreMTB_Sakarya_sobota_11-1024x682.jpg 1024w, https:\/\/www.czechcyclingfederation.com\/wp-content\/uploads\/2020\/10\/RepreMTB_Sakarya_sobota_11-300x200.jpg 300w, https:\/\/www.czechcyclingfederation.com\/wp-content\/uploads\/2020\/10\/RepreMTB_Sakarya_sobota_11-768x512.jpg 768w, https:\/\/www.czechcyclingfederation.com\/wp-content\/uploads\/2020\/10\/RepreMTB_Sakarya_sobota_11-1536x1024.jpg 1536w, https:\/\/www.czechcyclingfederation.com\/wp-content\/uploads\/2020\/10\/RepreMTB_Sakarya_sobota_11-1320x880.jpg 1320w, https:\/\/www.czechcyclingfederation.com\/wp-content\/uploads\/2020\/10\/RepreMTB_Sakarya_sobota_11.jpg 2000w\" sizes=\"auto, (max-width: 1024px) 100vw, 1024px\" \/><\/figure><\/li><li class=\"blocks-gallery-item\"><figure><img loading=\"lazy\" decoding=\"async\" width=\"1024\" height=\"682\" src=\"https:\/\/www.czechcyclingfederation.com\/wp-content\/uploads\/2020\/10\/RepreMTB_Sakarya_sobota_01-1024x682.jpg\" alt=\"\" data-id=\"2741\" data-full-url=\"https:\/\/www.czechcyclingfederation.com\/wp-content\/uploads\/2020\/10\/RepreMTB_Sakarya_sobota_01.jpg\" data-link=\"https:\/\/www.czechcyclingfederation.com\/?attachment_id=2741\" class=\"wp-image-2741\" srcset=\"https:\/\/www.czechcyclingfederation.com\/wp-content\/uploads\/2020\/10\/RepreMTB_Sakarya_sobota_01-1024x682.jpg 1024w, https:\/\/www.czechcyclingfederation.com\/wp-content\/uploads\/2020\/10\/RepreMTB_Sakarya_sobota_01-300x200.jpg 300w, https:\/\/www.czechcyclingfederation.com\/wp-content\/uploads\/2020\/10\/RepreMTB_Sakarya_sobota_01-768x512.jpg 768w, https:\/\/www.czechcyclingfederation.com\/wp-content\/uploads\/2020\/10\/RepreMTB_Sakarya_sobota_01-1536x1024.jpg 1536w, https:\/\/www.czechcyclingfederation.com\/wp-content\/uploads\/2020\/10\/RepreMTB_Sakarya_sobota_01-1320x880.jpg 1320w, https:\/\/www.czechcyclingfederation.com\/wp-content\/uploads\/2020\/10\/RepreMTB_Sakarya_sobota_01.jpg 2000w\" sizes=\"auto, (max-width: 1024px) 100vw, 1024px\" \/><\/figure><\/li><\/ul><\/figure>\n","protected":false},"excerpt":{"rendered":"<p>Fotografie Michala \u010cerven\u00e9ho ze sobotn\u00edho tr\u00e9ninku \u010desk\u00e9 reprezentace na sv\u011btov\u00e9m \u0161ampion\u00e1tu v maratonu v tureck\u00e9 Sakaryi.<\/p>\n","protected":false},"author":9,"featured_media":2733,"comment_status":"closed","ping_status":"open","sticky":false,"template":"","format":"standard","meta":{"footnotes":""},"categories":[6,2,103,1],"tags":[10],"class_list":["post-2730","post","type-post","status-publish","format-standard","has-post-thumbnail","hentry","category-mtb","category-novinky","category-reprezentace","category-uncategorized-cs","tag-mtb"],"_links":{"self":[{"href":"https:\/\/www.czechcyclingfederation.com\/en\/wp-json\/wp\/v2\/posts\/2730","targetHints":{"allow":["GET"]}}],"collection":[{"href":"https:\/\/www.czechcyclingfederation.com\/en\/wp-json\/wp\/v2\/posts"}],"about":[{"href":"https:\/\/www.czechcyclingfederation.com\/en\/wp-json\/wp\/v2\/types\/post"}],"author":[{"embeddable":true,"href":"https:\/\/www.czechcyclingfederation.com\/en\/wp-json\/wp\/v2\/users\/9"}],"replies":[{"embeddable":true,"href":"https:\/\/www.czechcyclingfederation.com\/en\/wp-json\/wp\/v2\/comments?post=2730"}],"version-history":[{"count":2,"href":"https:\/\/www.czechcyclingfederation.com\/en\/wp-json\/wp\/v2\/posts\/2730\/revisions"}],"predecessor-version":[{"id":2745,"href":"https:\/\/www.czechcyclingfederation.com\/en\/wp-json\/wp\/v2\/posts\/2730\/revisions\/2745"}],"wp:featuredmedia":[{"embeddable":true,"href":"https:\/\/www.czechcyclingfederation.com\/en\/wp-json\/wp\/v2\/media\/2733"}],"wp:attachment":[{"href":"https:\/\/www.czechcyclingfederation.com\/en\/wp-json\/wp\/v2\/media?parent=2730"}],"wp:term":[{"taxonomy":"category","embeddable":true,"href":"https:\/\/www.czechcyclingfederation.com\/en\/wp-json\/wp\/v2\/categories?post=2730"},{"taxonomy":"post_tag","embeddable":true,"href":"https:\/\/www.czechcyclingfederation.com\/en\/wp-json\/wp\/v2\/tags?post=2730"}],"curies":[{"name":"wp","href":"https:\/\/api.w.org\/{rel}","templated":true}]}}