{"id":273,"date":"2020-05-28T02:36:39","date_gmt":"2020-05-28T00:36:39","guid":{"rendered":"http:\/\/www.czechcyclingfederation.com\/?p=273"},"modified":"2020-07-16T13:41:21","modified_gmt":"2020-07-16T11:41:21","slug":"trenuj-s-repre-bmx-4-dil-adam-hladik","status":"publish","type":"post","link":"https:\/\/www.czechcyclingfederation.com\/en\/trenuj-s-repre-bmx-4-dil-adam-hladik\/","title":{"rendered":"Tr\u00e9nuj s repre BMX &#8211; 4. d\u00edl Adam Hlad\u00edk"},"content":{"rendered":"\n<p>Dne\u0161n\u00edm hostem projektu \u201eTr\u00e9nuj s repre BMX\u201c je Adam Hlad\u00edk \u201cHl\u00e1\u010fa\u201d.<\/p>\n\n\n\n<p>Hranick\u00fd jezdec a reprezentant \u010cesk\u00e9 republiky Adam Hlad\u00edk pat\u0159\u00ed k nejv\u011bt\u0161\u00edm talent\u016fm tuzemsk\u00e9 sc\u00e9ny. Pr\u00e1v\u011b jemu pat\u0159\u00ed \u010dtvrte\u010dn\u00ed d\u00edl Tr\u00e9nuj s repre, kde si uk\u00e1\u017eeme, jak se nau\u010dit bunny hop.<\/p>\n\n\n\n<p>Dal\u0161\u00ed informace naleznete n\u00ed\u017ee v p\u0159\u00edsp\u011bvku na Facebooku.<\/p>\n\n\n\n<figure><iframe loading=\"lazy\" src=\"https:\/\/www.facebook.com\/plugins\/video.php?href=https%3A%2F%2Fwww.facebook.com%2Fczechcyclingfederation%2Fvideos%2F151607642960421%2F&amp;show_text=0&amp;width=302\" width=\"302\" height=\"476\" allowfullscreen=\"true\"><\/iframe><\/figure>\n","protected":false},"excerpt":{"rendered":"<p>Dne\u0161n\u00edm hostem projektu \u201eTr\u00e9nuj s repre BMX\u201c je Adam Hlad\u00edk \u201cHl\u00e1\u010fa\u201d. Hranick\u00fd jezdec a reprezentant \u010cesk\u00e9 republiky Adam Hlad\u00edk pat\u0159\u00ed k nejv\u011bt\u0161\u00edm talent\u016fm tuzemsk\u00e9 sc\u00e9ny. Pr\u00e1v\u011b jemu pat\u0159\u00ed \u010dtvrte\u010dn\u00ed d\u00edl Tr\u00e9nuj s repre, kde si uk\u00e1\u017eeme, jak se nau\u010dit bunny hop. Dal\u0161\u00ed informace naleznete n\u00ed\u017ee v p\u0159\u00edsp\u011bvku na Facebooku.<\/p>\n","protected":false},"author":1,"featured_media":274,"comment_status":"closed","ping_status":"open","sticky":false,"template":"","format":"standard","meta":{"footnotes":""},"categories":[57,2],"tags":[55],"class_list":["post-273","post","type-post","status-publish","format-standard","has-post-thumbnail","hentry","category-bmx","category-novinky","tag-bmx"],"_links":{"self":[{"href":"https:\/\/www.czechcyclingfederation.com\/en\/wp-json\/wp\/v2\/posts\/273","targetHints":{"allow":["GET"]}}],"collection":[{"href":"https:\/\/www.czechcyclingfederation.com\/en\/wp-json\/wp\/v2\/posts"}],"about":[{"href":"https:\/\/www.czechcyclingfederation.com\/en\/wp-json\/wp\/v2\/types\/post"}],"author":[{"embeddable":true,"href":"https:\/\/www.czechcyclingfederation.com\/en\/wp-json\/wp\/v2\/users\/1"}],"replies":[{"embeddable":true,"href":"https:\/\/www.czechcyclingfederation.com\/en\/wp-json\/wp\/v2\/comments?post=273"}],"version-history":[{"count":1,"href":"https:\/\/www.czechcyclingfederation.com\/en\/wp-json\/wp\/v2\/posts\/273\/revisions"}],"predecessor-version":[{"id":275,"href":"https:\/\/www.czechcyclingfederation.com\/en\/wp-json\/wp\/v2\/posts\/273\/revisions\/275"}],"wp:featuredmedia":[{"embeddable":true,"href":"https:\/\/www.czechcyclingfederation.com\/en\/wp-json\/wp\/v2\/media\/274"}],"wp:attachment":[{"href":"https:\/\/www.czechcyclingfederation.com\/en\/wp-json\/wp\/v2\/media?parent=273"}],"wp:term":[{"taxonomy":"category","embeddable":true,"href":"https:\/\/www.czechcyclingfederation.com\/en\/wp-json\/wp\/v2\/categories?post=273"},{"taxonomy":"post_tag","embeddable":true,"href":"https:\/\/www.czechcyclingfederation.com\/en\/wp-json\/wp\/v2\/tags?post=273"}],"curies":[{"name":"wp","href":"https:\/\/api.w.org\/{rel}","templated":true}]}}