{"id":27283,"date":"2023-09-24T21:04:06","date_gmt":"2023-09-24T19:04:06","guid":{"rendered":"https:\/\/www.czechcyclingfederation.com\/?p=27283"},"modified":"2023-09-24T21:05:41","modified_gmt":"2023-09-24T19:05:41","slug":"jizda-pro-pariz-podporte-v-mikulove-handicapovane-sportovce","status":"publish","type":"post","link":"https:\/\/www.czechcyclingfederation.com\/en\/jizda-pro-pariz-podporte-v-mikulove-handicapovane-sportovce\/","title":{"rendered":"J\u00edzda pro Pa\u0159\u00ed\u017e. Podpo\u0159te v Mikulov\u011b handicapovan\u00e9 sportovce"},"content":{"rendered":"\n<p><strong>Na z\u00e1v\u011bre\u010dn\u00e9 zast\u00e1vce seri\u00e1lu Prima CUP, kter\u00fdm je 7. \u0159\u00edjna <a href=\"https:\/\/www.iprimacup.cz\/23-mi\/\">\u0160koda Auto Mikulov<\/a>, podpo\u0159\u00ed charitativn\u00ed Oran\u017eov\u00e9 kolo Nadace \u010cEZ projekt J\u00edzda pro Pa\u0159\u00ed\u017e.\u00a0<\/strong><\/p>\n\n\n\n<p>Do nada\u010dn\u00edho projektu jsou zapojeni handicapovan\u00ed sportovci, kte\u0159\u00ed jsou ve v\u00fdb\u011bru pro paralympijsk\u00e9 hry v Pa\u0159\u00ed\u017ei 2024.<\/p>\n\n\n\n<p>V r\u00e1mci z\u00e1vodu bude k dispozici Oran\u017eov\u00e9 kolo <a href=\"http:\/\/www.apple.com\/cz\">Nadace \u010cEZ<\/a>, kter\u00e9 ka\u017ed\u00e9mu umo\u017e\u0148uje podpo\u0159it sv\u00fdm pohybem dobrou v\u011bc. Jak se zapojit? Sta\u010d\u00ed m\u00e1lo! 60 vte\u0159in j\u00edzdy na trena\u017e\u00e9ru zvl\u00e1dne d\u00edt\u011b, dosp\u011bl\u00fd i senior. Body, kter\u00e9 ujedete, p\u0159evede Nadace \u010cEZ na pen\u00edze a v\u011bnuje je tam, kde pom\u00e1haj\u00ed.<\/p>\n\n\n\n<figure class=\"wp-block-image size-large\"><img loading=\"lazy\" decoding=\"async\" width=\"1024\" height=\"683\" src=\"https:\/\/www.czechcyclingfederation.com\/wp-content\/uploads\/2023\/09\/Nadece-CEZ-Oranzove-kolo-1024x683.jpg\" alt=\"\" class=\"wp-image-27284\" srcset=\"https:\/\/www.czechcyclingfederation.com\/wp-content\/uploads\/2023\/09\/Nadece-CEZ-Oranzove-kolo-1024x683.jpg 1024w, https:\/\/www.czechcyclingfederation.com\/wp-content\/uploads\/2023\/09\/Nadece-CEZ-Oranzove-kolo-300x200.jpg 300w, https:\/\/www.czechcyclingfederation.com\/wp-content\/uploads\/2023\/09\/Nadece-CEZ-Oranzove-kolo-768x512.jpg 768w, https:\/\/www.czechcyclingfederation.com\/wp-content\/uploads\/2023\/09\/Nadece-CEZ-Oranzove-kolo-1536x1024.jpg 1536w, https:\/\/www.czechcyclingfederation.com\/wp-content\/uploads\/2023\/09\/Nadece-CEZ-Oranzove-kolo-1320x880.jpg 1320w, https:\/\/www.czechcyclingfederation.com\/wp-content\/uploads\/2023\/09\/Nadece-CEZ-Oranzove-kolo.jpg 2048w\" sizes=\"auto, (max-width: 1024px) 100vw, 1024px\" \/><\/figure>\n\n\n\n<p>V projektu J\u00edzda pro Pa\u0159\u00ed\u017e budou finan\u010dn\u00ed prost\u0159edky pou\u017eity na \u010d\u00e1ste\u010dn\u00e9 pokryt\u00ed n\u00e1klad\u016f para cyklist\u016f, kte\u0159\u00ed maj\u00ed p\u0159edpoklad k \u00fa\u010dasti na Paralympijsk\u00fdch hr\u00e1ch v Pa\u0159\u00ed\u017ei nebo se mohou pokusit vybojovat dal\u0161\u00ed \u00fa\u010dastnick\u00e9 m\u00edsto na t\u011bchto hr\u00e1ch.&nbsp;<\/p>\n\n\n\n<p>\u201e\u010cesk\u00fd svaz cyklistiky p\u0159edpokl\u00e1d\u00e1, \u017ee by do Pa\u0159\u00ed\u017ee mohlo odjet od \u010dty\u0159 do \u0161esti sportovc\u016f. Fin\u00e1ln\u00ed po\u010det bude zn\u00e1m koncem \u010dervna 2024, ale \u010de\u0161t\u00ed z\u00e1vodn\u00edci a z\u00e1vodnice se cht\u011bj\u00ed poprat o co mo\u017en\u00e1 nejv\u011bt\u0161\u00ed po\u010det m\u00edst,\u201c&nbsp;up\u0159es\u0148uje gener\u00e1ln\u00ed sekret\u00e1\u0159 \u010cesk\u00e9ho svazu cyklistiky, Jaroslava Krakovi\u010dov\u00e1.<\/p>\n\n\n\n<p>\u201eJsme r\u00e1di, \u017ee prost\u0159ednictv\u00edm gener\u00e1ln\u00edho partnera seri\u00e1lu <a href=\"https:\/\/www.iprimacup.cz\" target=\"_blank\" rel=\"noreferrer noopener\">Prima CUP<\/a>, kter\u00fdm je Skupina \u010cEZ, m\u016f\u017eeme p\u0159isp\u011bt tam, kde je to pot\u0159eba. Nav\u00edc z\u00e1v\u011bre\u010dn\u00fd mikulovsk\u00fd podnik je ide\u00e1ln\u00edm m\u00edstem pro setk\u00e1n\u00ed cel\u00e9 \u0161k\u00e1ly sportovc\u016f, od t\u011bch nejmlad\u0161\u00edch po hobb\u00edky, reprezentanty a profesion\u00e1ly. V\u011b\u0159\u00edm, \u017ee si ka\u017ed\u00fd u\u017eije skv\u011bl\u00fd den na kole, a\u0165 u\u017e v z\u00e1vodn\u00edm nebo pohodov\u00e9m tempu s p\u0159\u00e1teli \u010di rodinou,\u201c up\u0159es\u0148uje za po\u0159adatele seri\u00e1lu Prima CUP, Filip \u0160vestka.\u00a0<\/p>\n\n\n\n<figure class=\"wp-block-image size-large\"><img loading=\"lazy\" decoding=\"async\" width=\"1024\" height=\"683\" src=\"https:\/\/www.czechcyclingfederation.com\/wp-content\/uploads\/2023\/09\/Prima-CUP-Skoda-Auto-Mikulov-tym-Skoda-2-1-1024x683.jpg\" alt=\"\" class=\"wp-image-27286\" srcset=\"https:\/\/www.czechcyclingfederation.com\/wp-content\/uploads\/2023\/09\/Prima-CUP-Skoda-Auto-Mikulov-tym-Skoda-2-1-1024x683.jpg 1024w, https:\/\/www.czechcyclingfederation.com\/wp-content\/uploads\/2023\/09\/Prima-CUP-Skoda-Auto-Mikulov-tym-Skoda-2-1-300x200.jpg 300w, https:\/\/www.czechcyclingfederation.com\/wp-content\/uploads\/2023\/09\/Prima-CUP-Skoda-Auto-Mikulov-tym-Skoda-2-1-768x512.jpg 768w, https:\/\/www.czechcyclingfederation.com\/wp-content\/uploads\/2023\/09\/Prima-CUP-Skoda-Auto-Mikulov-tym-Skoda-2-1-1536x1024.jpg 1536w, https:\/\/www.czechcyclingfederation.com\/wp-content\/uploads\/2023\/09\/Prima-CUP-Skoda-Auto-Mikulov-tym-Skoda-2-1-1320x880.jpg 1320w, https:\/\/www.czechcyclingfederation.com\/wp-content\/uploads\/2023\/09\/Prima-CUP-Skoda-Auto-Mikulov-tym-Skoda-2-1.jpg 2048w\" sizes=\"auto, (max-width: 1024px) 100vw, 1024px\" \/><\/figure>\n\n\n\n<p>Program z\u00e1vodu <a href=\"https:\/\/www.iprimacup.cz\/23-mi\/\" target=\"_blank\" rel=\"noreferrer noopener\">\u0160koda Auto Mikulov<\/a> startuje ji\u017e v p\u00e1tek v mikulovsk\u00e9m Amfite\u00e1tru pod Turoldem, kde zahraje i cimb\u00e1lov\u00e1 muzika Grossianka. Pro z\u00e1vodn\u00edky jsou p\u0159ipraveny dv\u011b trasy o d\u00e9lk\u00e1ch 55 a 33 kilometr\u016f a ani u jedn\u00e9 nebudou chyb\u011bt v\u00fdhledy na mikulovsk\u00e9 dominanty v\u010detn\u011b t\u00e9 nejv\u00fdrazn\u011bj\u0161\u00ed &#8211; Svat\u00fd Kope\u010dek.<\/p>\n\n\n\n<p>Program je p\u0159ipraven tak\u00e9 pro d\u011bti, kte\u0159\u00ed se o medaile utkaj\u00ed p\u0159\u00edmo v amfite\u00e1tru a za sv\u00e9 v\u00fdkony budou odm\u011bn\u011bny kr\u00e1sn\u00fdmi cenami z hra\u010dk\u00e1\u0159stv\u00ed Pompo. Kdo se neum\u00edst\u00ed na p\u00f3diu, m\u016f\u017ee vyzkou\u0161et \u0161t\u011bst\u00ed v tombole. &nbsp;<\/p>\n\n\n\n<p>Tak nev\u00e1hejte zav\u00edtat do Mikulova podpo\u0159it dobrou v\u011bc.<\/p>\n\n\n\n<p>V\u00edce informac\u00ed o z\u00e1vod\u011b na&nbsp;<a href=\"http:\/\/www.iprimacup.cz\/\">www.iprimacup.cz<\/a>.<\/p>\n","protected":false},"excerpt":{"rendered":"<p>Na z\u00e1v\u011bre\u010dn\u00e9 zast\u00e1vce seri\u00e1lu Prima CUP, kter\u00fdm je 7. \u0159\u00edjna \u0160koda Auto Mikulov, podpo\u0159\u00ed charitativn\u00ed Oran\u017eov\u00e9 kolo Nadace \u010cEZ projekt J\u00edzda pro Pa\u0159\u00ed\u017e.\u00a0 Do nada\u010dn\u00edho projektu jsou zapojeni handicapovan\u00ed sportovci, kte\u0159\u00ed jsou ve v\u00fdb\u011bru pro paralympijsk\u00e9 hry v Pa\u0159\u00ed\u017ei 2024. V r\u00e1mci z\u00e1vodu bude k dispozici Oran\u017eov\u00e9 kolo Nadace \u010cEZ, kter\u00e9 ka\u017ed\u00e9mu umo\u017e\u0148uje podpo\u0159it sv\u00fdm [&hellip;]<\/p>\n","protected":false},"author":9,"featured_media":27288,"comment_status":"closed","ping_status":"open","sticky":false,"template":"","format":"standard","meta":{"footnotes":""},"categories":[2],"tags":[119,10],"class_list":["post-27283","post","type-post","status-publish","format-standard","has-post-thumbnail","hentry","category-novinky","tag-csc","tag-mtb"],"_links":{"self":[{"href":"https:\/\/www.czechcyclingfederation.com\/en\/wp-json\/wp\/v2\/posts\/27283","targetHints":{"allow":["GET"]}}],"collection":[{"href":"https:\/\/www.czechcyclingfederation.com\/en\/wp-json\/wp\/v2\/posts"}],"about":[{"href":"https:\/\/www.czechcyclingfederation.com\/en\/wp-json\/wp\/v2\/types\/post"}],"author":[{"embeddable":true,"href":"https:\/\/www.czechcyclingfederation.com\/en\/wp-json\/wp\/v2\/users\/9"}],"replies":[{"embeddable":true,"href":"https:\/\/www.czechcyclingfederation.com\/en\/wp-json\/wp\/v2\/comments?post=27283"}],"version-history":[{"count":1,"href":"https:\/\/www.czechcyclingfederation.com\/en\/wp-json\/wp\/v2\/posts\/27283\/revisions"}],"predecessor-version":[{"id":27290,"href":"https:\/\/www.czechcyclingfederation.com\/en\/wp-json\/wp\/v2\/posts\/27283\/revisions\/27290"}],"wp:featuredmedia":[{"embeddable":true,"href":"https:\/\/www.czechcyclingfederation.com\/en\/wp-json\/wp\/v2\/media\/27288"}],"wp:attachment":[{"href":"https:\/\/www.czechcyclingfederation.com\/en\/wp-json\/wp\/v2\/media?parent=27283"}],"wp:term":[{"taxonomy":"category","embeddable":true,"href":"https:\/\/www.czechcyclingfederation.com\/en\/wp-json\/wp\/v2\/categories?post=27283"},{"taxonomy":"post_tag","embeddable":true,"href":"https:\/\/www.czechcyclingfederation.com\/en\/wp-json\/wp\/v2\/tags?post=27283"}],"curies":[{"name":"wp","href":"https:\/\/api.w.org\/{rel}","templated":true}]}}