{"id":27274,"date":"2023-09-21T23:14:50","date_gmt":"2023-09-21T21:14:50","guid":{"rendered":"https:\/\/www.czechcyclingfederation.com\/?p=27274"},"modified":"2023-09-23T11:30:20","modified_gmt":"2023-09-23T09:30:20","slug":"sevcikova-s-kohoutkovou-druhe-na-gp-favorit-brno","status":"publish","type":"post","link":"https:\/\/www.czechcyclingfederation.com\/en\/sevcikova-s-kohoutkovou-druhe-na-gp-favorit-brno\/","title":{"rendered":"\u0160ev\u010d\u00edkov\u00e1 s Kohoutkovou druh\u00e9 na GP Favorit Brno"},"content":{"rendered":"\n<p>\u00davodn\u00ed den z\u00e1vodu GP Favorit Brno &#8211; P\u0159ilba Moravy, ze seri\u00e1lu \u0160KODA Cup, pat\u0159il na brn\u011bnsk\u00e9m velodromu z\u00e1vod\u016fm v madisonu. Dvojice Petra \u0160ev\u010d\u00edkov\u00e1, Kate\u0159ina Kohoutkov\u00e1 z Dukly Praha skon\u010dila druh\u00e1, kdy\u017e nesta\u010dila pouze na Italky Martinu Alziniovou a Saru Fiorinovou.<\/p>\n\n\n\n<p>Mezi mu\u017ei byli nejlep\u0161\u00ed Davide Boscaro a Samuel Quaranta z It\u00e1lie, nejlep\u0161\u00ed z \u010desk\u00fdch jezdc\u016f byla dom\u00e1c\u00ed dvojice Favoritu Brno Adam K\u0159enek a \u0160t\u011bp\u00e1n \u0160irok\u00fd, ale obsadili a\u017e des\u00e1t\u00e9 m\u00edsto.<\/p>\n\n\n\n<p>V\u00fdsledky:<\/p>\n\n\n\n<p>Madison:<\/p>\n\n\n\n<p>Mu\u017ei:<\/p>\n\n\n\n<p>1. Boscaro, Quaranta (It.) 34, 2. Wulff, Haugsted (D\u00e1n.) 24, 3. Prokopyszyn, Pszczolarski (Pol.\/TUFO Pardus Prost\u011bjov) 22, 4. Schr\u00f6der, Jochum (N\u011bm.) 20, 5. Slawek, Wafler (Pol.\/Rak.) 17, 6. Zippan, Maschke (N\u011bm.) 13, &#8230;10. K\u0159enek, \u0160irok\u00fd (TJ Favorit Brno) 5.<\/p>\n\n\n\n<p>\u017deny:<\/p>\n\n\n\n<p>1. Alziniov\u00e1, Fiorinov\u00e1 (It.) 42, 2. \u0160ev\u010d\u00edkov\u00e1, Kohoutkov\u00e1 (Dukla Praha) 39, 3. Gomezov\u00e1, Zapataov\u00e1 (Kol.) 16, 4. B\u00e1rtov\u00e1, Barton\u00edkov\u00e1 (Dukla Praha) 13.<\/p>\n\n\n\n<p>Junio\u0159i:<\/p>\n\n\n\n<p>1.Peterlin, Murn (Slovin.) 55, 2. Galdyn, Gadera (Pol.) 42, 3. Kohout, Hlad\u00edk (Roman Kreuziger Cycling Academy) 40.<\/p>\n\n\n\n<p>FOTO Jan Brychta<\/p>\n\n\n\n<figure class=\"wp-block-image size-large\"><img loading=\"lazy\" decoding=\"async\" width=\"1024\" height=\"681\" src=\"https:\/\/www.czechcyclingfederation.com\/wp-content\/uploads\/2023\/09\/BrychtaJan_GP_Favorit_Brno_Prilba_Moravy_20230921_190605_DSC_8153-1024x681.jpg\" alt=\"\" class=\"wp-image-27277\" srcset=\"https:\/\/www.czechcyclingfederation.com\/wp-content\/uploads\/2023\/09\/BrychtaJan_GP_Favorit_Brno_Prilba_Moravy_20230921_190605_DSC_8153-1024x681.jpg 1024w, https:\/\/www.czechcyclingfederation.com\/wp-content\/uploads\/2023\/09\/BrychtaJan_GP_Favorit_Brno_Prilba_Moravy_20230921_190605_DSC_8153-300x200.jpg 300w, https:\/\/www.czechcyclingfederation.com\/wp-content\/uploads\/2023\/09\/BrychtaJan_GP_Favorit_Brno_Prilba_Moravy_20230921_190605_DSC_8153-768x511.jpg 768w, https:\/\/www.czechcyclingfederation.com\/wp-content\/uploads\/2023\/09\/BrychtaJan_GP_Favorit_Brno_Prilba_Moravy_20230921_190605_DSC_8153-1536x1022.jpg 1536w, https:\/\/www.czechcyclingfederation.com\/wp-content\/uploads\/2023\/09\/BrychtaJan_GP_Favorit_Brno_Prilba_Moravy_20230921_190605_DSC_8153-1320x878.jpg 1320w, https:\/\/www.czechcyclingfederation.com\/wp-content\/uploads\/2023\/09\/BrychtaJan_GP_Favorit_Brno_Prilba_Moravy_20230921_190605_DSC_8153.jpg 2000w\" sizes=\"auto, (max-width: 1024px) 100vw, 1024px\" \/><\/figure>\n\n\n\n<figure class=\"wp-block-image size-large\"><img loading=\"lazy\" decoding=\"async\" width=\"1024\" height=\"681\" src=\"https:\/\/www.czechcyclingfederation.com\/wp-content\/uploads\/2023\/09\/BrychtaJan_GP_Favorit_Brno_Prilba_Moravy_20230921_182229_DSC_7946-1024x681.jpg\" alt=\"\" class=\"wp-image-27279\" srcset=\"https:\/\/www.czechcyclingfederation.com\/wp-content\/uploads\/2023\/09\/BrychtaJan_GP_Favorit_Brno_Prilba_Moravy_20230921_182229_DSC_7946-1024x681.jpg 1024w, https:\/\/www.czechcyclingfederation.com\/wp-content\/uploads\/2023\/09\/BrychtaJan_GP_Favorit_Brno_Prilba_Moravy_20230921_182229_DSC_7946-300x200.jpg 300w, https:\/\/www.czechcyclingfederation.com\/wp-content\/uploads\/2023\/09\/BrychtaJan_GP_Favorit_Brno_Prilba_Moravy_20230921_182229_DSC_7946-768x511.jpg 768w, https:\/\/www.czechcyclingfederation.com\/wp-content\/uploads\/2023\/09\/BrychtaJan_GP_Favorit_Brno_Prilba_Moravy_20230921_182229_DSC_7946-1536x1022.jpg 1536w, https:\/\/www.czechcyclingfederation.com\/wp-content\/uploads\/2023\/09\/BrychtaJan_GP_Favorit_Brno_Prilba_Moravy_20230921_182229_DSC_7946-1320x878.jpg 1320w, https:\/\/www.czechcyclingfederation.com\/wp-content\/uploads\/2023\/09\/BrychtaJan_GP_Favorit_Brno_Prilba_Moravy_20230921_182229_DSC_7946.jpg 2000w\" sizes=\"auto, (max-width: 1024px) 100vw, 1024px\" \/><\/figure>\n","protected":false},"excerpt":{"rendered":"<p>\u00davodn\u00ed den z\u00e1vodu GP Favorit Brno &#8211; P\u0159ilba Moravy, ze seri\u00e1lu \u0160KODA Cup, pat\u0159il na brn\u011bnsk\u00e9m velodromu z\u00e1vod\u016fm v madisonu. Dvojice Petra \u0160ev\u010d\u00edkov\u00e1, Kate\u0159ina Kohoutkov\u00e1 z Dukly Praha skon\u010dila druh\u00e1, kdy\u017e nesta\u010dila pouze na Italky Martinu Alziniovou a Saru Fiorinovou. Mezi mu\u017ei byli nejlep\u0161\u00ed Davide Boscaro a Samuel Quaranta z It\u00e1lie, nejlep\u0161\u00ed z \u010desk\u00fdch jezdc\u016f [&hellip;]<\/p>\n","protected":false},"author":8,"featured_media":27275,"comment_status":"closed","ping_status":"open","sticky":false,"template":"","format":"standard","meta":{"footnotes":""},"categories":[54,2],"tags":[9],"class_list":["post-27274","post","type-post","status-publish","format-standard","has-post-thumbnail","hentry","category-draha","category-novinky","tag-draha"],"_links":{"self":[{"href":"https:\/\/www.czechcyclingfederation.com\/en\/wp-json\/wp\/v2\/posts\/27274","targetHints":{"allow":["GET"]}}],"collection":[{"href":"https:\/\/www.czechcyclingfederation.com\/en\/wp-json\/wp\/v2\/posts"}],"about":[{"href":"https:\/\/www.czechcyclingfederation.com\/en\/wp-json\/wp\/v2\/types\/post"}],"author":[{"embeddable":true,"href":"https:\/\/www.czechcyclingfederation.com\/en\/wp-json\/wp\/v2\/users\/8"}],"replies":[{"embeddable":true,"href":"https:\/\/www.czechcyclingfederation.com\/en\/wp-json\/wp\/v2\/comments?post=27274"}],"version-history":[{"count":2,"href":"https:\/\/www.czechcyclingfederation.com\/en\/wp-json\/wp\/v2\/posts\/27274\/revisions"}],"predecessor-version":[{"id":27311,"href":"https:\/\/www.czechcyclingfederation.com\/en\/wp-json\/wp\/v2\/posts\/27274\/revisions\/27311"}],"wp:featuredmedia":[{"embeddable":true,"href":"https:\/\/www.czechcyclingfederation.com\/en\/wp-json\/wp\/v2\/media\/27275"}],"wp:attachment":[{"href":"https:\/\/www.czechcyclingfederation.com\/en\/wp-json\/wp\/v2\/media?parent=27274"}],"wp:term":[{"taxonomy":"category","embeddable":true,"href":"https:\/\/www.czechcyclingfederation.com\/en\/wp-json\/wp\/v2\/categories?post=27274"},{"taxonomy":"post_tag","embeddable":true,"href":"https:\/\/www.czechcyclingfederation.com\/en\/wp-json\/wp\/v2\/tags?post=27274"}],"curies":[{"name":"wp","href":"https:\/\/api.w.org\/{rel}","templated":true}]}}