{"id":2724,"date":"2020-10-23T20:21:28","date_gmt":"2020-10-23T18:21:28","guid":{"rendered":"http:\/\/www.czechcyclingfederation.com\/?p=2724"},"modified":"2020-11-04T12:10:46","modified_gmt":"2020-11-04T11:10:46","slug":"josef-cerny-vyhral-19-etapu-giro-ditalia","status":"publish","type":"post","link":"https:\/\/www.czechcyclingfederation.com\/en\/josef-cerny-vyhral-19-etapu-giro-ditalia\/","title":{"rendered":"Josef \u010cern\u00fd vyhr\u00e1l 19.etapu Giro d\u00b4Italia!"},"content":{"rendered":"\n<p>\u010cesk\u00fd cyklista t\u00fdmu CCC Josef \u010cern\u00fd zaz\u00e1\u0159il v p\u00e1tek v 19. etap\u011b Giro d\u00b4Italia, kdy\u017e po dvaceti dvou kilometrov\u00e9m \u00faniku protnul c\u00edlovou p\u00e1sku jako prvn\u00ed a po osmi letech jako dal\u0161\u00ed z \u010cech\u016f zv\u00edt\u011bzil v etap\u011b Grand Tour.<\/p>\n\n\n\n<p>V historii italsk\u00e9 grand tour se poda\u0159ilo vyhr\u00e1t etapu na Giru t\u0159em \u010desk\u00fdm cyklist\u016fm &#8211; Janu Svoradovi, Janu Hru\u0161kovi a v roce 2012 Romanu Kreuzigerovi. Josef \u010cern\u00fd je tedy \u010dtvrt\u00fdm \u010cechem, kter\u00e9mu se tento skv\u011bl\u00fd sportovn\u00ed v\u00fdkon v podob\u011b v\u00edt\u011bzstv\u00ed v etap\u011b poda\u0159il.<\/p>\n\n\n\n<p>Josef \u010cern\u00fd byl celou dne\u0161n\u00ed etapu velmi aktivn\u00ed a propracoval se hned v \u00favodu etapy do skupinky jezdc\u016f v \u00faniku, ve kter\u00e9 se mu nejen poda\u0159ilo udr\u017eet, ale zhruba 23 km p\u0159ed c\u00edlem s\u00e1m nastoupil a postupn\u011b si vytvo\u0159il n\u00e1skok a\u017e 40 vte\u0159in. P\u0159esto\u017ee se jeho pron\u00e1sledovatel\u00e9 sna\u017eili Josef\u016fv \u00fanik zlikvidovat, poda\u0159ilo se jim pouze st\u00e1hnout n\u00e1skok na 18 vte\u0159in, ale \u010cern\u00e9ho v\u00edt\u011bzstv\u00ed to ji\u017e neovlivnilo.<\/p>\n\n\n\n<p>\u010cesk\u00fd reprezentant byl po dojezdu nesm\u00edrn\u011b \u0161\u0165astn\u00fd a p\u0159iznal, \u017ee a\u017e do posledn\u00ed chv\u00edle ve v\u00edt\u011bzstv\u00ed nev\u011b\u0159il. <em>&#8220;Nev\u011b\u0159il jsem tomu a\u017e do posledn\u00edch 500 metr\u016f. Na posledn\u00edch deseti kilometrech jsem m\u011bl sice po\u0159\u00e1d 25 a\u017e 30 sekund n\u00e1skok, ale bylo to proti v\u011btru<\/em>,&#8221; uvedl \u010cern\u00fd, jen\u017e pak projel c\u00edlem s hlavou v dlan\u00edch. &#8220;<em>Dal jsem do toho v\u0161echno a bylo to neuv\u011b\u0159iteln\u00e9, projet c\u00edlovou p\u00e1skou jako prvn\u00ed. Dneska jsem si splnil sen<\/em>,&#8221; dodal.<\/p>\n\n\n\n<p>Foto: zdroj sport.cz: Fabio Ferrari,&nbsp;<a href=\"http:\/\/www.ctk.cz\/\">\u010cTK\/AP<\/a><\/p>\n\n\n\n<figure class=\"wp-block-image size-large\"><img loading=\"lazy\" decoding=\"async\" width=\"630\" height=\"419\" src=\"http:\/\/www.czechcyclingfederation.com\/wp-content\/uploads\/2020\/10\/Josef-\u010cern\u00fd_Giro.jpg\" alt=\"\" class=\"wp-image-2726\" srcset=\"https:\/\/www.czechcyclingfederation.com\/wp-content\/uploads\/2020\/10\/Josef-\u010cern\u00fd_Giro.jpg 630w, https:\/\/www.czechcyclingfederation.com\/wp-content\/uploads\/2020\/10\/Josef-\u010cern\u00fd_Giro-300x200.jpg 300w\" sizes=\"auto, (max-width: 630px) 100vw, 630px\" \/><\/figure>\n","protected":false},"excerpt":{"rendered":"<p>\u010cesk\u00fd cyklista t\u00fdmu CCC Josef \u010cern\u00fd zaz\u00e1\u0159il v p\u00e1tek v 19. etap\u011b Giro d\u00b4Italia, kdy\u017e po dvaceti dvou kilometrov\u00e9m \u00faniku protnul c\u00edlovou p\u00e1sku jako prvn\u00ed a po osmi letech jako dal\u0161\u00ed z \u010cech\u016f zv\u00edt\u011bzil v etap\u011b Grand Tour. V historii italsk\u00e9 grand tour se poda\u0159ilo vyhr\u00e1t etapu na Giru t\u0159em \u010desk\u00fdm cyklist\u016fm &#8211; Janu Svoradovi, [&hellip;]<\/p>\n","protected":false},"author":3,"featured_media":2726,"comment_status":"closed","ping_status":"open","sticky":false,"template":"","format":"standard","meta":{"footnotes":""},"categories":[2,18],"tags":[11],"class_list":["post-2724","post","type-post","status-publish","format-standard","has-post-thumbnail","hentry","category-novinky","category-silnice","tag-silnice"],"_links":{"self":[{"href":"https:\/\/www.czechcyclingfederation.com\/en\/wp-json\/wp\/v2\/posts\/2724","targetHints":{"allow":["GET"]}}],"collection":[{"href":"https:\/\/www.czechcyclingfederation.com\/en\/wp-json\/wp\/v2\/posts"}],"about":[{"href":"https:\/\/www.czechcyclingfederation.com\/en\/wp-json\/wp\/v2\/types\/post"}],"author":[{"embeddable":true,"href":"https:\/\/www.czechcyclingfederation.com\/en\/wp-json\/wp\/v2\/users\/3"}],"replies":[{"embeddable":true,"href":"https:\/\/www.czechcyclingfederation.com\/en\/wp-json\/wp\/v2\/comments?post=2724"}],"version-history":[{"count":4,"href":"https:\/\/www.czechcyclingfederation.com\/en\/wp-json\/wp\/v2\/posts\/2724\/revisions"}],"predecessor-version":[{"id":2808,"href":"https:\/\/www.czechcyclingfederation.com\/en\/wp-json\/wp\/v2\/posts\/2724\/revisions\/2808"}],"wp:featuredmedia":[{"embeddable":true,"href":"https:\/\/www.czechcyclingfederation.com\/en\/wp-json\/wp\/v2\/media\/2726"}],"wp:attachment":[{"href":"https:\/\/www.czechcyclingfederation.com\/en\/wp-json\/wp\/v2\/media?parent=2724"}],"wp:term":[{"taxonomy":"category","embeddable":true,"href":"https:\/\/www.czechcyclingfederation.com\/en\/wp-json\/wp\/v2\/categories?post=2724"},{"taxonomy":"post_tag","embeddable":true,"href":"https:\/\/www.czechcyclingfederation.com\/en\/wp-json\/wp\/v2\/tags?post=2724"}],"curies":[{"name":"wp","href":"https:\/\/api.w.org\/{rel}","templated":true}]}}