{"id":27236,"date":"2023-09-20T12:11:23","date_gmt":"2023-09-20T10:11:23","guid":{"rendered":"https:\/\/www.czechcyclingfederation.com\/?p=27236"},"modified":"2023-09-20T12:11:26","modified_gmt":"2023-09-20T10:11:26","slug":"prilba-moravy-od-zitrka-na-brnenskem-velodromu","status":"publish","type":"post","link":"https:\/\/www.czechcyclingfederation.com\/en\/prilba-moravy-od-zitrka-na-brnenskem-velodromu\/","title":{"rendered":"P\u0159ilba Moravy od z\u00edt\u0159ka na brn\u011bnsk\u00e9m velodromu"},"content":{"rendered":"\n<p>Ji\u017e z\u00edtra, tedy ve \u010dtvrtek 21. z\u00e1\u0159\u00ed, vypukne na brn\u011bnsk\u00e9m velodromu slavnostn\u00ed zakon\u010den\u00ed dr\u00e1hov\u00e9 sez\u00f3ny v\u00a0podob\u011b dvoudenn\u00edho presti\u017en\u00edho m\u00edtinku sv\u011btov\u00e9 \u00farovn\u011b Grand Prix Favorit Brno \u2013 P\u0159ilba Moravy. Tradi\u010dn\u00ed z\u00e1vod, jeho\u017e historie spad\u00e1 a\u017e do roku 1939, je ji\u017e posedm\u00e9 za\u0159azen do mezin\u00e1rodn\u00edho kalend\u00e1\u0159e UCI (Mezin\u00e1rodn\u00ed cyklistick\u00e1 unie) v\u00a0nejvy\u0161\u0161\u00ed kategorii Class1.<\/p>\n\n\n\n<p>V\u00fdznamu akce odpov\u00edd\u00e1 i \u00fa\u010dast z\u00e1vodn\u00edk\u016f a z\u00e1vodnic, kter\u00e1 se v posledn\u00edch letech da\u0159\u00ed po\u0159\u00e1daj\u00edc\u00ed T\u011blov\u00fdchovn\u00e9 jednot\u011b Favorit Brno zajistit. V&nbsp;leto\u0161n\u00edm roce jsou p\u0159ihl\u00e1\u0161eni dr\u00e1ha\u0159i z&nbsp;v\u00edce ne\u017e patn\u00e1cti st\u00e1t\u016f sv\u011bta. Div\u00e1ci tak budou moci podpo\u0159it dom\u00e1c\u00ed nad\u011bjn\u00e9 \u201efavori\u0165\u00e1ky\u201c a reprezentanty \u010cR Adama K\u0159enka se \u0160t\u011bp\u00e1nem \u0160irok\u00fdm v&nbsp;souboj\u00edch se siln\u00fdmi v\u00fdb\u011bry It\u00e1lie, D\u00e1nska, N\u011bmecka, \u0160pan\u011blska \u010di Kolumbie.<\/p>\n\n\n\n<p>Prvn\u00ed den je od 16. hodiny na programu div\u00e1cky velmi atraktivn\u00ed olympijsk\u00e1 discipl\u00edna bodovac\u00ed z\u00e1vod dvojic. V\u00edt\u011bzstv\u00ed bude obhajovat d\u00e1nsk\u00fd n\u00e1rodn\u00ed t\u00fdm, kter\u00fd v\u0161ak p\u0159ijede s\u00a0velmi mlad\u00fdmi z\u00e1vodn\u00edky a je tak pravd\u011bpodobn\u00e9, \u017ee se o v\u00edt\u011bzstv\u00ed budou pr\u00e1t zku\u0161en\u011bj\u0161\u00ed dr\u00e1ha\u0159i. Sou\u010d\u00e1st\u00ed po\u010detn\u00e9ho pelotonu \u0161estn\u00e1cti dvojic bude \u00fa\u010dastn\u00edk olympijsk\u00fdch her Juan Arango z\u00a0Kolumbie, juniorsk\u00fd mistr sv\u011bta Radovan \u0160tec, z\u00e1vod\u00edc\u00ed za izraelsk\u00fd t\u00fdm Israel Premier Tech Academy, polsk\u00fd mistr Evropy Wojciech Pszczolaski nebo i z\u00e1vodn\u00edk silni\u010dn\u00edho profesion\u00e1ln\u00edho t\u00fdmu Movistar N\u011bmec Max Kanter, v\u00a0jeho\u017e dresu letos absolvoval t\u0159\u00edt\u00fddenn\u00ed etapov\u00fd z\u00e1vod Giro d\u2019Italia.<\/p>\n\n\n\n<figure class=\"wp-block-image size-large\"><img loading=\"lazy\" decoding=\"async\" width=\"1024\" height=\"681\" src=\"https:\/\/www.czechcyclingfederation.com\/wp-content\/uploads\/2023\/09\/m-3-1024x681.jpeg\" alt=\"\" class=\"wp-image-27239\" srcset=\"https:\/\/www.czechcyclingfederation.com\/wp-content\/uploads\/2023\/09\/m-3-1024x681.jpeg 1024w, https:\/\/www.czechcyclingfederation.com\/wp-content\/uploads\/2023\/09\/m-3-300x200.jpeg 300w, https:\/\/www.czechcyclingfederation.com\/wp-content\/uploads\/2023\/09\/m-3-768x511.jpeg 768w, https:\/\/www.czechcyclingfederation.com\/wp-content\/uploads\/2023\/09\/m-3-1536x1022.jpeg 1536w, https:\/\/www.czechcyclingfederation.com\/wp-content\/uploads\/2023\/09\/m-3-1320x878.jpeg 1320w, https:\/\/www.czechcyclingfederation.com\/wp-content\/uploads\/2023\/09\/m-3.jpeg 2000w\" sizes=\"auto, (max-width: 1024px) 100vw, 1024px\" \/><\/figure>\n\n\n\n<p>N\u00e1sleduj\u00edc\u00ed den akce vyvrchol\u00ed tradi\u010dn\u00ed P\u0159ilbou Moravy, kter\u00e1 se v&nbsp;posledn\u00edch letech jezd\u00ed jako olympijsk\u00e9 omnium, co\u017e je soubor 4 dr\u00e1hov\u00fdch discipl\u00edn zakon\u010den\u00fd bodovac\u00edm z\u00e1vodem jednotlivc\u016f. K&nbsp;tomuto z\u00e1vodu je p\u0159ihl\u00e1\u0161eno tak\u0159ka 40 z\u00e1vodn\u00edk\u016f a krom\u011b v\u00fd\u0161e uveden\u00fdch zem\u00ed se v&nbsp;tomto dr\u00e1hov\u00e9m v\u00edceboji utkaj\u00ed tak\u00e9 z\u00e1stupci Al\u017e\u00edrska, \u0160v\u00e9dska, Ukrajiny, Rumunska \u010di Chorvatska. P\u00e1te\u010dn\u00ed program za\u010d\u00edn\u00e1 od 12:30 a hlavn\u00ed z\u00e1vody budou dopln\u011bny vlo\u017een\u00fdmi sout\u011b\u017eemi ml\u00e1de\u017ee.<\/p>\n\n\n\n<p>Podrobn\u00fd program naleznete na webu po\u0159adatele\u00a0<a href=\"http:\/\/www.favoritbrno.cz\/\">www.favoritbrno.cz<\/a>.<\/p>\n\n\n\n<p>Po oba dny se bude doj\u00ed\u017ed\u011bt za atraktivn\u00edho um\u011bl\u00e9ho osv\u011btlen\u00ed, kter\u00e9 dokresluje p\u016fsobivou atmosf\u00e9ru slavnostn\u00edho ve\u010dera. P\u0159ed leto\u0161n\u00edm ro\u010dn\u00edkem se Favoritu Brno za finan\u010dn\u00edho p\u0159isp\u011bn\u00ed Jihomoravsk\u00e9ho kraje a spolupr\u00e1ce s\u00a0firmou Felbermayr, kter\u00e1 zap\u016fj\u010dila mont\u00e1\u017en\u00ed plo\u0161inu, poda\u0159ilo zmodernizovat dopl\u0148kov\u00e9 osv\u011btlen\u00ed, kdy zastaral\u00e9 halogenov\u00e9 v\u00fdbojky byly nahrazeny \u00fasporn\u00fdmi LED sv\u011btly. Jedn\u00e1 se tak o jednu z prvn\u00edch etap revitalizace nejstar\u0161\u00edho velodromu na sv\u011bt\u011b.<\/p>\n\n\n\n<p>AUTOR: TZ Favorit Brno<\/p>\n","protected":false},"excerpt":{"rendered":"<p>Ji\u017e z\u00edtra, tedy ve \u010dtvrtek 21. z\u00e1\u0159\u00ed, vypukne na brn\u011bnsk\u00e9m velodromu slavnostn\u00ed zakon\u010den\u00ed dr\u00e1hov\u00e9 sez\u00f3ny v\u00a0podob\u011b dvoudenn\u00edho presti\u017en\u00edho m\u00edtinku sv\u011btov\u00e9 \u00farovn\u011b Grand Prix Favorit Brno \u2013 P\u0159ilba Moravy. Tradi\u010dn\u00ed z\u00e1vod, jeho\u017e historie spad\u00e1 a\u017e do roku 1939, je ji\u017e posedm\u00e9 za\u0159azen do mezin\u00e1rodn\u00edho kalend\u00e1\u0159e UCI (Mezin\u00e1rodn\u00ed cyklistick\u00e1 unie) v\u00a0nejvy\u0161\u0161\u00ed kategorii Class1. V\u00fdznamu akce odpov\u00edd\u00e1 i [&hellip;]<\/p>\n","protected":false},"author":1,"featured_media":27237,"comment_status":"closed","ping_status":"open","sticky":false,"template":"","format":"standard","meta":{"footnotes":""},"categories":[17,54,2],"tags":[9],"class_list":["post-27236","post","type-post","status-publish","format-standard","has-post-thumbnail","hentry","category-discipliny","category-draha","category-novinky","tag-draha"],"_links":{"self":[{"href":"https:\/\/www.czechcyclingfederation.com\/en\/wp-json\/wp\/v2\/posts\/27236","targetHints":{"allow":["GET"]}}],"collection":[{"href":"https:\/\/www.czechcyclingfederation.com\/en\/wp-json\/wp\/v2\/posts"}],"about":[{"href":"https:\/\/www.czechcyclingfederation.com\/en\/wp-json\/wp\/v2\/types\/post"}],"author":[{"embeddable":true,"href":"https:\/\/www.czechcyclingfederation.com\/en\/wp-json\/wp\/v2\/users\/1"}],"replies":[{"embeddable":true,"href":"https:\/\/www.czechcyclingfederation.com\/en\/wp-json\/wp\/v2\/comments?post=27236"}],"version-history":[{"count":1,"href":"https:\/\/www.czechcyclingfederation.com\/en\/wp-json\/wp\/v2\/posts\/27236\/revisions"}],"predecessor-version":[{"id":27241,"href":"https:\/\/www.czechcyclingfederation.com\/en\/wp-json\/wp\/v2\/posts\/27236\/revisions\/27241"}],"wp:featuredmedia":[{"embeddable":true,"href":"https:\/\/www.czechcyclingfederation.com\/en\/wp-json\/wp\/v2\/media\/27237"}],"wp:attachment":[{"href":"https:\/\/www.czechcyclingfederation.com\/en\/wp-json\/wp\/v2\/media?parent=27236"}],"wp:term":[{"taxonomy":"category","embeddable":true,"href":"https:\/\/www.czechcyclingfederation.com\/en\/wp-json\/wp\/v2\/categories?post=27236"},{"taxonomy":"post_tag","embeddable":true,"href":"https:\/\/www.czechcyclingfederation.com\/en\/wp-json\/wp\/v2\/tags?post=27236"}],"curies":[{"name":"wp","href":"https:\/\/api.w.org\/{rel}","templated":true}]}}