{"id":27189,"date":"2023-09-18T15:07:37","date_gmt":"2023-09-18T13:07:37","guid":{"rendered":"https:\/\/www.czechcyclingfederation.com\/?p=27189"},"modified":"2023-09-18T15:40:54","modified_gmt":"2023-09-18T13:40:54","slug":"prvni-mistri-cr-v-pump-tracku","status":"publish","type":"post","link":"https:\/\/www.czechcyclingfederation.com\/en\/prvni-mistri-cr-v-pump-tracku\/","title":{"rendered":"Prvn\u00ed mist\u0159i \u010cR v pump tracku"},"content":{"rendered":"\n<p>O uplynul\u00e9m v\u00edkendu se v To\u0161ovic\u00edch konalo historicky prvn\u00ed M\u010cR v pump tracku! Programu p\u0159edch\u00e1zela sobotn\u00ed kvalifikace na MS.<\/p>\n\n\n\n<p>Pump track jako mlad\u00e1 discipl\u00edna si postupn\u011b prod\u00edr\u00e1 svou cestu a st\u00e1v\u00e1 se \u010d\u00edm d\u00e1l popul\u00e1rn\u011bj\u0161\u00ed. V lo\u0148sk\u00e9m roce se na okruhu v To\u0161ovic\u00edch konala historicky prvn\u00ed kvalifikace na MS u n\u00e1s, letos byl program dopln\u011bn\u00fd tak\u00e9 o premi\u00e9rov\u00e9 M\u010cR.<\/p>\n\n\n\n<p>V sobotn\u00ed kvalifikaci na mistrovstv\u00ed sv\u011bta obsadil Martin \u0160\u00e1lek druhou pozici ve velk\u00e9 konkurenci. Lo\u0148sk\u00fd v\u00edt\u011bz kvalifikace Kristaps Veksa z Loty\u0161ska bral t\u0159et\u00ed m\u00edsto a v\u00fdlet na sv\u011btov\u00e9 fin\u00e1le bere slovensk\u00fd borec\u00a0Daniel Hradsk\u00fd. \u010cesk\u00e1 jezdkyn\u011b Eli\u0161ka Bart\u016f\u0148kov\u00e1 si jako jedin\u00e1 vypumpovala postup na mistrovstv\u00ed sv\u011bta ze t\u0159et\u00edho m\u00edsta. Nejlep\u0161\u00ed z\u00e1vodnic\u00ed byla Slovenka Krist\u00edna Madar\u00e1sov\u00e1, druh\u00e1 pak byla Julie Heusequin z Belgie.<\/p>\n\n\n\n<p>Nov\u00fdm mistrem \u010cR v elitn\u00ed kategorii se stal Martin \u0160\u00e1lek, druh\u00e9 m\u00edsto pak bral Dominik Va\u0161ut a stupn\u011b v\u00edt\u011bz\u016f doplnil Martin Huf. Sobotn\u00ed t\u0159et\u00ed m\u00edsto vylep\u0161ila mezi pouze \u010deskou konkurenc\u00ed Eli\u0161ka Bart\u016f\u0148kov\u00e1, kdy\u017e si do\u0161la pro titul mistryn\u011b. Vicemistryn\u00ed se stala \u0160t\u011bp\u00e1nka Fremlov\u00e1, t\u0159et\u00ed p\u0159\u00ed\u010dku brala Lucie \u010cern\u00e1.<\/p>\n\n\n\n<p>&#8220;Z\u00e1vod M\u010cR v pump tracku hodnot\u00edm jako velmi poveden\u00fd. Jedn\u00e1 se o mladou discipl\u00ednu, kter\u00e1 si v\u0161ak mus\u00ed naj\u00edt svou cestu. Je ale velmi obl\u00edben\u00e1 a v p\u0159\u00ed\u0161t\u00edm roce bychom r\u00e1di zkusili ud\u011blat n\u011bco jako nult\u00fd ro\u010dn\u00edk \u010cesk\u00e9ho poh\u00e1ru, uvid\u00edme jak se n\u00e1m to poda\u0159\u00ed,&#8221; hodnotil z\u00e1vod a discipl\u00ednu obecn\u011b spolupo\u0159adatel a p\u0159edseda BMX komise David Pr\u016f\u0161a.<\/p>\n\n\n\n<figure class=\"wp-block-image size-large\"><img loading=\"lazy\" decoding=\"async\" width=\"1024\" height=\"683\" src=\"https:\/\/www.czechcyclingfederation.com\/wp-content\/uploads\/2023\/09\/Heipark_MCR_23_nedele_152-1024x683.jpg\" alt=\"\" class=\"wp-image-27199\" srcset=\"https:\/\/www.czechcyclingfederation.com\/wp-content\/uploads\/2023\/09\/Heipark_MCR_23_nedele_152-1024x683.jpg 1024w, https:\/\/www.czechcyclingfederation.com\/wp-content\/uploads\/2023\/09\/Heipark_MCR_23_nedele_152-300x200.jpg 300w, https:\/\/www.czechcyclingfederation.com\/wp-content\/uploads\/2023\/09\/Heipark_MCR_23_nedele_152-768x512.jpg 768w, https:\/\/www.czechcyclingfederation.com\/wp-content\/uploads\/2023\/09\/Heipark_MCR_23_nedele_152-1536x1024.jpg 1536w, https:\/\/www.czechcyclingfederation.com\/wp-content\/uploads\/2023\/09\/Heipark_MCR_23_nedele_152-2048x1365.jpg 2048w, https:\/\/www.czechcyclingfederation.com\/wp-content\/uploads\/2023\/09\/Heipark_MCR_23_nedele_152-1320x880.jpg 1320w\" sizes=\"auto, (max-width: 1024px) 100vw, 1024px\" \/><\/figure>\n\n\n\n<p>V\u00fdsledky:<\/p>\n\n\n\n<p>Sobota 16.9.2023<\/p>\n\n\n\n<p>UCI Pump Track World Championship Qualifier &#8211; Czech Republic<\/p>\n\n\n\n<p>Women:<\/p>\n\n\n\n<p>1.Krist\u00edna MADAR\u00c1SOV\u00c1<\/p>\n\n\n\n<p>2.Julie HEUSEQUIN<\/p>\n\n\n\n<p>3.Eli\u0161ka BARTU\u0147KOV\u00c1&nbsp;<\/p>\n\n\n\n<p>Men:<\/p>\n\n\n\n<p>1.Daniel HRADSKY<\/p>\n\n\n\n<p>2.Martin SALEK<\/p>\n\n\n\n<p>3.Kristaps VEKSA<\/p>\n\n\n\n<p>Ned\u011ble 17.9.2023<\/p>\n\n\n\n<p>1.Mistrovstv\u00ed \u010cR v j\u00edzd\u011b na Pump Tracku<\/p>\n\n\n\n<p>Holky 13+:&nbsp;<\/p>\n\n\n\n<p>1.Eli\u0161ka BARTU\u0147KOV\u00c1&nbsp;<\/p>\n\n\n\n<p>2.\u0160t\u011bp\u00e1nka FREMLOV\u00c1&nbsp;<\/p>\n\n\n\n<p>3.Lucie \u010cERN\u00c1<\/p>\n\n\n\n<p>Chlapci 13-14<\/p>\n\n\n\n<p>1.V\u00e1clav NAJSER<\/p>\n\n\n\n<p>2.Martin KIWAK<\/p>\n\n\n\n<p>3.\u0160imon AKSAMIT<\/p>\n\n\n\n<p>Chlapci 15-16<\/p>\n\n\n\n<p>1. Ji\u0159\u00ed WEINER<\/p>\n\n\n\n<p>2.Anton\u00edn HADRAVA<\/p>\n\n\n\n<p>3.Filip \u0160EV\u010c\u00cdK<\/p>\n\n\n\n<p>Mu\u017ei 17+<\/p>\n\n\n\n<p>1. Martin \u0160\u00c1LEK<\/p>\n\n\n\n<p>2.Dominik VA\u0160UT<\/p>\n\n\n\n<p>3.Martin HUF<\/p>\n","protected":false},"excerpt":{"rendered":"<p>O uplynul\u00e9m v\u00edkendu se v To\u0161ovic\u00edch konalo historicky prvn\u00ed M\u010cR v pump tracku! Programu p\u0159edch\u00e1zela sobotn\u00ed kvalifikace na MS. Pump track jako mlad\u00e1 discipl\u00edna si postupn\u011b prod\u00edr\u00e1 svou cestu a st\u00e1v\u00e1 se \u010d\u00edm d\u00e1l popul\u00e1rn\u011bj\u0161\u00ed. V lo\u0148sk\u00e9m roce se na okruhu v To\u0161ovic\u00edch konala historicky prvn\u00ed kvalifikace na MS u n\u00e1s, letos byl program dopln\u011bn\u00fd [&hellip;]<\/p>\n","protected":false},"author":1,"featured_media":27202,"comment_status":"closed","ping_status":"open","sticky":false,"template":"","format":"standard","meta":{"footnotes":""},"categories":[57,2],"tags":[55],"class_list":["post-27189","post","type-post","status-publish","format-standard","has-post-thumbnail","hentry","category-bmx","category-novinky","tag-bmx"],"_links":{"self":[{"href":"https:\/\/www.czechcyclingfederation.com\/en\/wp-json\/wp\/v2\/posts\/27189","targetHints":{"allow":["GET"]}}],"collection":[{"href":"https:\/\/www.czechcyclingfederation.com\/en\/wp-json\/wp\/v2\/posts"}],"about":[{"href":"https:\/\/www.czechcyclingfederation.com\/en\/wp-json\/wp\/v2\/types\/post"}],"author":[{"embeddable":true,"href":"https:\/\/www.czechcyclingfederation.com\/en\/wp-json\/wp\/v2\/users\/1"}],"replies":[{"embeddable":true,"href":"https:\/\/www.czechcyclingfederation.com\/en\/wp-json\/wp\/v2\/comments?post=27189"}],"version-history":[{"count":3,"href":"https:\/\/www.czechcyclingfederation.com\/en\/wp-json\/wp\/v2\/posts\/27189\/revisions"}],"predecessor-version":[{"id":27204,"href":"https:\/\/www.czechcyclingfederation.com\/en\/wp-json\/wp\/v2\/posts\/27189\/revisions\/27204"}],"wp:featuredmedia":[{"embeddable":true,"href":"https:\/\/www.czechcyclingfederation.com\/en\/wp-json\/wp\/v2\/media\/27202"}],"wp:attachment":[{"href":"https:\/\/www.czechcyclingfederation.com\/en\/wp-json\/wp\/v2\/media?parent=27189"}],"wp:term":[{"taxonomy":"category","embeddable":true,"href":"https:\/\/www.czechcyclingfederation.com\/en\/wp-json\/wp\/v2\/categories?post=27189"},{"taxonomy":"post_tag","embeddable":true,"href":"https:\/\/www.czechcyclingfederation.com\/en\/wp-json\/wp\/v2\/tags?post=27189"}],"curies":[{"name":"wp","href":"https:\/\/api.w.org\/{rel}","templated":true}]}}