{"id":27170,"date":"2023-09-17T19:26:35","date_gmt":"2023-09-17T17:26:35","guid":{"rendered":"https:\/\/www.czechcyclingfederation.com\/?p=27170"},"modified":"2023-09-18T14:24:43","modified_gmt":"2023-09-18T12:24:43","slug":"mistrovstvi-republiky-v-casovce-tymu-opanovala-dukla-celkovym-vitezem-brilon-cupu-zahalka","status":"publish","type":"post","link":"https:\/\/www.czechcyclingfederation.com\/en\/mistrovstvi-republiky-v-casovce-tymu-opanovala-dukla-celkovym-vitezem-brilon-cupu-zahalka\/","title":{"rendered":"M\u010cR v \u010dasovce t\u00fdm\u016f opanovala Dukla. Celkov\u00fdm v\u00edt\u011bzem Brilon Cupu Zah\u00e1lka!"},"content":{"rendered":"\n<p>Pra\u017esk\u00e1 Dukla ovl\u00e1dla z\u00e1v\u011bre\u010dn\u00fd d\u00edl silni\u010dn\u00edho seri\u00e1lu Brilon Cup 2023, j\u00edm\u017e bylo mistrovstv\u00ed republiky v&nbsp;\u010dasovce dru\u017estev v&nbsp;\u017didovic\u00edch u Roudnice nad Labem. Prvn\u00ed m\u00edsto z\u00edskala Dukla mezi \u017eenami i v&nbsp;kategorii junior\u016f. T\u0159et\u00ed p\u0159\u00ed\u010dkou zpe\u010detil celkov\u00e9 prvenstv\u00ed <strong>\u0160t\u011bp\u00e1n Zah\u00e1lka<\/strong> z&nbsp;t\u00fdmu Mapei Merida Ka\u0148kovsk\u00fd.<\/p>\n\n\n\n<p>Mezi \u017eenami \u010dasovku dru\u017estev ovl\u00e1dla dvojice <strong>Jarmila Macha\u010dov\u00e1-Barbora N\u011bmcov\u00e1<\/strong> z&nbsp;pra\u017esk\u00e9 Dukly. <em>\u201eVyhr\u00e1li jsme o vte\u0159inu. B\u00e1ra p\u0159itom m\u011bla p\u016fj\u010den\u00e9 kolo. V&nbsp;\u017eivot\u011b na n\u011bm nesed\u011bla. M\u011bla si p\u016fvodn\u011b vz\u00edt n\u011bjak\u00e9 od jedn\u00e9 z&nbsp;kadetek, ale nebylo to \u010dasov\u011b provediteln\u00e9. Ale n\u011bjak jsme to zvl\u00e1dly,\u201c<\/em> usm\u00edval se spokojen\u011b Jarmila Macha\u010dov\u00e1.<\/p>\n\n\n\n<figure class=\"wp-block-image size-large\"><img loading=\"lazy\" decoding=\"async\" width=\"1024\" height=\"681\" src=\"https:\/\/www.czechcyclingfederation.com\/wp-content\/uploads\/2023\/09\/dukla-2-1024x681.jpg\" alt=\"\" class=\"wp-image-27174\" srcset=\"https:\/\/www.czechcyclingfederation.com\/wp-content\/uploads\/2023\/09\/dukla-2-1024x681.jpg 1024w, https:\/\/www.czechcyclingfederation.com\/wp-content\/uploads\/2023\/09\/dukla-2-300x200.jpg 300w, https:\/\/www.czechcyclingfederation.com\/wp-content\/uploads\/2023\/09\/dukla-2-768x511.jpg 768w, https:\/\/www.czechcyclingfederation.com\/wp-content\/uploads\/2023\/09\/dukla-2-1536x1022.jpg 1536w, https:\/\/www.czechcyclingfederation.com\/wp-content\/uploads\/2023\/09\/dukla-2-1320x878.jpg 1320w, https:\/\/www.czechcyclingfederation.com\/wp-content\/uploads\/2023\/09\/dukla-2.jpg 2000w\" sizes=\"auto, (max-width: 1024px) 100vw, 1024px\" \/><\/figure>\n\n\n\n<p><em>\u201eDo Brilon Cupu jsem nastoupila v&nbsp;Hrabyni u Ostravy, ve Vysok\u00e9m M\u00fdt\u011b a poka\u017ed\u00e9 jsem vyhr\u00e1la stejn\u011b jako te\u010f \u010dasovku dru\u017estev. Tak\u017ee si nemohu st\u011b\u017eovat,\u201c<\/em> p\u0159iznala Macha\u010dov\u00e1, kter\u00e1 letos vyhr\u00e1la i titul.<\/p>\n\n\n\n<p>T\u00fdmov\u00e9 \u010dasovce junior\u016f dominovalo kvarteto <strong>Dukly Praha <\/strong>ve slo\u017een\u00ed <strong>Jakub Kuba, Adam Brad\u00e1\u010d, Maty\u00e1\u0161 Muro\u0148, Kristi\u00e1n Vavro.<\/strong> Druh\u00e1 p\u0159\u00ed\u010dka p\u0159ipadla sestav\u011b Lawi junior team (Maty\u00e1\u0161 Pol\u00e1k, Jan Falt\u00fdnek, Maty\u00e1\u0161 Miklo\u0161\u00edn, Vlastimil Horyna), t\u0159et\u00ed p\u0159\u00ed\u010dku obsadila sestava Mapei Merida Ka\u0148kovsk\u00fd (\u0160t\u011bp\u00e1n Zah\u00e1lka, Jan Bittner, Adam Hrdli\u010dka).<\/p>\n\n\n\n<figure class=\"wp-block-image size-large\"><img loading=\"lazy\" decoding=\"async\" width=\"1024\" height=\"681\" src=\"https:\/\/www.czechcyclingfederation.com\/wp-content\/uploads\/2023\/09\/dukla-3-1024x681.jpg\" alt=\"\" class=\"wp-image-27176\" srcset=\"https:\/\/www.czechcyclingfederation.com\/wp-content\/uploads\/2023\/09\/dukla-3-1024x681.jpg 1024w, https:\/\/www.czechcyclingfederation.com\/wp-content\/uploads\/2023\/09\/dukla-3-300x200.jpg 300w, https:\/\/www.czechcyclingfederation.com\/wp-content\/uploads\/2023\/09\/dukla-3-768x511.jpg 768w, https:\/\/www.czechcyclingfederation.com\/wp-content\/uploads\/2023\/09\/dukla-3-1536x1022.jpg 1536w, https:\/\/www.czechcyclingfederation.com\/wp-content\/uploads\/2023\/09\/dukla-3-1320x878.jpg 1320w, https:\/\/www.czechcyclingfederation.com\/wp-content\/uploads\/2023\/09\/dukla-3.jpg 2000w\" sizes=\"auto, (max-width: 1024px) 100vw, 1024px\" \/><\/figure>\n\n\n\n<p><em>\u201eByla to \u010dasovka na p\u011bta\u010dty\u0159icet kilometr\u016f, co\u017e je pro n\u00e1s hodina. Nastoupali jsme asi p\u011bt set metr\u016f, tak\u017ee ne\u0161lo o nic snadn\u00e9ho. Kopce nebyly dlouh\u00e9, ale hodn\u011b prudk\u00e9. Proto jsme se sna\u017eili v\u017edy stoup\u00e1n\u00ed vylet\u011bt, abychom neztr\u00e1celi tempo,\u201c vysv\u011btloval Jakub Kuba. \u201eHlavn\u00ed bylo d\u00e1vat si pozor na d\u00edry a v\u00fdmoly, kter\u00fdch bylo docela dost. B\u00e1li jsme se mo\u017en\u00e9ho defektu. Ale nikdo nic nevymetl a zvl\u00e1dli jsme to skv\u011ble,\u201c <\/em>dodal Kuba.<\/p>\n\n\n\n<figure class=\"wp-block-image size-large\"><img loading=\"lazy\" decoding=\"async\" width=\"1024\" height=\"684\" src=\"https:\/\/www.czechcyclingfederation.com\/wp-content\/uploads\/2023\/09\/dukla-4-1024x684.jpg\" alt=\"\" class=\"wp-image-27179\" srcset=\"https:\/\/www.czechcyclingfederation.com\/wp-content\/uploads\/2023\/09\/dukla-4-1024x684.jpg 1024w, https:\/\/www.czechcyclingfederation.com\/wp-content\/uploads\/2023\/09\/dukla-4-300x200.jpg 300w, https:\/\/www.czechcyclingfederation.com\/wp-content\/uploads\/2023\/09\/dukla-4-768x513.jpg 768w, https:\/\/www.czechcyclingfederation.com\/wp-content\/uploads\/2023\/09\/dukla-4-1536x1025.jpg 1536w, https:\/\/www.czechcyclingfederation.com\/wp-content\/uploads\/2023\/09\/dukla-4-1320x881.jpg 1320w, https:\/\/www.czechcyclingfederation.com\/wp-content\/uploads\/2023\/09\/dukla-4.jpg 2000w\" sizes=\"auto, (max-width: 1024px) 100vw, 1024px\" \/><\/figure>\n\n\n\n<p>Celkov\u00fdm v\u00edt\u011bzem Brilon Cupu mezi juniory byl <strong>\u0160t\u011bp\u00e1n Zah\u00e1lka<\/strong> z&nbsp;t\u00fdmu Mapei Merida Ka\u0148kovsk\u00fd, kter\u00fd z\u00edskal 549 bod\u016f. Druh\u00fd v&nbsp;po\u0159ad\u00ed <strong>Jan Bittner<\/strong> m\u011bl 470 bod\u016f. T\u0159et\u00ed p\u0159\u00ed\u010dku pak ziskem 373 bod\u016f obsadil <strong>Jakub Kuba <\/strong>z&nbsp;Dukly Praha.<\/p>\n\n\n\n<p><em>\u201eC\u00edt\u00edm se skv\u011ble. Absolutn\u011b jsem ne\u010dekal, \u017ee bych mohl dominovat. Je to obrovsk\u00e9 p\u0159ekvapen\u00ed po lo\u0148sk\u00e9m roce. Seri\u00e1l se mi moc l\u00edbil. Z\u00e1vody byly perfektn\u011b zaji\u0161t\u011bn\u00e9,\u201c <\/em>hodnotil jeden\u00e1ctid\u00edln\u00fd seri\u00e1l \u0160t\u011bp\u00e1n Zah\u00e1lka.<\/p>\n\n\n\n<figure class=\"wp-block-image size-large\"><img loading=\"lazy\" decoding=\"async\" width=\"1024\" height=\"681\" src=\"https:\/\/www.czechcyclingfederation.com\/wp-content\/uploads\/2023\/09\/zahalka-1024x681.jpg\" alt=\"\" class=\"wp-image-27181\" srcset=\"https:\/\/www.czechcyclingfederation.com\/wp-content\/uploads\/2023\/09\/zahalka-1024x681.jpg 1024w, https:\/\/www.czechcyclingfederation.com\/wp-content\/uploads\/2023\/09\/zahalka-300x200.jpg 300w, https:\/\/www.czechcyclingfederation.com\/wp-content\/uploads\/2023\/09\/zahalka-768x511.jpg 768w, https:\/\/www.czechcyclingfederation.com\/wp-content\/uploads\/2023\/09\/zahalka-1536x1022.jpg 1536w, https:\/\/www.czechcyclingfederation.com\/wp-content\/uploads\/2023\/09\/zahalka-1320x878.jpg 1320w, https:\/\/www.czechcyclingfederation.com\/wp-content\/uploads\/2023\/09\/zahalka.jpg 2000w\" sizes=\"auto, (max-width: 1024px) 100vw, 1024px\" \/><\/figure>\n\n\n\n<p><em>\u201eNejh\u016f\u0159e jsem se c\u00edtil v&nbsp;Kyjov\u011b p\u0159i t\u0159et\u00edm z\u00e1vod\u011b. Byl jsem po n\u011bkolika p\u00e1dech a moc mi to nejelo. Naopak skv\u011ble jsem se c\u00edtil v&nbsp;N\u00e1m\u011b\u0161ti nad Oslavou, kde jsem vyhr\u00e1l. Tra\u0165 druh\u00e9ho z\u00e1vodu byla pro m\u011b perfektn\u00ed, na kr\u00e1sn\u00e9m asfaltu a s&nbsp;dojezdem na kostk\u00e1ch,\u201c <\/em>vykl\u00e1dal v\u00edt\u011bz Brilon Cupu 2023, kter\u00fd douf\u00e1, \u017ee jednou p\u0159ekon\u00e1 bratra Mat\u011bje, \u010desk\u00e9ho \u0161ampiona z&nbsp;roku 2022. <em>\u201eCht\u011bl bych se dostat do po\u0159\u00e1dn\u00e9ho t\u00fdmu. Br\u00e1cha je pro m\u011b vzorem, tak snad p\u016fjdu v&nbsp;jeho stop\u00e1ch,\u201c<\/em> p\u0159\u00e1l si \u0160t\u011bp\u00e1n Zah\u00e1lka.<\/p>\n\n\n\n<p>Mezi mu\u017ei skon\u010dil prvn\u00ed Favorit Brno, druh\u00e9 m\u00edsto bral CK P\u0159\u00edbram Fany Gastro a t\u0159et\u00ed Open Cycling Academy. Tituly se v\u0161ak nerozd\u011blovaly, proto\u017ee na startu byl n\u00edzk\u00fd po\u010det t\u00fdm\u016f (3). Podle regul\u00ed jich v&nbsp;elitn\u00ed kategorii mus\u00ed b\u00fdt alespo\u0148 p\u011bt.<\/p>\n\n\n\n<p>Foto: Jan Brychta<\/p>\n","protected":false},"excerpt":{"rendered":"<p>Pra\u017esk\u00e1 Dukla ovl\u00e1dla z\u00e1v\u011bre\u010dn\u00fd d\u00edl silni\u010dn\u00edho seri\u00e1lu Brilon Cup 2023, j\u00edm\u017e bylo mistrovstv\u00ed republiky v&nbsp;\u010dasovce dru\u017estev v&nbsp;\u017didovic\u00edch u Roudnice nad Labem. Prvn\u00ed m\u00edsto z\u00edskala Dukla mezi \u017eenami i v&nbsp;kategorii junior\u016f. T\u0159et\u00ed p\u0159\u00ed\u010dkou zpe\u010detil celkov\u00e9 prvenstv\u00ed \u0160t\u011bp\u00e1n Zah\u00e1lka z&nbsp;t\u00fdmu Mapei Merida Ka\u0148kovsk\u00fd. Mezi \u017eenami \u010dasovku dru\u017estev ovl\u00e1dla dvojice Jarmila Macha\u010dov\u00e1-Barbora N\u011bmcov\u00e1 z&nbsp;pra\u017esk\u00e9 Dukly. \u201eVyhr\u00e1li jsme o [&hellip;]<\/p>\n","protected":false},"author":15,"featured_media":27172,"comment_status":"closed","ping_status":"open","sticky":false,"template":"","format":"standard","meta":{"footnotes":""},"categories":[2,18],"tags":[11],"class_list":["post-27170","post","type-post","status-publish","format-standard","has-post-thumbnail","hentry","category-novinky","category-silnice","tag-silnice"],"_links":{"self":[{"href":"https:\/\/www.czechcyclingfederation.com\/en\/wp-json\/wp\/v2\/posts\/27170","targetHints":{"allow":["GET"]}}],"collection":[{"href":"https:\/\/www.czechcyclingfederation.com\/en\/wp-json\/wp\/v2\/posts"}],"about":[{"href":"https:\/\/www.czechcyclingfederation.com\/en\/wp-json\/wp\/v2\/types\/post"}],"author":[{"embeddable":true,"href":"https:\/\/www.czechcyclingfederation.com\/en\/wp-json\/wp\/v2\/users\/15"}],"replies":[{"embeddable":true,"href":"https:\/\/www.czechcyclingfederation.com\/en\/wp-json\/wp\/v2\/comments?post=27170"}],"version-history":[{"count":5,"href":"https:\/\/www.czechcyclingfederation.com\/en\/wp-json\/wp\/v2\/posts\/27170\/revisions"}],"predecessor-version":[{"id":27188,"href":"https:\/\/www.czechcyclingfederation.com\/en\/wp-json\/wp\/v2\/posts\/27170\/revisions\/27188"}],"wp:featuredmedia":[{"embeddable":true,"href":"https:\/\/www.czechcyclingfederation.com\/en\/wp-json\/wp\/v2\/media\/27172"}],"wp:attachment":[{"href":"https:\/\/www.czechcyclingfederation.com\/en\/wp-json\/wp\/v2\/media?parent=27170"}],"wp:term":[{"taxonomy":"category","embeddable":true,"href":"https:\/\/www.czechcyclingfederation.com\/en\/wp-json\/wp\/v2\/categories?post=27170"},{"taxonomy":"post_tag","embeddable":true,"href":"https:\/\/www.czechcyclingfederation.com\/en\/wp-json\/wp\/v2\/tags?post=27170"}],"curies":[{"name":"wp","href":"https:\/\/api.w.org\/{rel}","templated":true}]}}