{"id":27162,"date":"2023-09-17T14:29:17","date_gmt":"2023-09-17T12:29:17","guid":{"rendered":"https:\/\/www.czechcyclingfederation.com\/?p=27162"},"modified":"2023-09-17T14:30:16","modified_gmt":"2023-09-17T12:30:16","slug":"jan-hrdlicka-a-jan-kripner-ziskali-pro-cr-bronzove-medaile-na-mistrovstvi-evropy-do-23-let","status":"publish","type":"post","link":"https:\/\/www.czechcyclingfederation.com\/en\/jan-hrdlicka-a-jan-kripner-ziskali-pro-cr-bronzove-medaile-na-mistrovstvi-evropy-do-23-let\/","title":{"rendered":"Jan Hrdli\u010dka a Jan Kripner z\u00edskali bronzov\u00e9 medaile na ME do 23 let"},"content":{"rendered":"\n<p>Ve \u0161v\u00fdcarsk\u00e9m Altdorfu, kter\u00fd nyn\u00ed dominuje \u0161v\u00fdcarsk\u00e9 kolov\u00e9, se v sobotu 16. z\u00e1\u0159\u00ed uskute\u010dnilo mistrovstv\u00ed Evropy hr\u00e1\u010d\u016f do 23 let.&nbsp;<br>V t\u00e9to v\u011bkov\u00e9 kategorii bylo rozhodn\u011b na co nav\u00e1zat, kdy\u017e na lo\u0148sk\u00e9m \u0161ampion\u00e1tu z\u00edskala \u010cR bronzov\u00e9 medaile z\u00e1sluhou Tom\u00e1\u0161e Hor\u00e1ka a Radka Adama.&nbsp;<br>Letos se mistrovstv\u00ed z\u00fa\u010dastnilo 8 nejlep\u0161\u00edch evropsk\u00fdch t\u00fdm\u016f t\u00e9to v\u011bkov\u00e9 kategorie.&nbsp;<br>\u010cesk\u00e1 republika m\u011bla v turnaji dvoj\u00ed zastoupen\u00ed. Jako&nbsp;<strong>\u010cesk\u00e1 republika 1<\/strong>&nbsp;bojovala pro leto\u0161n\u00ed rok slo\u017een\u00e1 dvojice hr\u00e1\u010d\u016f Svit\u00e1vky a Zl\u00edna. Po v\u00fdh\u0159e v kvalifikaci a zisku tuzemsk\u00e9ho titulu se z role \u201ejedni\u010dky\u201c mohli radovat David Petr a Tom\u00e1\u0161 Hor\u00e1k.&nbsp;<br>Jako&nbsp;<strong>\u010cesk\u00e1 republika 2<\/strong>&nbsp;se na mistrovstv\u00ed Evropy kvalifikovala ze druh\u00e9ho m\u00edsta a loni na evropsk\u00e9m \u0161ampion\u00e1tu \u010dtvrt\u00e1 dvojice Svit\u00e1vky ve slo\u017een\u00ed Jan Hrdli\u010dka a Jan Kripner.&nbsp;<br>Zastoupen\u00ed v turnaji m\u011bli i \u010de\u0161t\u00ed rozhod\u010d\u00ed, kdy\u017e ve \u0160v\u00fdcarsku rozhodoval Martin Struha\u0159.&nbsp;<\/p>\n\n\n\n<p>Turnaj se hr\u00e1l syst\u00e9mem dvou skupin po \u010dty\u0159ech. Prvn\u00ed dva t\u00fdmy z ka\u017ed\u00e9 skupiny postoupily do semifin\u00e1lov\u00fdch boj\u016f o medaile.\u00a0<br><br><strong>\u010cesk\u00e1 republika 1<\/strong>\u00a0za\u010dala turnaj proti n\u011bmeck\u00e9 dvojce, kde z\u00e1pas skon\u010dil v z\u00e1kladn\u00ed hrac\u00ed dob\u011b rem\u00edzou 0:0. O v\u00fdsledku z\u00e1pasu ale rozhodnul posledn\u00ed \u00fader. Z rohov\u00e9 zna\u010dky prost\u0159elil David Petr n\u011bmeck\u00e9ho brank\u00e1\u0159e a zajistil tak v prvn\u00edm z\u00e1pase \u010desk\u00e9 dvojici d\u016fle\u017eit\u00e9 t\u0159i body za v\u00fdhru 1:0.\u00a0<br>Ve druh\u00e9m z\u00e1pase pak \u010desk\u00fd t\u00fdm zav\u00e1hal proti t\u0159et\u00edmu t\u00fdmu \u0160v\u00fdcarska, kde se o\u010dek\u00e1val zisk t\u0159\u00ed bod\u016f. Bohu\u017eel se z\u00e1pas nevyv\u00edjel dle p\u0159edstav a skon\u010dil t\u011bsnou por\u00e1\u017ekou 2:3, co\u017e zna\u010dn\u011b zkomplikovalo \u0161anci na postup do semifin\u00e1le, jeliko\u017e v posledn\u00edm skupinov\u00e9m z\u00e1pase \u010dekal na \u010deskou dvojici nejv\u011bt\u0161\u00ed favorit na zisk titulu, dom\u00e1c\u00ed \u0161v\u00fdcarsk\u00e1 jedni\u010dka. V tomto z\u00e1pase sice p\u0159edvedli na\u0161i hr\u00e1\u010di dobr\u00fd v\u00fdkon, ale prohra 2:4 znamenala zisk t\u0159\u00ed bod\u016f za jedinou v\u00fdhru a jeliko\u017e i dal\u0161\u00ed dva t\u00fdmy m\u011bly stejn\u00fd po\u010det bod\u016f, o po\u0159ad\u00ed ve skupin\u011b muselo rozhodnout sk\u00f3re, kde m\u011bl n\u011bmeck\u00fd t\u00fdm o jedin\u00fd g\u00f3l lep\u0161\u00ed brankov\u00fd rozd\u00edl. To tedy znamenalo t\u0159et\u00ed m\u00edsto ve skupin\u011b a boj o kone\u010dn\u00e9 p\u00e1t\u00e9 m\u00edsto, ve kter\u00e9m nastoupili na\u0161i hr\u00e1\u010di proti \u0161v\u00fdcarsk\u00e9 dvojce. I tento z\u00e1pas byl vyrovnan\u00fd a po skon\u010den\u00ed z\u00e1pasu rem\u00edzou musel rozhodnout a\u017e penaltov\u00fd rozst\u0159el, kde m\u011bl v\u00edce \u0161t\u011bst\u00ed \u0161v\u00fdcarsk\u00fd t\u00fdm. Kone\u010dn\u00fd v\u00fdsledek 5:6 znamenal pro Davida s Tom\u00e1\u0161em \u0161est\u00e9 m\u00edsto v turnaji.<\/p>\n\n\n\n<p>\u010cesk\u00e1 republika 2 vstoupila do turnaje z\u00e1pasem proti \u0161v\u00fdcarsk\u00e9 dvojce. V tomto z\u00e1pase na\u0161e dvojice vedla ji\u017e 2:0, kdy\u017e p\u0159i\u0161el sporn\u00fd moment a byla na\u0159\u00edzena penalta v neprosp\u011bch na\u0161eho t\u00fdmu, kterou soupe\u0159 prom\u011bnil. T\u011bsn\u011b p\u0159ed koncem pak \u0161v\u00fdcarsk\u00fd t\u00fdm vyrovnal a z\u00e1pas skon\u010dil rem\u00edzou 2:2. Ve druh\u00e9m z\u00e1pase p\u0159i\u0161la por\u00e1\u017eka 2:6 od druh\u00e9ho velk\u00e9ho favorita na zisk titulu, n\u011bmeck\u00e9ho bratrsk\u00e9ho v\u00fdb\u011bru, kter\u00fd startoval jako N\u011bmecko 1. V posledn\u00edm z\u00e1pase proti t\u00fdmu Francie tak byl zisk t\u0159\u00ed bod\u016f povinnost\u00ed, co\u017e se na\u0161t\u011bst\u00ed poda\u0159ilo, kdy\u017e jej \u010desk\u00e1 dvojice p\u0159ehr\u00e1la vysoko 9:1. \u010cty\u0159i body ve skupin\u011b za v\u00fdhru a rem\u00edzu tak m\u011bli jak na\u0161i hr\u00e1\u010di tak hr\u00e1\u010di \u0161v\u00fdcarsk\u00e9 dvojky a rozhodnout muselo tak\u00e9 sk\u00f3re. To m\u011bli na\u0161i hr\u00e1\u010di lep\u0161\u00ed a postoupili tak ze druh\u00e9ho m\u00edsta do semifin\u00e1le. V n\u011bm narazili na letos skv\u011ble hraj\u00edc\u00ed bratrskou dvojici \u0160v\u00fdcarska 1, kde se bohu\u017eel nedostali do z\u00e1pasu a prohr\u00e1li. To znamenalo boj o bronzov\u00e9 medaile. Tento z\u00e1pas skon\u010dil po z\u00e1kladn\u00ed hrac\u00ed dob\u011b a dramatick\u00e9 koncovce nerozhodn\u011b 2:2. Zde muselo rozhodnout a\u017e prodlou\u017een\u00ed, kter\u00e9 zvl\u00e1dli na\u0161i hr\u00e1\u010di skv\u011ble a zv\u00edt\u011bzili 2:1 a mohli se tak p\u0159i sv\u00e9m spole\u010dn\u00e9m posledn\u00edm turnaji v t\u00e9to v\u011bkov\u00e9 kategorii t\u011b\u0161it z bronzov\u00fdch medail\u00ed, kter\u00e9 pro \u010ceskou republiku z\u00edskali.<\/p>\n\n\n\n<p>Ve fin\u00e1le se dle o\u010dek\u00e1v\u00e1n\u00ed a pap\u00edrov\u00fdch p\u0159edpoklad\u016f utkaly dva bratrsk\u00e9 t\u00fdmy N\u011bmecka 1 a \u0160v\u00fdcarska 1. Za bou\u0159liv\u00e9 podpory, kter\u00e9 se hr\u00e1\u010di \u0161v\u00fdcarsk\u00e9ho Altdorfu t\u011b\u0161\u00ed na ka\u017ed\u00e9m turnaji , zv\u00edt\u011bzili brat\u0159i Fr\u00f6hlichov\u00e9 nad n\u011bmeck\u00fdm t\u00fdmem bratr\u016f Lehmannov\u00fdch v pom\u011bru 3:1 a po zisku st\u0159\u00edbrn\u00fdch medail\u00ed na elitn\u00edm mistrovstv\u00ed sv\u011bta tak zavr\u0161ili svoji skv\u011blou sez\u00f3nu titulem mistr\u016f Evropy v t\u00e9to v\u011bkov\u00e9 kategorii.\u00a0<\/p>\n\n\n\n<figure class=\"wp-block-image size-large\"><img loading=\"lazy\" decoding=\"async\" width=\"1024\" height=\"682\" src=\"https:\/\/www.czechcyclingfederation.com\/wp-content\/uploads\/2023\/09\/378114757_839853040811082_1579217407013864608_n-1024x682.jpg\" alt=\"\" class=\"wp-image-27165\" srcset=\"https:\/\/www.czechcyclingfederation.com\/wp-content\/uploads\/2023\/09\/378114757_839853040811082_1579217407013864608_n-1024x682.jpg 1024w, https:\/\/www.czechcyclingfederation.com\/wp-content\/uploads\/2023\/09\/378114757_839853040811082_1579217407013864608_n-300x200.jpg 300w, https:\/\/www.czechcyclingfederation.com\/wp-content\/uploads\/2023\/09\/378114757_839853040811082_1579217407013864608_n-768x512.jpg 768w, https:\/\/www.czechcyclingfederation.com\/wp-content\/uploads\/2023\/09\/378114757_839853040811082_1579217407013864608_n-1536x1024.jpg 1536w, https:\/\/www.czechcyclingfederation.com\/wp-content\/uploads\/2023\/09\/378114757_839853040811082_1579217407013864608_n-1320x880.jpg 1320w, https:\/\/www.czechcyclingfederation.com\/wp-content\/uploads\/2023\/09\/378114757_839853040811082_1579217407013864608_n.jpg 2000w\" sizes=\"auto, (max-width: 1024px) 100vw, 1024px\" \/><\/figure>\n\n\n\n<p>Foto : UEC<\/p>\n\n\n\n<p>AUTOR: Ji\u0159\u00ed Hrdli\u010dka<\/p>\n","protected":false},"excerpt":{"rendered":"<p>Ve \u0161v\u00fdcarsk\u00e9m Altdorfu, kter\u00fd nyn\u00ed dominuje \u0161v\u00fdcarsk\u00e9 kolov\u00e9, se v sobotu 16. z\u00e1\u0159\u00ed uskute\u010dnilo mistrovstv\u00ed Evropy hr\u00e1\u010d\u016f do 23 let.&nbsp;V t\u00e9to v\u011bkov\u00e9 kategorii bylo rozhodn\u011b na co nav\u00e1zat, kdy\u017e na lo\u0148sk\u00e9m \u0161ampion\u00e1tu z\u00edskala \u010cR bronzov\u00e9 medaile z\u00e1sluhou Tom\u00e1\u0161e Hor\u00e1ka a Radka Adama.&nbsp;Letos se mistrovstv\u00ed z\u00fa\u010dastnilo 8 nejlep\u0161\u00edch evropsk\u00fdch t\u00fdm\u016f t\u00e9to v\u011bkov\u00e9 kategorie.&nbsp;\u010cesk\u00e1 republika m\u011bla v [&hellip;]<\/p>\n","protected":false},"author":1,"featured_media":27163,"comment_status":"closed","ping_status":"open","sticky":false,"template":"","format":"standard","meta":{"footnotes":""},"categories":[2,60],"tags":[61],"class_list":["post-27162","post","type-post","status-publish","format-standard","has-post-thumbnail","hentry","category-novinky","category-salovka","tag-salovka"],"_links":{"self":[{"href":"https:\/\/www.czechcyclingfederation.com\/en\/wp-json\/wp\/v2\/posts\/27162","targetHints":{"allow":["GET"]}}],"collection":[{"href":"https:\/\/www.czechcyclingfederation.com\/en\/wp-json\/wp\/v2\/posts"}],"about":[{"href":"https:\/\/www.czechcyclingfederation.com\/en\/wp-json\/wp\/v2\/types\/post"}],"author":[{"embeddable":true,"href":"https:\/\/www.czechcyclingfederation.com\/en\/wp-json\/wp\/v2\/users\/1"}],"replies":[{"embeddable":true,"href":"https:\/\/www.czechcyclingfederation.com\/en\/wp-json\/wp\/v2\/comments?post=27162"}],"version-history":[{"count":2,"href":"https:\/\/www.czechcyclingfederation.com\/en\/wp-json\/wp\/v2\/posts\/27162\/revisions"}],"predecessor-version":[{"id":27168,"href":"https:\/\/www.czechcyclingfederation.com\/en\/wp-json\/wp\/v2\/posts\/27162\/revisions\/27168"}],"wp:featuredmedia":[{"embeddable":true,"href":"https:\/\/www.czechcyclingfederation.com\/en\/wp-json\/wp\/v2\/media\/27163"}],"wp:attachment":[{"href":"https:\/\/www.czechcyclingfederation.com\/en\/wp-json\/wp\/v2\/media?parent=27162"}],"wp:term":[{"taxonomy":"category","embeddable":true,"href":"https:\/\/www.czechcyclingfederation.com\/en\/wp-json\/wp\/v2\/categories?post=27162"},{"taxonomy":"post_tag","embeddable":true,"href":"https:\/\/www.czechcyclingfederation.com\/en\/wp-json\/wp\/v2\/tags?post=27162"}],"curies":[{"name":"wp","href":"https:\/\/api.w.org\/{rel}","templated":true}]}}