{"id":2716,"date":"2020-10-22T09:33:32","date_gmt":"2020-10-22T07:33:32","guid":{"rendered":"http:\/\/www.czechcyclingfederation.com\/?p=2716"},"modified":"2020-10-25T19:20:34","modified_gmt":"2020-10-25T18:20:34","slug":"seftrener-favoritu-brno-frantisek-trkal-nase-mladez-ma-za-sebou-skvelou-sezonu","status":"publish","type":"post","link":"https:\/\/www.czechcyclingfederation.com\/en\/seftrener-favoritu-brno-frantisek-trkal-nase-mladez-ma-za-sebou-skvelou-sezonu\/","title":{"rendered":"\u0160\u00e9ftren\u00e9r Favoritu Brno Franti\u0161ek Trkal: Na\u0161e ml\u00e1de\u017e m\u00e1 za sebou skv\u011blou sez\u00f3nu"},"content":{"rendered":"\n<p>Jen v superlativech hovo\u0159\u00ed o sez\u00f3n\u011b 2020 z pohledu ml\u00e1de\u017ee Favoritu Brno \u0161\u00e9ftren\u00e9r odd\u00edlu Franti\u0161ek Trkal. Mlad\u00ed z\u00e1vodn\u00edci brn\u011bnsk\u00e9ho t\u00fdmu z\u00edskali \u0159adu medail\u00ed na v\u0161ech front\u00e1ch a prosazovali se na silnici i na dr\u00e1ze. V\u010detn\u011b mezin\u00e1rodn\u00edch start\u016f.<\/p>\n\n\n\n<p>\u201eMl\u00e1de\u017e u\u017e m\u011bla p\u0159edchoz\u00ed dv\u011b sez\u00f3ny fantastick\u00e9 a ta leto\u0161n\u00ed za nimi nijak nezaostala. Sp\u00ed\u0161 naopak. Favorit byl \u00fasp\u011b\u0161n\u00fd nap\u0159\u00ed\u010d v\u0161emi kategoriemi. Je to skv\u011bl\u00e1 vizitka nejen z\u00e1vodn\u00edk\u016f, ale i v\u0161ech tren\u00e9r\u016f ml\u00e1de\u017ee\u201c \u0159ekl Franti\u0161ek Trkal.<\/p>\n\n\n\n<p>\u201eK\u0159ivka v\u00fdkonnosti jde po\u0159\u00e1d nahoru. Kdy\u017e vid\u00edm, kolik m\u00e1me \u017e\u00e1k\u016f, kadet\u016f a junior\u016f, je to skv\u011bl\u00e9 zji\u0161t\u011bn\u00ed. Byly roky, kdy tu byl jeden junior a p\u00e1r kadet\u016f, te\u010f m\u00e1me z \u010deho vyb\u00edrat. Raz\u00edme z\u00e1sadu, \u017ee je prvo\u0159ad\u00e9 m\u00edt dobrou z\u00e1kladnu a pak z toho mohou vyr\u016fst velc\u00ed z\u00e1vodn\u00edci. Je tu \u0159ada velk\u00fdch talent\u016f a je vid\u011bt, jak moc je cyklistika bav\u00ed,\u201c je pot\u011b\u0161en \u0161\u00e9ftren\u00e9r Favoritu.<\/p>\n\n\n\n<p>Z t\u00fdmu kadet\u016f vyzdvihuje zejm\u00e9na \u0160t\u011bp\u00e1na Teleck\u00e9ho. \u201eByl to motor t\u00fdmu. Skon\u010dil celkov\u011b druh\u00fd v Techniserv Cupu, ale nejv\u00edc si cen\u00edm druh\u00e9ho m\u00edsta v Z\u00e1vod\u011b m\u00edru nejmlad\u0161\u00edch v Jev\u00ed\u010dku, kde se se\u0161la absolutn\u00ed evropsk\u00e1 \u0161pi\u010dka t\u00e9to kategorie. Skon\u010dit druh\u00fd mezi 165 startuj\u00edc\u00edmi, to je skv\u011bl\u00fd v\u00fdsledek,\u201c p\u0159iznal Franti\u0161ek Trkal. \u201eM\u00e1m ale velkou radost, \u017ee kolem \u0160t\u011bp\u00e1na vykrystalizovalo n\u011bkolik dal\u0161\u00edch dobr\u00fdch z\u00e1vodn\u00edk\u016f a potvrdili to ziskem titulu mistr\u016f republiky v \u010dasovce dru\u017estev. V t\u00fdmech kluci vyhr\u00e1li i \u010cesk\u00fd poh\u00e1r, z\u00edskali \u0159adu mistrovsk\u00fdch medail\u00ed na dr\u00e1ze i na silnici. Zaslou\u017e\u00ed velkou pochvalu.\u201c<\/p>\n\n\n\n<p>Mezi juniory s\u00e1zel Favorit na \u010dtve\u0159ici z\u00e1vodn\u00edk\u016f. \u201eV\u0161ichni m\u011bli skv\u011bl\u00e9 v\u00fdsledky na dr\u00e1ze, kde z\u00edskali titul a k n\u011bmu \u0159adu dal\u0161\u00edch medail\u00ed. Na silnici skon\u010dil David Kopelent \u010dtvrt\u00fd v Techniserv Cupu a Josef \u010cekal sedm\u00fd. M\u00edt t\u0159i lidi v top 10, to jasn\u011b vypov\u00edd\u00e1 o velk\u00e9 vyrovnanosti. Nav\u00edc skon\u010dili druz\u00ed v t\u00fdmech,\u201c uvedl \u0161\u00e9ftren\u00e9r Favoritu. \u201eNa z\u00e1v\u011br sez\u00f3ny zaz\u00e1\u0159il \u0160t\u011bp\u00e1n \u0160irok\u00fd na dr\u00e1ze, kdy\u017e na mistrovstv\u00ed Evropy vybojoval dv\u011b \u010dtvrt\u00e1 m\u00edsta ve scratchi a vylu\u010dovac\u00edm z\u00e1vod\u011b,\u201c dodal Trkal.<\/p>\n\n\n\n<p>V kategorii \u017e\u00e1ky\u0148 z\u00e1\u0159ilo duo Alice Mikul\u00e1\u0161kov\u00e1, Elen Lazarov\u00e1. \u201eElen je trojn\u00e1sobnou mistryn\u00ed republiky na dr\u00e1ze, Alice skon\u010dila druh\u00e1 v silni\u010dn\u00edm poh\u00e1ru. Mezi \u017e\u00e1ky v dresu Favoritu vy\u010dn\u00edvala slovensk\u00e1 dvojice Kristi\u00e1n Vavro, Michael Smith. Oba m\u011bli v\u00fdbornou sez\u00f3nu a z\u00edskali medaile ne mistrovstv\u00ed Slovenska,\u201c uzav\u0159el hodnocen\u00ed \u0161\u00e9ftren\u00e9r.<\/p>\n\n\n\n<p>Velkou radost mu je\u0161t\u011b ud\u011blalo vystoupen\u00ed na mezin\u00e1rodn\u00edm etapov\u00e9m z\u00e1vod\u011b na dr\u00e1ze dr\u00e1hov\u00e9m 500+1 kolo, kter\u00fd Favorit po\u0159\u00e1d\u00e1. D\u00edky \u0160irok\u00e9mu ovl\u00e1dli kategorii junior\u016f, Teleck\u00fd byl druh\u00fd mezi kadety a Vavro v \u017e\u00e1c\u00edch. &#8220;Za cel\u00fdm \u00fasp\u011bchem vyda\u0159en\u00e9 sez\u00f3ny tak\u00e9 stoj\u00ed pr\u00e1ce tren\u00e9r\u016f, mas\u00e9r\u016f, mechanik\u016f, rodi\u010d\u016f a mus\u00edm pod\u011bkovat i veden\u00ed Favoritu za podm\u00ednky, kter\u00e9 n\u00e1m poskytuj\u00ed a v neposledn\u00ed \u0159ad\u011b v\u0161em partner\u016fm,&#8221; dodal Trkal.<\/p>\n\n\n\n<p>FOTO Favorit Brno<\/p>\n\n\n\n<figure class=\"wp-block-image size-large\"><img loading=\"lazy\" decoding=\"async\" width=\"1000\" height=\"667\" src=\"https:\/\/www.czechcyclingfederation.com\/wp-content\/uploads\/2020\/10\/DSC01401.jpg\" alt=\"\" class=\"wp-image-2718\" srcset=\"https:\/\/www.czechcyclingfederation.com\/wp-content\/uploads\/2020\/10\/DSC01401.jpg 1000w, https:\/\/www.czechcyclingfederation.com\/wp-content\/uploads\/2020\/10\/DSC01401-300x200.jpg 300w, https:\/\/www.czechcyclingfederation.com\/wp-content\/uploads\/2020\/10\/DSC01401-768x512.jpg 768w\" sizes=\"auto, (max-width: 1000px) 100vw, 1000px\" \/><\/figure>\n\n\n\n<figure class=\"wp-block-image size-large\"><img loading=\"lazy\" decoding=\"async\" width=\"1000\" height=\"665\" src=\"https:\/\/www.czechcyclingfederation.com\/wp-content\/uploads\/2020\/10\/DSC_0494.jpg\" alt=\"\" class=\"wp-image-2719\" srcset=\"https:\/\/www.czechcyclingfederation.com\/wp-content\/uploads\/2020\/10\/DSC_0494.jpg 1000w, https:\/\/www.czechcyclingfederation.com\/wp-content\/uploads\/2020\/10\/DSC_0494-300x200.jpg 300w, https:\/\/www.czechcyclingfederation.com\/wp-content\/uploads\/2020\/10\/DSC_0494-768x511.jpg 768w\" sizes=\"auto, (max-width: 1000px) 100vw, 1000px\" \/><\/figure>\n\n\n\n<figure class=\"wp-block-image size-large\"><img loading=\"lazy\" decoding=\"async\" width=\"624\" height=\"833\" src=\"https:\/\/www.czechcyclingfederation.com\/wp-content\/uploads\/2020\/10\/M\u010cR-dr\u00e1ha-1.jpg\" alt=\"\" class=\"wp-image-2720\" srcset=\"https:\/\/www.czechcyclingfederation.com\/wp-content\/uploads\/2020\/10\/M\u010cR-dr\u00e1ha-1.jpg 624w, https:\/\/www.czechcyclingfederation.com\/wp-content\/uploads\/2020\/10\/M\u010cR-dr\u00e1ha-1-150x200.jpg 150w\" sizes=\"auto, (max-width: 624px) 100vw, 624px\" \/><\/figure>\n\n\n\n<figure class=\"wp-block-image size-large\"><img loading=\"lazy\" decoding=\"async\" width=\"1000\" height=\"667\" src=\"https:\/\/www.czechcyclingfederation.com\/wp-content\/uploads\/2020\/10\/M\u010cR-dr\u00e1ha-3.jpg\" alt=\"\" class=\"wp-image-2721\" srcset=\"https:\/\/www.czechcyclingfederation.com\/wp-content\/uploads\/2020\/10\/M\u010cR-dr\u00e1ha-3.jpg 1000w, https:\/\/www.czechcyclingfederation.com\/wp-content\/uploads\/2020\/10\/M\u010cR-dr\u00e1ha-3-300x200.jpg 300w, https:\/\/www.czechcyclingfederation.com\/wp-content\/uploads\/2020\/10\/M\u010cR-dr\u00e1ha-3-768x512.jpg 768w\" sizes=\"auto, (max-width: 1000px) 100vw, 1000px\" \/><\/figure>\n","protected":false},"excerpt":{"rendered":"<p>Jen v superlativech hovo\u0159\u00ed o sez\u00f3n\u011b 2020 z pohledu ml\u00e1de\u017ee Favoritu Brno \u0161\u00e9ftren\u00e9r odd\u00edlu Franti\u0161ek Trkal. Mlad\u00ed z\u00e1vodn\u00edci brn\u011bnsk\u00e9ho t\u00fdmu z\u00edskali \u0159adu medail\u00ed na v\u0161ech front\u00e1ch a prosazovali se na silnici i na dr\u00e1ze. V\u010detn\u011b mezin\u00e1rodn\u00edch start\u016f. \u201eMl\u00e1de\u017e u\u017e m\u011bla p\u0159edchoz\u00ed dv\u011b sez\u00f3ny fantastick\u00e9 a ta leto\u0161n\u00ed za nimi nijak nezaostala. Sp\u00ed\u0161 naopak. Favorit byl [&hellip;]<\/p>\n","protected":false},"author":8,"featured_media":2717,"comment_status":"closed","ping_status":"open","sticky":false,"template":"","format":"standard","meta":{"footnotes":""},"categories":[54,46,2,18],"tags":[9,11],"class_list":["post-2716","post","type-post","status-publish","format-standard","has-post-thumbnail","hentry","category-draha","category-novinky-sportovni-centra","category-novinky","category-silnice","tag-draha","tag-silnice"],"_links":{"self":[{"href":"https:\/\/www.czechcyclingfederation.com\/en\/wp-json\/wp\/v2\/posts\/2716","targetHints":{"allow":["GET"]}}],"collection":[{"href":"https:\/\/www.czechcyclingfederation.com\/en\/wp-json\/wp\/v2\/posts"}],"about":[{"href":"https:\/\/www.czechcyclingfederation.com\/en\/wp-json\/wp\/v2\/types\/post"}],"author":[{"embeddable":true,"href":"https:\/\/www.czechcyclingfederation.com\/en\/wp-json\/wp\/v2\/users\/8"}],"replies":[{"embeddable":true,"href":"https:\/\/www.czechcyclingfederation.com\/en\/wp-json\/wp\/v2\/comments?post=2716"}],"version-history":[{"count":1,"href":"https:\/\/www.czechcyclingfederation.com\/en\/wp-json\/wp\/v2\/posts\/2716\/revisions"}],"predecessor-version":[{"id":2722,"href":"https:\/\/www.czechcyclingfederation.com\/en\/wp-json\/wp\/v2\/posts\/2716\/revisions\/2722"}],"wp:featuredmedia":[{"embeddable":true,"href":"https:\/\/www.czechcyclingfederation.com\/en\/wp-json\/wp\/v2\/media\/2717"}],"wp:attachment":[{"href":"https:\/\/www.czechcyclingfederation.com\/en\/wp-json\/wp\/v2\/media?parent=2716"}],"wp:term":[{"taxonomy":"category","embeddable":true,"href":"https:\/\/www.czechcyclingfederation.com\/en\/wp-json\/wp\/v2\/categories?post=2716"},{"taxonomy":"post_tag","embeddable":true,"href":"https:\/\/www.czechcyclingfederation.com\/en\/wp-json\/wp\/v2\/tags?post=2716"}],"curies":[{"name":"wp","href":"https:\/\/api.w.org\/{rel}","templated":true}]}}