{"id":27156,"date":"2023-09-14T09:11:07","date_gmt":"2023-09-14T07:11:07","guid":{"rendered":"https:\/\/www.czechcyclingfederation.com\/?p=27156"},"modified":"2023-09-20T05:08:43","modified_gmt":"2023-09-20T03:08:43","slug":"pocetna-vyprava-ceskych-cyklistu-vyrazi-na-silnicni-me","status":"publish","type":"post","link":"https:\/\/www.czechcyclingfederation.com\/en\/pocetna-vyprava-ceskych-cyklistu-vyrazi-na-silnicni-me\/","title":{"rendered":"Po\u010detn\u00e1 v\u00fdprava \u010desk\u00fdch cyklist\u016f vyr\u00e1\u017e\u00ed na silni\u010dn\u00ed ME"},"content":{"rendered":"\n<p>T\u00e9m\u011b\u0159 maxim\u00e1ln\u00ed mo\u017en\u00e9 zastoupen\u00ed v ka\u017ed\u00e9 kategorii bude m\u00edt \u010desk\u00e1 silni\u010dn\u00ed cyklistika na mistrovstv\u00ed Evropy, kter\u00e9 se kon\u00e1 od 20. do 24. z\u00e1\u0159\u00ed v nizozemsk\u00e9m Drenthe. Celkem by se v akci m\u011blo p\u0159edstavit p\u0159es 30 \u010desk\u00fdch reprezentant\u016f.<\/p>\n\n\n\n<p>\u201eNechci dop\u0159edu slibovat, \u017ee jedeme pro n\u011bkolik medail\u00ed, proto\u017ee Evropa v tomto term\u00ednu ke konci sezony je trochu nevyzpytateln\u00e1, ale budeme bojovat. Ur\u010dit\u011b tam m\u00e1me n\u011bkolik adept\u016f na p\u0159edn\u00ed um\u00edst\u011bn\u00ed,\u201c \u0159ekl reprezenta\u010dn\u00ed tren\u00e9r Ren\u00e9 Andrle.<\/p>\n\n\n\n<p>V mu\u017esk\u00e9m t\u00fdmu bude s\u00e1zet hlavn\u011b na Mathiase Vacka, kter\u00fd pojede silni\u010dn\u00ed z\u00e1vod i \u010dasovku. \u201eMistrovstv\u00ed sv\u011bta mu \u00fapln\u011b nesedlo a douf\u00e1m, \u017ee te\u010f na tom bude l\u00edp. Silni\u010dn\u00ed z\u00e1vod kon\u010d\u00ed na technick\u00e9m okruhu, kter\u00fd m\u016f\u017ee ovlivnit i v\u00edtr, ale Vackovi by to m\u011blo vyhovovat,\u201c uvedl Andrle.<\/p>\n\n\n\n<p>Nominace t\u00fdmu mu\u017e\u016f doznala na posledn\u00ed chv\u00edli n\u011bkolika nucen\u00fdch \u00faprav kv\u016fli zdravotn\u00edmu stavu \u010di t\u00fdmov\u00fdm z\u00e1jm\u016fm n\u011bkter\u00fdch z\u00e1vodn\u00edk\u016f, tak\u017ee v tuto chv\u00edli jsou jist\u00e1 t\u0159i jm\u00e9na. Ale po\u010det by se m\u011bl roz\u0161\u00ed\u0159it.<\/p>\n\n\n\n<p>V \u00favahu p\u0159ipad\u00e1 nap\u0159. nominace ost\u0159\u00edlen\u00e9ho Zde\u0148ka \u0160tybara. \u201eV minul\u00fdch dnech byl nemocen a \u010dek\u00e1me na jeho fin\u00e1ln\u00ed verdikt, jak se bude c\u00edtit. Jsme ve spojen\u00ed i s Michalem Schleglem, kter\u00fd jede Vueltu. Uvid\u00edme, v jak\u00e9m stavu ji dokon\u010d\u00ed. Ka\u017edop\u00e1dn\u011b chceme, abychom silni\u010dn\u00ed z\u00e1vod mu\u017e\u016f jeli v maxim\u00e1ln\u00edm po\u010dtu \u0161esti lid\u00ed. \u0158e\u0161\u00edme to ka\u017ed\u00fd den, ale nen\u00ed to nic lehk\u00e9ho, proto\u017ee n\u011bkter\u00e9 z\u00e1vodn\u00edky necht\u011bj\u00ed uvolnit jejich t\u00fdmy a jin\u00ed u\u017e se t\u0159eba v tomto obdob\u00ed na start na \u0161ampion\u00e1tu nec\u00edt\u00ed,\u201c vysv\u011btlil Andrle.<\/p>\n\n\n\n<p>Z v\u00fd\u0161e zm\u00edn\u011bn\u00fdch d\u016fvod\u016f proto nap\u0159. v nominaci nen\u00ed ani Pavel Bittner, \u010dlen WorldTour t\u00fdmu DSM. Ten by je\u0161t\u011b mohl startovat v kategorii U23, kde by z\u0159ejm\u011b pat\u0159il k adept\u016fm na \u010deln\u00ed p\u0159\u00ed\u010dky. \u201eM\u00e1 jin\u00fd program se sv\u00fdm t\u00fdmem a startovat na Evrop\u011b necht\u011bl,\u201c prozradil reprezenta\u010dn\u00ed tren\u00e9r.<\/p>\n\n\n\n<p>\u201eP\u0159esto m\u00e1me hlavn\u011b v ml\u00e1de\u017enick\u00fdch kategori\u00edch \u0159adu lid\u00ed, kte\u0159\u00ed m\u016f\u017eou pom\u00fd\u0161let vysoko. A\u0165 je to t\u0159eba junior Kr\u00e1l nebo Kvasni\u010dkov\u00e1 a Kopecky v z\u00e1vod\u011b \u017een U23. V\u011b\u0159\u00edm, \u017ee z celkov\u00e9ho pohledu to bude lep\u0161\u00ed vystoupen\u00ed ne\u017e na mistrovstv\u00ed sv\u011bta,\u201c dodal tren\u00e9r reprezentace.<\/p>\n\n\n\n<p>Definitivn\u00ed podoba nominace bude jasn\u00e1 v nejbli\u017e\u0161\u00edch dnech.<\/p>\n\n\n\n<p><strong>Program a nominace reprezentace \u010cR<\/strong><\/p>\n\n\n\n<p><strong>20. 9.: \u010dasovky v\u0161ech kategori\u00ed<\/strong>&nbsp;\u2013 mu\u017ei (28,6 km, Mathias Vacek), \u017eeny (28,6 km, Denisa Sl\u00e1mov\u00e1),&nbsp;<\/p>\n\n\n\n<p>\u017eeny U23 (19,8 km, Krist\u00fdna Burlov\u00e1, Eli\u0161ka Kvasni\u010dkov\u00e1), junio\u0159i (19,8 km, Pavel \u0160ump\u00edk, Kry\u0161tof Kr\u00e1l), juniorky (19,8 km, Nela Ka\u0148kovsk\u00e1, Kate\u0159ina Doud\u011brov\u00e1).<\/p>\n\n\n\n<p><strong>22. 9. \u2013 silni\u010dn\u00ed z\u00e1vod mu\u017e\u016f U23 (134,9 km):<\/strong>&nbsp;Jakub \u0164oupal\u00edk, Karel Camrda, Daniel Mr\u00e1z, Milan Kadlec, Maty\u00e1\u0161 Kopecky, Tom\u00e1\u0161 P\u0159idal,&nbsp;<strong>silni\u010dn\u00ed z\u00e1vod \u017een U23 (106,4 km):<\/strong>&nbsp;Krist\u00fdna Burlov\u00e1, Eli\u0161ka Kvasni\u010dkov\u00e1, Julia Kopecky, Nela Slan\u00edkov\u00e1, Barbora N\u011bmcov\u00e1.<\/p>\n\n\n\n<p><strong>23. 9. \u2013 silni\u010dn\u00ed z\u00e1vod junior\u016f (109,3 km):<\/strong>&nbsp;Pavel \u0160ump\u00edk, Kry\u0161tof Kr\u00e1l, Jan Poda\u0159il, Martin B\u00e1rta, \u0160t\u011bp\u00e1n Zah\u00e1lka, Daniel Rube\u0161,&nbsp;<strong>silni\u010dn\u00ed z\u00e1vod \u017een (129,6 km):<\/strong>&nbsp;Tereza Neumanov\u00e1, Jarmila Macha\u010dov\u00e1, Nikola Bajgerov\u00e1.&nbsp;<\/p>\n\n\n\n<p><strong>24. 9. \u2013 silni\u010dn\u00ed z\u00e1vod juniorek (68,2 km):<\/strong>\u00a0Nela Ka\u0148kovsk\u00e1, Kate\u0159ina Doud\u011brov\u00e1, Iva Kova\u0159\u00edkov\u00e1, Ad\u00e9la Markov\u00e1, Patricie M\u00fcllerov\u00e1,\u00a0<strong>silni\u010dn\u00ed z\u00e1vod mu\u017e\u016f (199,8 km):<\/strong>\u00a0Mathias Vacek, Mat\u011bj Zah\u00e1lka (dal\u0161\u00ed jm\u00e9na budou dopln\u011bna).<\/p>\n\n\n\n<p>FOTO: Jaroslav Svoboda&nbsp;<\/p>\n","protected":false},"excerpt":{"rendered":"<p>T\u00e9m\u011b\u0159 maxim\u00e1ln\u00ed mo\u017en\u00e9 zastoupen\u00ed v ka\u017ed\u00e9 kategorii bude m\u00edt \u010desk\u00e1 silni\u010dn\u00ed cyklistika na mistrovstv\u00ed Evropy, kter\u00e9 se kon\u00e1 od 20. do 24. z\u00e1\u0159\u00ed v nizozemsk\u00e9m Drenthe. Celkem by se v akci m\u011blo p\u0159edstavit p\u0159es 30 \u010desk\u00fdch reprezentant\u016f. \u201eNechci dop\u0159edu slibovat, \u017ee jedeme pro n\u011bkolik medail\u00ed, proto\u017ee Evropa v tomto term\u00ednu ke konci sezony je trochu [&hellip;]<\/p>\n","protected":false},"author":1,"featured_media":27157,"comment_status":"closed","ping_status":"open","sticky":false,"template":"","format":"standard","meta":{"footnotes":""},"categories":[2,18],"tags":[11],"class_list":["post-27156","post","type-post","status-publish","format-standard","has-post-thumbnail","hentry","category-novinky","category-silnice","tag-silnice"],"_links":{"self":[{"href":"https:\/\/www.czechcyclingfederation.com\/en\/wp-json\/wp\/v2\/posts\/27156","targetHints":{"allow":["GET"]}}],"collection":[{"href":"https:\/\/www.czechcyclingfederation.com\/en\/wp-json\/wp\/v2\/posts"}],"about":[{"href":"https:\/\/www.czechcyclingfederation.com\/en\/wp-json\/wp\/v2\/types\/post"}],"author":[{"embeddable":true,"href":"https:\/\/www.czechcyclingfederation.com\/en\/wp-json\/wp\/v2\/users\/1"}],"replies":[{"embeddable":true,"href":"https:\/\/www.czechcyclingfederation.com\/en\/wp-json\/wp\/v2\/comments?post=27156"}],"version-history":[{"count":5,"href":"https:\/\/www.czechcyclingfederation.com\/en\/wp-json\/wp\/v2\/posts\/27156\/revisions"}],"predecessor-version":[{"id":27231,"href":"https:\/\/www.czechcyclingfederation.com\/en\/wp-json\/wp\/v2\/posts\/27156\/revisions\/27231"}],"wp:featuredmedia":[{"embeddable":true,"href":"https:\/\/www.czechcyclingfederation.com\/en\/wp-json\/wp\/v2\/media\/27157"}],"wp:attachment":[{"href":"https:\/\/www.czechcyclingfederation.com\/en\/wp-json\/wp\/v2\/media?parent=27156"}],"wp:term":[{"taxonomy":"category","embeddable":true,"href":"https:\/\/www.czechcyclingfederation.com\/en\/wp-json\/wp\/v2\/categories?post=27156"},{"taxonomy":"post_tag","embeddable":true,"href":"https:\/\/www.czechcyclingfederation.com\/en\/wp-json\/wp\/v2\/tags?post=27156"}],"curies":[{"name":"wp","href":"https:\/\/api.w.org\/{rel}","templated":true}]}}