{"id":27144,"date":"2023-09-19T06:00:00","date_gmt":"2023-09-19T04:00:00","guid":{"rendered":"https:\/\/www.czechcyclingfederation.com\/?p=27144"},"modified":"2023-09-20T08:31:02","modified_gmt":"2023-09-20T06:31:02","slug":"tereza-neumanova-o-prestupu-do-uae-hodne-jsem-si-polepsila","status":"publish","type":"post","link":"https:\/\/www.czechcyclingfederation.com\/en\/tereza-neumanova-o-prestupu-do-uae-hodne-jsem-si-polepsila\/","title":{"rendered":"Tereza Neumanov\u00e1 o p\u0159estupu do UAE: Hodn\u011b jsem si polep\u0161ila"},"content":{"rendered":"\n<p>\u010cesk\u00e1 cyklistika bude m\u00edt zastoupen\u00ed ve World Tour t\u00fdmu UAE! Ta zpr\u00e1va na konci pr\u00e1zdnin oslovila nejen skaln\u00ed fanou\u0161ky j\u00edzdy na kole, proto\u017ee formaci sponzorovanou \u0161ejky ze St\u0159edn\u00edho v\u00fdchodu m\u00e1 mnoho lid\u00ed spojenou s hv\u011bzdou jm\u00e9nem Tadej Poga\u010dar. Od p\u0159\u00ed\u0161t\u00edho roku bude dres st\u00e1je obl\u00e9kat Tereza Neumanov\u00e1, trojn\u00e1sobn\u00fd \u010desk\u00e1 \u0161ampionka! \u201eDomluvili jsme se na dvoulet\u00e9m kontraktu. Bude to pro m\u011b obrovsk\u00fd posun,\u201c lebed\u00ed si p\u011btadvacetilet\u00e1 \u010desk\u00e1 reprezentantka.<\/p>\n\n\n\n<p><strong>Kdy\u017e v\u00e1\u0161 nov\u00fd t\u00fdm zve\u0159ejnil informaci o podpisu kontraktu, hodn\u011b lid\u00ed reagovalo, \u017ee jdete do t\u00fdmu Tadeje Poga\u010dara. Jak jste podobn\u00e9 koment\u00e1\u0159e brala?<\/strong><\/p>\n\n\n\n<p>Nijak negativn\u011b. Tadej je fenom\u00e9n. I pro m\u011b plat\u00ed sv\u00fdm p\u0159\u00edstupem k cyklistice a sv\u00fdm z\u00e1vodn\u00edm pojet\u00edm za jednoho z nejobl\u00edben\u011bj\u0161\u00edch kluk\u016f v pelotonu. Douf\u00e1m, \u017ee moje v\u00fdsledky budou takov\u00e9, aby lid\u00e9 v \u010cesku zm\u011bnili pohled a vn\u00edmali v\u0161e jinak. \u017de nejde jen o t\u00fdm Tadeje Poga\u010dara, ale i Terezy Neumanov\u00e9.<\/p>\n\n\n\n<p><strong>Jsou t\u00fdmy UAE, funguj\u00edc\u00ed v p\u0159\u00edpad\u011b mu\u017e\u016f i \u017een na World Tour \u00farovni, propojen\u00e9 nebo jde o dva zcela separ\u00e1tn\u00ed sv\u011bty?<\/strong><\/p>\n\n\n\n<p>Podle m\u00fdch informac\u00ed, ob\u011b sestavy funguj\u00ed odd\u011blen\u011b. Ale nyn\u00ed b\u011bhem podzimu m\u00e1me spole\u010dn\u00e9 soust\u0159ed\u011bn\u00ed v Ab\u00fa Dhab\u00ed, kde se sejdou v\u0161ichni lid\u00e9 z \u017eensk\u00e9ho i mu\u017esk\u00e9ho t\u00fdmu v\u010detn\u011b z\u00e1vodn\u00edk\u016f. Dal\u0161\u00ed spole\u010dn\u00e9 akce b\u011bhem sezony asi nejsou moc pravd\u011bpodobn\u00e9, proto\u017ee \u017eensk\u00fd kalend\u00e1\u0159 u\u017e je prakticky stejn\u011b nabit\u00fd jako mu\u017esk\u00fd.<\/p>\n\n\n\n<p><strong>Leto\u0161n\u00ed a minulou sezonu jste pro\u017eila v nizozemsk\u00e9 formaci Liv Racing. M\u016f\u017eete prozradit podrobnosti p\u0159esunu do t\u00fdmu UAE?<\/strong><\/p>\n\n\n\n<p>Liv Racing ve st\u00e1vaj\u00edc\u00ed podob\u011b kon\u010d\u00ed. Dojde ke slou\u017een\u00ed s t\u00fdmem Jayco, kde je rovn\u011b\u017e jedn\u00edm ze sponzor\u016f Liv. Kdy\u017e jsem vid\u011bla soupisku, moc prostoru bych asi nedostala. Proto jsem ani neusilovala o mo\u017enost prodlou\u017een\u00ed kontraktu. Nav\u00edc u\u017e na konci kv\u011btna se za\u010dala \u0159e\u0161it mo\u017enost p\u0159estupu do UAE. Debatovali jsme, jak m\u011b vid\u00ed vylo\u017een\u011b coby z\u00e1vodn\u00edci&#8230; A byla jsem nad\u0161en\u00e1, proto\u017ee ve st\u00e1vaj\u00edc\u00edm t\u00fdmu jsme ur\u010dit\u011b toto\u017en\u00fd pohled na moje uplatn\u011bn\u00ed nem\u011bli.<\/p>\n\n\n\n<figure class=\"wp-block-image size-large\"><img loading=\"lazy\" decoding=\"async\" width=\"1024\" height=\"684\" src=\"https:\/\/www.czechcyclingfederation.com\/wp-content\/uploads\/2023\/09\/BrychtaJan_UCI_WC_Glasgow_20230813_173448_DSC_3952-1024x684.jpg\" alt=\"\" class=\"wp-image-27233\" srcset=\"https:\/\/www.czechcyclingfederation.com\/wp-content\/uploads\/2023\/09\/BrychtaJan_UCI_WC_Glasgow_20230813_173448_DSC_3952-1024x684.jpg 1024w, https:\/\/www.czechcyclingfederation.com\/wp-content\/uploads\/2023\/09\/BrychtaJan_UCI_WC_Glasgow_20230813_173448_DSC_3952-300x200.jpg 300w, https:\/\/www.czechcyclingfederation.com\/wp-content\/uploads\/2023\/09\/BrychtaJan_UCI_WC_Glasgow_20230813_173448_DSC_3952-768x513.jpg 768w, https:\/\/www.czechcyclingfederation.com\/wp-content\/uploads\/2023\/09\/BrychtaJan_UCI_WC_Glasgow_20230813_173448_DSC_3952-1536x1025.jpg 1536w, https:\/\/www.czechcyclingfederation.com\/wp-content\/uploads\/2023\/09\/BrychtaJan_UCI_WC_Glasgow_20230813_173448_DSC_3952-2048x1367.jpg 2048w, https:\/\/www.czechcyclingfederation.com\/wp-content\/uploads\/2023\/09\/BrychtaJan_UCI_WC_Glasgow_20230813_173448_DSC_3952-1320x881.jpg 1320w\" sizes=\"auto, (max-width: 1024px) 100vw, 1024px\" \/><\/figure>\n\n\n\n<p><strong>Co p\u0159esn\u011b si lze pod t\u00edmhle rozd\u00edln\u00fdm pohledem p\u0159edstavit?<\/strong><\/p>\n\n\n\n<p>V&nbsp;Liv Racing jsem byla zafixovan\u00e1 jako z\u00e1vodnice pro spurty. Kdy\u017e vid\u011bli, jak\u00e9 dok\u00e1\u017eu jet watty, byli nad\u0161en\u00ed. Jen\u017ee jsem moc p\u0159\u00edle\u017eitost\u00ed sprintovat nedostala. P\u0159itom v ur\u010dit\u00fdch f\u00e1z\u00edch sezony jsem na tom byla v\u00e1\u017en\u011b dob\u0159e. Ale beru to tak, \u017ee cyklistika je t\u00fdmov\u00fd sport. Kdy\u017e jsem dostala \u00fakoly, splnila jsem je. N\u011bkter\u00e9 z\u00e1vody ur\u010dit\u011b typov\u011b ani nebyly pro m\u011b. I proto jsem byla otev\u0159en\u00e1 zm\u011bn\u011b. V UAE m\u011b nevid\u00ed jen jako sprintera. Dostanu \u0161anci i na klasik\u00e1ch, o kter\u00e9 jsem t\u0159eba letos p\u0159i\u0161la. U\u017e nebudu za\u0161katulkovan\u00e1 v jedn\u00e9 kolonce.<\/p>\n\n\n\n<p><strong>V Liv Racing jste se dostala po p\u0159ede\u0161l\u00e9 ro\u010dn\u00ed zku\u0161enosti ve \u0161pan\u011blsk\u00e9m prokontinent\u00e1ln\u00edm Burgosu mezi \u017eenskou extrat\u0159\u00eddu. Jak\u00e9 byly dva roky mezi absolutn\u00ed elitou?<\/strong><\/p>\n\n\n\n<p>Cel\u00fd m\u016fj vstup do silni\u010dn\u00ed cyklistiky byl hodn\u011b rychl\u00fd. Musela jsem to postupn\u011b zpracovat. dostala jsem se na nejv\u011bt\u0161\u00ed z\u00e1vody. Jela jsem dvakr\u00e1t Giro, absolvovala jsem Flandry \u010di Roubaix, co\u017e mi dalo stra\u0161n\u011b moc. Mo\u017enost startovat na nejv\u011bt\u0161\u00edch z\u00e1vodech byla obrovsk\u00fdm posunem po taktick\u00e9 i v\u00fdkonnostn\u00ed str\u00e1nce. Jednalo se o v\u00fdstup z komfortn\u00ed z\u00f3ny, kter\u00fd \u010dlov\u011bka posouv\u00e1<\/p>\n\n\n\n<p><strong>B\u011bhem dvou sezon jste krom\u011b \u010desk\u00e9ho titulu zapsala do statistik jedno p\u00f3diov\u00e9 um\u00edst\u011bn\u00ed na Vuelta Burgos a Tour de Swiss. \u010cekala jste, \u017ee budou dva roky v\u00fdsledkov\u011b lep\u0161\u00ed?<\/strong><\/p>\n\n\n\n<p>Vy\u017ed\u00edmala jsem z toho to nejlep\u0161\u00ed. Poka\u017ed\u00e9, kdy\u017e jsem dostala \u0161anci, fini\u0161ovala jsem v top deset nebo dokonce podium. Byla jsem schopn\u00e1 p\u0159\u00edle\u017eitost vyu\u017e\u00edt. Kdy\u017e \u010dlov\u011bk \u0161anci dlouho nedostane, je pod velk\u00fdm tlakem, aby ji pak vyu\u017eil. A to byl i m\u016fj p\u0159\u00edpad. Poka\u017ed\u00e9 jsem byla tro\u0161ku ve stresu, abych \u0161anci nepromarnila. Byly to dva roky u\u010den\u00ed. Nikdy v minulosti jsem nepom\u00e1hala, nebyla jsem zvykl\u00e1 plnit \u00fakoly pro t\u00fdm.<\/p>\n\n\n\n<p><strong>V UAE dostanete v\u00edce prostoru a p\u0159\u00edle\u017eitosti jet na vlastn\u00ed v\u00fdsledek?<\/strong><\/p>\n\n\n\n<p>V rovinat\u00fdch z\u00e1vodech je hlavn\u00ed hv\u011bzdou t\u00fdmu Chiara Consonni, \u010dty\u0159iadvacetilet\u00e1 italsk\u00e1 cyklistika. Vyhr\u00e1la posledn\u00ed etapu leto\u0161n\u00edho Gira nebo jedor\u00e1zovku Grote prijs Beerens. Ale nelze absolvovat cel\u00fd kalend\u00e1\u0159 s jednou sprinterkou. Podle domluvy s t\u00fdmem bych m\u011bla dostat hodn\u011b volnosti v kopcovit\u011bj\u0161\u00edch z\u00e1vodech, kdy \u010distokrevn\u00e9 sprinterky nep\u0159e\u017eij\u00ed. V\u011b\u0159\u00edm, \u017ee si s Chiarou sedneme. Ur\u010dit\u011b m\u00e1m dobr\u00e9 nohy na rozj\u00ed\u017ed\u011bn\u00ed spurt\u016f. Sou\u010dasn\u011b budu m\u00edt dostatek p\u0159\u00edle\u017eitost\u00ed pro vlastn\u00ed v\u00fdsledky.<\/p>\n\n\n\n<p><strong>Berete p\u0159estup jako velk\u00fd posun v kari\u00e9\u0159e?<\/strong><\/p>\n\n\n\n<p>Jako obrovsk\u00fd posun. UAE je na \u0161est\u00e9 p\u0159\u00ed\u010dce sv\u011btov\u00e9ho \u017eeb\u0159\u00ed\u010dku. Kdy\u017e se pomine letos dominantn\u00ed SD Worx, pat\u0159\u00ed m\u016fj nov\u00fd t\u00fdm mezi absolutn\u00ed \u0161pi\u010dku. Z\u00e1zem\u00ed t\u00fdmu je mnohem lep\u0161\u00ed a v\u011bt\u0161\u00ed. V\u0161echno je propracovan\u011bj\u0161\u00ed. M\u00e1me mnohem v\u011bt\u0161\u00ed t\u00fdm z hlediska servisu, lep\u0161\u00ed z\u00e1zem\u00ed. Komfort na z\u00e1vodech bude v\u011bt\u0161\u00ed. K dispozici jsou vlastn\u00ed kucha\u0159i, v\u011bt\u0161\u00ed mno\u017estv\u00ed fyzioterapeut\u016f&#8230; P\u0159esto\u017ee jsem se p\u0159esunula mezi dv\u011bma t\u00fdmy World Tour, jdu o level v\u00fd\u0161e.<\/p>\n\n\n\n<p><strong>Tu\u0161\u00edte u\u017e alespo\u0148 \u010d\u00e1ste\u010dn\u011b z\u00e1vodn\u00ed program?<\/strong><\/p>\n\n\n\n<p>V\u0161echno se bude odv\u00edjet podle v\u00fdsledk\u016f v jarn\u00edch z\u00e1vodech. J\u00e1 bych se ka\u017edop\u00e1dn\u011b v prvn\u00ed \u010d\u00e1sti m\u011bla soust\u0159edit na Roubaix. P\u0159esto\u017ee moje premi\u00e9ra letos dopadla \u0161patn\u011b a kon\u010dila jsem mimo \u010dasov\u00fd limit, d\u00e1m z\u00e1vodu je\u0161t\u011b druhou \u0161anci. P\u016fjde o jeden z vrchol\u016f moj\u00ed sezony. Velk\u00fdm c\u00edlem je pro m\u011b i olympi\u00e1da v Pa\u0159\u00ed\u017ei. Jen\u017ee ta ovliv\u0148uje cel\u00fd kalend\u00e1\u0159 z hlediska velk\u00fdch etap\u00e1k\u016f. Je dva t\u00fddny po Giru a dva t\u00fddny p\u0159ed Tour de France.&nbsp; Cht\u011bla bych se domluvit s&nbsp;t\u00fdmem tak, abych m\u011bla p\u0159\u00edle\u017eitost se p\u0159ipravit kvalitn\u011b na olympi\u00e1du a k tomu zvl\u00e1dla jednu Grand Tour v tomto obdob\u00ed, aby to bylo pro ob\u011b strany p\u0159\u00ednosn\u00e9.<\/p>\n","protected":false},"excerpt":{"rendered":"<p>\u010cesk\u00e1 cyklistika bude m\u00edt zastoupen\u00ed ve World Tour t\u00fdmu UAE! Ta zpr\u00e1va na konci pr\u00e1zdnin oslovila nejen skaln\u00ed fanou\u0161ky j\u00edzdy na kole, proto\u017ee formaci sponzorovanou \u0161ejky ze St\u0159edn\u00edho v\u00fdchodu m\u00e1 mnoho lid\u00ed spojenou s hv\u011bzdou jm\u00e9nem Tadej Poga\u010dar. Od p\u0159\u00ed\u0161t\u00edho roku bude dres st\u00e1je obl\u00e9kat Tereza Neumanov\u00e1, trojn\u00e1sobn\u00fd \u010desk\u00e1 \u0161ampionka! \u201eDomluvili jsme se na dvoulet\u00e9m [&hellip;]<\/p>\n","protected":false},"author":1,"featured_media":27145,"comment_status":"closed","ping_status":"open","sticky":false,"template":"","format":"standard","meta":{"footnotes":""},"categories":[2,18],"tags":[11],"class_list":["post-27144","post","type-post","status-publish","format-standard","has-post-thumbnail","hentry","category-novinky","category-silnice","tag-silnice"],"_links":{"self":[{"href":"https:\/\/www.czechcyclingfederation.com\/en\/wp-json\/wp\/v2\/posts\/27144","targetHints":{"allow":["GET"]}}],"collection":[{"href":"https:\/\/www.czechcyclingfederation.com\/en\/wp-json\/wp\/v2\/posts"}],"about":[{"href":"https:\/\/www.czechcyclingfederation.com\/en\/wp-json\/wp\/v2\/types\/post"}],"author":[{"embeddable":true,"href":"https:\/\/www.czechcyclingfederation.com\/en\/wp-json\/wp\/v2\/users\/1"}],"replies":[{"embeddable":true,"href":"https:\/\/www.czechcyclingfederation.com\/en\/wp-json\/wp\/v2\/comments?post=27144"}],"version-history":[{"count":4,"href":"https:\/\/www.czechcyclingfederation.com\/en\/wp-json\/wp\/v2\/posts\/27144\/revisions"}],"predecessor-version":[{"id":27235,"href":"https:\/\/www.czechcyclingfederation.com\/en\/wp-json\/wp\/v2\/posts\/27144\/revisions\/27235"}],"wp:featuredmedia":[{"embeddable":true,"href":"https:\/\/www.czechcyclingfederation.com\/en\/wp-json\/wp\/v2\/media\/27145"}],"wp:attachment":[{"href":"https:\/\/www.czechcyclingfederation.com\/en\/wp-json\/wp\/v2\/media?parent=27144"}],"wp:term":[{"taxonomy":"category","embeddable":true,"href":"https:\/\/www.czechcyclingfederation.com\/en\/wp-json\/wp\/v2\/categories?post=27144"},{"taxonomy":"post_tag","embeddable":true,"href":"https:\/\/www.czechcyclingfederation.com\/en\/wp-json\/wp\/v2\/tags?post=27144"}],"curies":[{"name":"wp","href":"https:\/\/api.w.org\/{rel}","templated":true}]}}