{"id":271,"date":"2020-05-28T02:35:01","date_gmt":"2020-05-28T00:35:01","guid":{"rendered":"http:\/\/www.czechcyclingfederation.com\/?p=271"},"modified":"2020-07-16T13:41:21","modified_gmt":"2020-07-16T11:41:21","slug":"zmeny-terminu-v-uci-kalendari-pro-silnici","status":"publish","type":"post","link":"https:\/\/www.czechcyclingfederation.com\/en\/zmeny-terminu-v-uci-kalendari-pro-silnici\/","title":{"rendered":"Zm\u011bny term\u00edn\u016f v UCI kalend\u00e1\u0159i pro silnici"},"content":{"rendered":"\n<p>Na videokonferen\u010dn\u00edm setk\u00e1n\u00ed UCI, kter\u00e9ho se z\u00fa\u010dastnili organiz\u00e1to\u0159i (AIOCC, ASO, RCS, Flanders Classics), t\u00fdmy (AIGCP) a jezdci (CPA) jednomysln\u011b schv\u00e1lili n\u011bkolik rozhodnut\u00ed t\u00fdkaj\u00edc\u00edch se revize mezin\u00e1rodn\u00edho silni\u010dn\u00edho kalend\u00e1\u0159e UCI v roce 2020:<\/p>\n\n\n\n<p><strong>Tour de France<\/strong>\u00a0je odlo\u017eena a bude se konat letos od\u00a0<strong>29. srpna do 20. z\u00e1\u0159\u00ed.<\/strong>\u00a0Kon\u00e1n\u00ed t\u00e9to akce je pova\u017eov\u00e1no za z\u00e1sadn\u00ed vzhledem k jej\u00edmu \u00fast\u0159edn\u00edmu postaven\u00ed v ekonomice cyklistiky a jej\u00ed expozici, zejm\u00e9na pro t\u00fdmy, kter\u00e9 p\u0159i t\u00e9to p\u0159\u00edle\u017eitosti t\u011b\u017e\u00ed z bezkonkuren\u010dn\u00ed viditelnosti.\u00a0<\/p>\n\n\n\n<p><strong>Mistrovstv\u00ed sv\u011bta UCI<\/strong>\u00a0v silni\u010dn\u00ed cyklistice v Aigle (\u0160v\u00fdcarsko) z\u016fst\u00e1v\u00e1 v pl\u00e1novan\u00e9m term\u00ednu,\u00a0<strong>20. \u2013 27. Z\u00e1\u0159\u00ed<\/strong>. Sout\u011b\u017en\u00ed program se nem\u011bn\u00ed.\u00a0<\/p>\n\n\n\n<p><strong>Giro d\u00b4Italia<\/strong>\u00a0se bude konat po UCI Mistrovstv\u00ed sv\u011bta\u00a0a bude n\u00e1sledovat\u00a0<strong>Vuelta.<\/strong><\/p>\n\n\n\n<p><strong>N\u00e1rodn\u00ed mistrovstv\u00ed<\/strong>\u00a0se bude konat o v\u00edkendu\u00a0<strong>22. a\u017e 23. srpna.<\/strong><\/p>\n\n\n\n<p><strong>Mistrovstv\u00ed Evropy<\/strong>\u00a0UEC z\u016fst\u00e1v\u00e1 v pl\u00e1novan\u00e9m term\u00ednu.\u00a0<\/p>\n\n\n\n<p><strong>Monumenty\u00a0<\/strong>&#8211;\u00a0Nejpresti\u017en\u011bj\u0161\u00ed jednodenn\u00ed z\u00e1vody, tj. Milano-Sanremo (It\u00e1lie), Tour des Flandres (Belgie), Pa\u0159\u00ed\u017e-Roubaix (Francie), Li\u00e8ge-Bastogne-Li\u00e8ge (Belgie) a Il Lombardia (It\u00e1lie), prob\u011bhnou v\u0161ichny v t\u00e9to sezon\u011b, v term\u00ednech, kter\u00e9 budou je\u0161t\u011b up\u0159esn\u011bny.\u00a0<\/p>\n\n\n\n<p>V odkazu naleznete podrobn\u011bj\u0161\u00ed informace t\u00fdkaj\u00edc\u00ed se zm\u011bn d\u016fle\u017eit\u00fdch term\u00edn\u016f v UCI kalend\u00e1\u0159i pro silni\u010dn\u00ed cyklistiku.\u00a0<\/p>\n\n\n\n<p><a href=\"https:\/\/www.uci.org\/inside-uci\/press-releases\/the-uci-reveals-the-broad-lines-of-the-revised-2020-uci-international-road-calendar\">https:\/\/www.uci.org\/inside-uci\/press-releases\/the-uci-reveals-the-broad-lines-of-the-revised-2020-uci-international-road-calendar<\/a><\/p>\n","protected":false},"excerpt":{"rendered":"<p>Na videokonferen\u010dn\u00edm setk\u00e1n\u00ed UCI, kter\u00e9ho se z\u00fa\u010dastnili organiz\u00e1to\u0159i (AIOCC, ASO, RCS, Flanders Classics), t\u00fdmy (AIGCP) a jezdci (CPA) jednomysln\u011b schv\u00e1lili n\u011bkolik rozhodnut\u00ed t\u00fdkaj\u00edc\u00edch se revize mezin\u00e1rodn\u00edho silni\u010dn\u00edho kalend\u00e1\u0159e UCI v roce 2020: Tour de France\u00a0je odlo\u017eena a bude se konat letos od\u00a029. srpna do 20. z\u00e1\u0159\u00ed.\u00a0Kon\u00e1n\u00ed t\u00e9to akce je pova\u017eov\u00e1no za z\u00e1sadn\u00ed vzhledem k jej\u00edmu [&hellip;]<\/p>\n","protected":false},"author":1,"featured_media":81,"comment_status":"closed","ping_status":"open","sticky":false,"template":"","format":"standard","meta":{"footnotes":""},"categories":[2],"tags":[56],"class_list":["post-271","post","type-post","status-publish","format-standard","has-post-thumbnail","hentry","category-novinky","tag-uci"],"_links":{"self":[{"href":"https:\/\/www.czechcyclingfederation.com\/en\/wp-json\/wp\/v2\/posts\/271","targetHints":{"allow":["GET"]}}],"collection":[{"href":"https:\/\/www.czechcyclingfederation.com\/en\/wp-json\/wp\/v2\/posts"}],"about":[{"href":"https:\/\/www.czechcyclingfederation.com\/en\/wp-json\/wp\/v2\/types\/post"}],"author":[{"embeddable":true,"href":"https:\/\/www.czechcyclingfederation.com\/en\/wp-json\/wp\/v2\/users\/1"}],"replies":[{"embeddable":true,"href":"https:\/\/www.czechcyclingfederation.com\/en\/wp-json\/wp\/v2\/comments?post=271"}],"version-history":[{"count":1,"href":"https:\/\/www.czechcyclingfederation.com\/en\/wp-json\/wp\/v2\/posts\/271\/revisions"}],"predecessor-version":[{"id":272,"href":"https:\/\/www.czechcyclingfederation.com\/en\/wp-json\/wp\/v2\/posts\/271\/revisions\/272"}],"wp:featuredmedia":[{"embeddable":true,"href":"https:\/\/www.czechcyclingfederation.com\/en\/wp-json\/wp\/v2\/media\/81"}],"wp:attachment":[{"href":"https:\/\/www.czechcyclingfederation.com\/en\/wp-json\/wp\/v2\/media?parent=271"}],"wp:term":[{"taxonomy":"category","embeddable":true,"href":"https:\/\/www.czechcyclingfederation.com\/en\/wp-json\/wp\/v2\/categories?post=271"},{"taxonomy":"post_tag","embeddable":true,"href":"https:\/\/www.czechcyclingfederation.com\/en\/wp-json\/wp\/v2\/tags?post=271"}],"curies":[{"name":"wp","href":"https:\/\/api.w.org\/{rel}","templated":true}]}}