{"id":27090,"date":"2023-09-10T16:53:14","date_gmt":"2023-09-10T14:53:14","guid":{"rendered":"https:\/\/www.czechcyclingfederation.com\/?p=27090"},"modified":"2023-09-10T19:42:39","modified_gmt":"2023-09-10T17:42:39","slug":"huf-a-babek-vyhrali-7-a-8-zavod-skoda-cp-v-bikrosu","status":"publish","type":"post","link":"https:\/\/www.czechcyclingfederation.com\/en\/huf-a-babek-vyhrali-7-a-8-zavod-skoda-cp-v-bikrosu\/","title":{"rendered":"Huf a B\u00e1bek vyhr\u00e1li 7. a 8. z\u00e1vod SAZKA \u010cP v\u00a0bikrosu"},"content":{"rendered":"\n<p>Sedm\u00fd a osm\u00fd z\u00e1vod bikrosov\u00e9ho SAZKA \u010cesk\u00e9ho poh\u00e1ru vyhr\u00e1li v\u00a0T\u0159inci Martin Huf (Utopia bikes Z\u00e1b\u0159eh) a Adam B\u00e1bek z\u00a0celku Bike team Uni\u010dov. Na startu tentokr\u00e1t chyb\u011bla \u010desk\u00e1 jedni\u010dka Marek Neu\u017eil z TJ Slovan Bohnice-BMX, kter\u00fd si dal kr\u00e1tk\u00fd odpo\u010dinek po n\u00e1ro\u010dn\u00e9m programu. Ve v\u0161ech kategori\u00edch se p\u0159edstavilo ka\u017ed\u00fd den t\u00e9m\u011b\u0159 250 startruj\u00edc\u00edch.<\/p>\n\n\n\n<p>Toho vyu\u017eil Jakub Klement (SK Jantar Opava), kter\u00fd skon\u010dil po oba dny na druh\u00e9m m\u00edst\u011b a bodov\u011b se v&nbsp;pr\u016fb\u011b\u017en\u00e9m hodnocen\u00ed dot\u00e1hla s&nbsp;262 body na Neu\u017eila. T\u0159et\u00ed je zat\u00edm Jakub Veseck\u00fd (SC BMX Ben\u00e1tky) s&nbsp;256 body. O celkov\u00e9m v\u00edt\u011bzi seri\u00e1lu rozhodnou tedy a\u017e dva posledn\u00ed z\u00e1vody, kter\u00e9 se uskute\u010dn\u00ed 30. z\u00e1\u0159\u00ed a 1. listopadu v&nbsp;Pardubic\u00edch a tam ji\u017e Neu\u017eil startovat bude.<\/p>\n\n\n\n<p>V\u00fdsledky:<\/p>\n\n\n\n<p>7. z\u00e1vod:<\/p>\n\n\n\n<p>Junio\u0159i, mu\u017ei U23 a mu\u017ei elite:<\/p>\n\n\n\n<p>1. Huf (Utopia bikes Z\u00e1b\u0159eh), 2. Klement (SK Jantar Opava), 3. J. Veseck\u00fd (SC BMX Ben\u00e1tky), 4. B\u00e1bek (Bike team Uni\u010dov), 5. Polesn\u00fd (Bikros club \u0158epy), 6. \u017dalman (TJ Favorit Brno), 7. Chalupn\u00fd (Bike team Uni\u010dov), 8. L. Veseck\u00fd (SC BMX Ben\u00e1tky).<\/p>\n\n\n\n<p>8. z\u00e1vod:<\/p>\n\n\n\n<p>1. B\u00e1bek, 2. Klement, 3. Chalupn\u00fd, 4. Huf, 5. J. Veseck\u00fd, 6. Sokol (TJ BMX Pardubice), 7. V. Polesn\u00fd, 8. \u017dalman.<\/p>\n\n\n\n<p>Pr\u016fb\u011b\u017en\u00e9 po\u0159ad\u00ed:<\/p>\n\n\n\n<p>1. Klement 262, 2. Neu\u017eil (TJ Slovan Bohnice-BMX) 262, 3. J. Veseck\u00fd 256, 4. Polesn\u00fd 221, 5. Chalupn\u00fd 183, 6. B\u00e1bek 178.<\/p>\n","protected":false},"excerpt":{"rendered":"<p>Sedm\u00fd a osm\u00fd z\u00e1vod bikrosov\u00e9ho SAZKA \u010cesk\u00e9ho poh\u00e1ru vyhr\u00e1li v\u00a0T\u0159inci Martin Huf (Utopia bikes Z\u00e1b\u0159eh) a Adam B\u00e1bek z\u00a0celku Bike team Uni\u010dov. Na startu tentokr\u00e1t chyb\u011bla \u010desk\u00e1 jedni\u010dka Marek Neu\u017eil z TJ Slovan Bohnice-BMX, kter\u00fd si dal kr\u00e1tk\u00fd odpo\u010dinek po n\u00e1ro\u010dn\u00e9m programu. Ve v\u0161ech kategori\u00edch se p\u0159edstavilo ka\u017ed\u00fd den t\u00e9m\u011b\u0159 250 startruj\u00edc\u00edch. Toho vyu\u017eil Jakub [&hellip;]<\/p>\n","protected":false},"author":8,"featured_media":27091,"comment_status":"closed","ping_status":"open","sticky":false,"template":"","format":"standard","meta":{"footnotes":""},"categories":[57,2],"tags":[55],"class_list":["post-27090","post","type-post","status-publish","format-standard","has-post-thumbnail","hentry","category-bmx","category-novinky","tag-bmx"],"_links":{"self":[{"href":"https:\/\/www.czechcyclingfederation.com\/en\/wp-json\/wp\/v2\/posts\/27090","targetHints":{"allow":["GET"]}}],"collection":[{"href":"https:\/\/www.czechcyclingfederation.com\/en\/wp-json\/wp\/v2\/posts"}],"about":[{"href":"https:\/\/www.czechcyclingfederation.com\/en\/wp-json\/wp\/v2\/types\/post"}],"author":[{"embeddable":true,"href":"https:\/\/www.czechcyclingfederation.com\/en\/wp-json\/wp\/v2\/users\/8"}],"replies":[{"embeddable":true,"href":"https:\/\/www.czechcyclingfederation.com\/en\/wp-json\/wp\/v2\/comments?post=27090"}],"version-history":[{"count":2,"href":"https:\/\/www.czechcyclingfederation.com\/en\/wp-json\/wp\/v2\/posts\/27090\/revisions"}],"predecessor-version":[{"id":27112,"href":"https:\/\/www.czechcyclingfederation.com\/en\/wp-json\/wp\/v2\/posts\/27090\/revisions\/27112"}],"wp:featuredmedia":[{"embeddable":true,"href":"https:\/\/www.czechcyclingfederation.com\/en\/wp-json\/wp\/v2\/media\/27091"}],"wp:attachment":[{"href":"https:\/\/www.czechcyclingfederation.com\/en\/wp-json\/wp\/v2\/media?parent=27090"}],"wp:term":[{"taxonomy":"category","embeddable":true,"href":"https:\/\/www.czechcyclingfederation.com\/en\/wp-json\/wp\/v2\/categories?post=27090"},{"taxonomy":"post_tag","embeddable":true,"href":"https:\/\/www.czechcyclingfederation.com\/en\/wp-json\/wp\/v2\/tags?post=27090"}],"curies":[{"name":"wp","href":"https:\/\/api.w.org\/{rel}","templated":true}]}}